{"id":979,"date":"2025-05-23T13:33:18","date_gmt":"2025-05-23T11:33:18","guid":{"rendered":"https:\/\/stadtlandvolk.net\/?p=979"},"modified":"2025-05-23T13:33:18","modified_gmt":"2025-05-23T11:33:18","slug":"recherchenachtrag-zu-faschistischer-veranstaltung-in-gladenbach-im-sommer-2024","status":"publish","type":"post","link":"https:\/\/stadtlandvolk.net\/?p=979","title":{"rendered":"Recherchenachtrag zu faschistischer Veranstaltung in Gladenbach im Sommer 2024"},"content":{"rendered":"\n<p>Quelle <a href=\"https:\/\/de.indymedia.org\/node\/502539\">indymedia<\/a> (10.04.2025)<\/p>\n\n\n\n<p>Am Montag den 29.07.2024 kam <strong>Martin Sellner<\/strong> in Begleitung von <strong>Paul Klem<\/strong><strong>m<\/strong> (Mitarbeiter von Compact TV) im Rahmen seiner Lesereise nach Marburg. Der nachfolgende Ablauf der Planung der Veranstaltung beruht zun\u00e4chst auf internen Ausf\u00fchrungen von Martin Sellner selbst und ist dementsprechend einzuordnen: Demnach war die Veranstaltung urspr\u00fcnglich in einer der drei Niederlassungen der Deutschen Burschenschaft in Marburg geplant. Allerdings war der gesellschaftliche Druck auf die Burschenschaften wohl zu massiv, weshalb der Veranstaltungsort gek\u00fcndigt wurde.<\/p>\n\n\n\n<p>Stattdessen wurde durch einen Strohmann ein Hotel oder Tagungszentrum als Ausweichort angemietet. Da das Orgateam davon ausging, dass auch dieser Ort abspringen w\u00fcrde, wurde parallel weiter nach einem Ausweichort gesucht &#8211; und f\u00fcr alle F\u00e4lle eine Kundgebung oder Demo vorbereitet, auf der Sellner dann auftreten sollte. Parallel plante Sellner von Wien aus eine Aktion am Erwin-Piscator-Haus (EPH), wo die b\u00fcrgerliche Gegendemonstration stattfand.<\/p>\n\n\n\n<p>Eine Aktivistin, (<strong>Carolina Me<\/strong><strong>h<\/strong><strong>rkens <\/strong>kommt <a href=\"https:\/\/stadtlandvolk.net\/?p=791\">als einzige Identit\u00e4re aus Marburg<\/a> infrage), hat den Platz vor Ort gescoutet. Au\u00dferdem wurde ein Kastenwagen gemietet und ein Ersatzauto inklusive <a href=\"https:\/\/task.noblogs.org\/post\/2023\/03\/24\/neonazi-bei-afd-waldeck-frankenberg\/\"><strong>Nils Wilhelm<\/strong><\/a> als Fahrer besorgt. Wilhelm ist Mitglied der Burschenschaft Germania Kassel und der Marburger Burschenschaft Rheinfranken und wurde 2011 vor einer klandestinen Nazidemo in Gie\u00dfen von der Polizei kontrolliert. Nur wenige Tage nach der Veranstaltung mit Sellner nahm eram Tag der Heimatreue 2024 der Partei \u201eDer Dritte Weg\u201c in Hilchenbach teil. Auch am 20.04.2024 reiste er mit Kadern der Partei aus Nordhessen zu einem Liederabend der Partei \u201eDer Dritte Weg\u201c nach Hilchenbach.<\/p>\n\n\n\n<figure class=\"wp-block-gallery has-nested-images columns-default is-cropped wp-block-gallery-1 is-layout-flex wp-block-gallery-is-layout-flex\">\n<figure class=\"wp-block-image size-large\"><img loading=\"lazy\" decoding=\"async\" width=\"1024\" height=\"683\" data-id=\"994\" src=\"https:\/\/stadtlandvolk.net\/wp-content\/uploads\/2025\/05\/111865.jpg\" alt=\"\" class=\"wp-image-994\" srcset=\"https:\/\/stadtlandvolk.net\/wp-content\/uploads\/2025\/05\/111865.jpg 1024w, https:\/\/stadtlandvolk.net\/wp-content\/uploads\/2025\/05\/111865-300x200.jpg 300w, https:\/\/stadtlandvolk.net\/wp-content\/uploads\/2025\/05\/111865-768x512.jpg 768w\" sizes=\"auto, (max-width: 1024px) 100vw, 1024px\" \/><figcaption class=\"wp-element-caption\">Carolina Mehrens (links)<\/figcaption><\/figure>\n\n\n\n<figure class=\"wp-block-image size-full\"><img loading=\"lazy\" decoding=\"async\" width=\"1024\" height=\"683\" data-id=\"1001\" src=\"https:\/\/stadtlandvolk.net\/wp-content\/uploads\/2025\/05\/111872.jpg\" alt=\"\" class=\"wp-image-1001\" srcset=\"https:\/\/stadtlandvolk.net\/wp-content\/uploads\/2025\/05\/111872.jpg 1024w, https:\/\/stadtlandvolk.net\/wp-content\/uploads\/2025\/05\/111872-300x200.jpg 300w, https:\/\/stadtlandvolk.net\/wp-content\/uploads\/2025\/05\/111872-768x512.jpg 768w\" sizes=\"auto, (max-width: 1024px) 100vw, 1024px\" \/><figcaption class=\"wp-element-caption\">Nils Wilhelm<\/figcaption><\/figure>\n<\/figure>\n\n\n\n<p>F\u00fcr die geplante Aktion reisten zwei Personen von Revolte Rheinland an, au\u00dferdem kam <strong>Sebastian Weber <\/strong>(Weichreite) aus Leipzig nach Marburg, um die Aktion zu filmen. Er sollte am EPH die Menge filmen und als \u201eJournalist\u201c getarnt beobachten. Sellner mit seinem Fahrer Nils Wilhelm sowie der Kastenwagen mit der Aktionsgruppe, zu der Carolina Merkehns, <strong>Johannes Konstantin P<\/strong><strong>oe<\/strong><strong>nsgen <\/strong>und eine weitere Person geh\u00f6rten, sollten in einer nahe gelegenen Parkgarage warten. Auf ein Zeichen von Weber w\u00e4re Sellner mit einem Megaphon in die Menge gegangen, um sie zu provozieren und abzulenken. Zeitgleich h\u00e4tte sich die Aktionsgruppe Zugang zum Dach des EPHs verschafft, um dort ein rassistisches Banner zu hissen.<br>Die Aktion wurde, so Sellner, lediglich aus Angst vor k\u00f6rperlichen Auseinandersetzungen mit \u201eAntifa-Fotographen\u201c bzw. den daraus resultierenden Bildern, in letzter Sekunde abgebrochen. Dass bei gro\u00dfen Kundgebungen am EPH regelm\u00e4\u00dfig Journalist*innen vom Dach aus dokumentieren, ist kein Geheimnis, jedoch waren Mehrkens und co offensichtlich unf\u00e4hig, dies vorab in Erfahrung zu bringen. Schlie\u00dflich wurde das Banner f\u00fcr die in diesen Augenblicken \u00fcber die Stadtautobahn anreisenden BesucherInnen der Sellner-Lesung an einer Fu\u00dfg\u00e4ngerbr\u00fccke befestigt, wo es allerdings keine 10 Minuten hing.<\/p>\n\n\n\n<figure class=\"wp-block-gallery has-nested-images columns-default is-cropped wp-block-gallery-2 is-layout-flex wp-block-gallery-is-layout-flex\">\n<figure class=\"wp-block-image size-large\"><img loading=\"lazy\" decoding=\"async\" width=\"1024\" height=\"683\" data-id=\"1003\" src=\"https:\/\/stadtlandvolk.net\/wp-content\/uploads\/2025\/05\/111874.jpg\" alt=\"\" class=\"wp-image-1003\" srcset=\"https:\/\/stadtlandvolk.net\/wp-content\/uploads\/2025\/05\/111874.jpg 1024w, https:\/\/stadtlandvolk.net\/wp-content\/uploads\/2025\/05\/111874-300x200.jpg 300w, https:\/\/stadtlandvolk.net\/wp-content\/uploads\/2025\/05\/111874-768x512.jpg 768w\" sizes=\"auto, (max-width: 1024px) 100vw, 1024px\" \/><figcaption class=\"wp-element-caption\">&#8222;Aktionsgruppe Rheinland&#8220;<\/figcaption><\/figure>\n<\/figure>\n\n\n\n<p><br>Sellners Fehlplanung, die von ihm als beschwerlicher Weg zum Erfolg dargestellt wurde, konnte schlie\u00dflich nur durch den \u201agottgesannten\u2018 <a href=\"https:\/\/stadtlandvolk.net\/?p=468\">Dorfnazi <strong>Manuel Mann<\/strong><\/a> zu einer fragw\u00fcrdigen L\u00f6sung gebracht werden. Sellners Hilferuf: \u201evielleicht kommt noch ein Wink von oben und die Veranstaltung kann doch stattfinden\u201c hat dieser anscheinend als Aufforderung verstanden und einen Veranstaltungsort in Gladenbach (siehe Foto) organisiert. Wie in diesem Artikel von StadtLandVolk aufgezeigt wurde, organisierte Mann unter anderem 2011 jene Nazidemo, auf der Nils Wilhelm kontrolliert wurde. Wegen der undurchsichtigen Rolle Manns bei dieser Demo, wurden im Nachgang zum wiederholten Mal Spitzelvorw\u00fcrfe gegen ihn laut. Es ist ein klarer antifaschistischer Erfolg, dass die Organisation der Veranstaltung ein wahrlicher Kraftakt f\u00fcr die Faschos war. Mehrfach stand sie kurz vor der Absage und mindestens eine DB Naziburschenschaft ist unter dem \u00f6ffentlichen Druck eingebrochen. Die Veranstaltung konnte nicht wie geplant um 18 Uhr in der Kernstadt stattfinden, sondern um 21 Uhr in einer Kleinstadt im Landkreis und w\u00e4re ohne den als staatlichen Spitzel verrufenen Dorfnazi Manuel Mann nicht m\u00f6glich gewesen.<\/p>\n\n\n<div class=\"wp-block-image\">\n<figure class=\"alignleft size-full is-resized\"><img loading=\"lazy\" decoding=\"async\" width=\"1024\" height=\"683\" src=\"https:\/\/stadtlandvolk.net\/wp-content\/uploads\/2025\/05\/111870.jpg\" alt=\"\" class=\"wp-image-999\" style=\"width:400px;height:auto\" srcset=\"https:\/\/stadtlandvolk.net\/wp-content\/uploads\/2025\/05\/111870.jpg 1024w, https:\/\/stadtlandvolk.net\/wp-content\/uploads\/2025\/05\/111870-300x200.jpg 300w, https:\/\/stadtlandvolk.net\/wp-content\/uploads\/2025\/05\/111870-768x512.jpg 768w\" sizes=\"auto, (max-width: 1024px) 100vw, 1024px\" \/><figcaption class=\"wp-element-caption\">Manuel Mann<\/figcaption><\/figure>\n<\/div>\n\n\n<p>Aus Sicherheitsgr\u00fcnden wurde ein Vortreffpunkt auf 18:30 am Messeplatz Marburg organisiert. Durch die Blockaden von Antifaschist_innen wurde das Erreichen dieses Treffpunkt sowie das Abfahren der bereits Anwesenden \u00fcber 30 Minuten verz\u00f6gert. Diese friedliche Sitzblockade wurde von Schl\u00e4gerbullen ger\u00e4umt, um den Faschos die Abreise von ihrem Treffpunkt zu erm\u00f6glichen. Das wirft die Frage auf, ob die Veranstaltung ohne die staatliche Unterst\u00fctzung \u00fcberhaupt m\u00f6glich gewesen w\u00e4re.<\/p>\n\n\n\n<p>\u00dcber drei Schleusungspunkte wurden die BesucherInnen nach Gladenbach gelotst. Sp\u00e4testens dort stie\u00dfen Tobias Diehl (Burschenschaft Alemannia Gie\u00dfen und Junge Alternative Hessen) und Philipp Schmuck (Normannia Leipzig zu Marburg) dazu. Beide waren in die Organistation der Veranstaltung eingebunden.<\/p>\n\n\n\n<figure class=\"wp-block-gallery has-nested-images columns-default is-cropped wp-block-gallery-3 is-layout-flex wp-block-gallery-is-layout-flex\">\n<figure class=\"wp-block-image size-large\"><img loading=\"lazy\" decoding=\"async\" width=\"1024\" height=\"683\" data-id=\"1002\" src=\"https:\/\/stadtlandvolk.net\/wp-content\/uploads\/2025\/05\/111873.jpg\" alt=\"\" class=\"wp-image-1002\" srcset=\"https:\/\/stadtlandvolk.net\/wp-content\/uploads\/2025\/05\/111873.jpg 1024w, https:\/\/stadtlandvolk.net\/wp-content\/uploads\/2025\/05\/111873-300x200.jpg 300w, https:\/\/stadtlandvolk.net\/wp-content\/uploads\/2025\/05\/111873-768x512.jpg 768w\" sizes=\"auto, (max-width: 1024px) 100vw, 1024px\" \/><figcaption class=\"wp-element-caption\">Phillip Schmuck (mit Sturmhaube)<\/figcaption><\/figure>\n\n\n\n<figure class=\"wp-block-image size-large\"><img loading=\"lazy\" decoding=\"async\" width=\"1024\" height=\"683\" data-id=\"1005\" src=\"https:\/\/stadtlandvolk.net\/wp-content\/uploads\/2025\/05\/111876.jpg\" alt=\"\" class=\"wp-image-1005\" srcset=\"https:\/\/stadtlandvolk.net\/wp-content\/uploads\/2025\/05\/111876.jpg 1024w, https:\/\/stadtlandvolk.net\/wp-content\/uploads\/2025\/05\/111876-300x200.jpg 300w, https:\/\/stadtlandvolk.net\/wp-content\/uploads\/2025\/05\/111876-768x512.jpg 768w\" sizes=\"auto, (max-width: 1024px) 100vw, 1024px\" \/><figcaption class=\"wp-element-caption\">Tobias Diehl<\/figcaption><\/figure>\n<\/figure>\n\n\n\n<p>Philipp Schmuck war bereits 2015 in die <a href=\"https:\/\/stadtlandvolk.net\/?p=702\">Organisation eine JN Camps eingebunden<\/a>. Einige Tage sp\u00e4ter lie\u00df Martin Sellner auf Telegram verlauten, dass das Auto eines \u201eMitorganisators\u201c aufgefunden wurde: Mit Farbe bespr\u00fcht, die Reifen zerstochen und der Auspuff mit Bauschaum verstopft. Das Automodell und dessen urspr\u00fcngliche Farbe entsprechen dem Fahrzeug von Philipp Schmuck. Es gab noch einenen weiteren unbekannten Mitorganisator (siehe Bild)<\/p>\n\n\n\n<figure class=\"wp-block-gallery has-nested-images columns-default is-cropped wp-block-gallery-4 is-layout-flex wp-block-gallery-is-layout-flex\">\n<figure class=\"wp-block-image size-large\"><img loading=\"lazy\" decoding=\"async\" width=\"1024\" height=\"768\" data-id=\"1008\" src=\"https:\/\/stadtlandvolk.net\/wp-content\/uploads\/2025\/05\/Auto-1024x768.jpg\" alt=\"\" class=\"wp-image-1008\" srcset=\"https:\/\/stadtlandvolk.net\/wp-content\/uploads\/2025\/05\/Auto-1024x768.jpg 1024w, https:\/\/stadtlandvolk.net\/wp-content\/uploads\/2025\/05\/Auto-300x225.jpg 300w, https:\/\/stadtlandvolk.net\/wp-content\/uploads\/2025\/05\/Auto-768x576.jpg 768w, https:\/\/stadtlandvolk.net\/wp-content\/uploads\/2025\/05\/Auto-80x60.jpg 80w, https:\/\/stadtlandvolk.net\/wp-content\/uploads\/2025\/05\/Auto.jpg 1280w\" sizes=\"auto, (max-width: 1024px) 100vw, 1024px\" \/><figcaption class=\"wp-element-caption\">Schmucks Auto<\/figcaption><\/figure>\n\n\n\n<figure class=\"wp-block-image size-large\"><img loading=\"lazy\" decoding=\"async\" width=\"242\" height=\"484\" data-id=\"991\" src=\"https:\/\/stadtlandvolk.net\/wp-content\/uploads\/2025\/05\/111862.png\" alt=\"\" class=\"wp-image-991\" srcset=\"https:\/\/stadtlandvolk.net\/wp-content\/uploads\/2025\/05\/111862.png 242w, https:\/\/stadtlandvolk.net\/wp-content\/uploads\/2025\/05\/111862-150x300.png 150w\" sizes=\"auto, (max-width: 242px) 100vw, 242px\" \/><figcaption class=\"wp-element-caption\">Unbekannter Mitorganisator<\/figcaption><\/figure>\n<\/figure>\n\n\n\n<p><br><br><strong>BesucherInnen:<\/strong><\/p>\n\n\n\n<p><strong>Nick Schmittberger (geb. 09.05.1998)<\/strong><\/p>\n\n\n<div class=\"wp-block-image\">\n<figure class=\"alignleft size-full is-resized\"><img loading=\"lazy\" decoding=\"async\" width=\"1024\" height=\"683\" src=\"https:\/\/stadtlandvolk.net\/wp-content\/uploads\/2025\/05\/111871.jpg\" alt=\"\" class=\"wp-image-1000\" style=\"width:356px;height:auto\" srcset=\"https:\/\/stadtlandvolk.net\/wp-content\/uploads\/2025\/05\/111871.jpg 1024w, https:\/\/stadtlandvolk.net\/wp-content\/uploads\/2025\/05\/111871-300x200.jpg 300w, https:\/\/stadtlandvolk.net\/wp-content\/uploads\/2025\/05\/111871-768x512.jpg 768w\" sizes=\"auto, (max-width: 1024px) 100vw, 1024px\" \/><\/figure>\n<\/div>\n\n\n<p>Beisitzer im Vorstand des AfD Kreisverbandes Marburg-Biedenkopf. Er nahm bereits an der <a href=\"https:\/\/www.lebensbund.org\/veranstaltungen-test\/\">Veranstaltung der Naziburschenschaft Germania Marburg<\/a> 2022 mit Marcus Follin und Max Reinhard teil. Er studiert Politikwissenschaften im f\u00fcnften Semester in Marburg und war zeitweise Mitglied der Marburger Burschenschaft Alemannia. Anfang September 2024 war Nick Schmittberger gemeinsam mit der Delegation der AfD Marburg Biedenkopf bei Landesparteitag der AfD Hessen in Hofheim anwesend.<\/p>\n\n\n\n<p><strong>Behrouz Sajjad<\/strong><\/p>\n\n\n<div class=\"wp-block-image\">\n<figure class=\"alignleft size-full is-resized\"><img loading=\"lazy\" decoding=\"async\" width=\"1024\" height=\"683\" src=\"https:\/\/stadtlandvolk.net\/wp-content\/uploads\/2025\/05\/111863.jpg\" alt=\"\" class=\"wp-image-992\" style=\"width:350px;height:auto\" srcset=\"https:\/\/stadtlandvolk.net\/wp-content\/uploads\/2025\/05\/111863.jpg 1024w, https:\/\/stadtlandvolk.net\/wp-content\/uploads\/2025\/05\/111863-300x200.jpg 300w, https:\/\/stadtlandvolk.net\/wp-content\/uploads\/2025\/05\/111863-768x512.jpg 768w\" sizes=\"auto, (max-width: 1024px) 100vw, 1024px\" \/><\/figure>\n<\/div>\n\n\n<p>Trat 2021 f\u00fcr die Liberale Hochschugruppe Marburg bei den Universit\u00e4tswahlen auf Listenplatz 6 f\u00fcr das Studierendenparlament an. 2021 besuchte er ebenfalls den Vortrag auf dem Haus der Naziburschenschaft Normannia Leipzig zu Marburg von Alexander Schleyer, der mit den Identit\u00e4ren eine Propagandamission im Mittelmeer durchgef\u00fchrt hatte. 2023 lie\u00df er sich noch mit Christian Linder im Cineplex fotografieren und machte Wahlwerbung f\u00fcr die FDP. Au\u00dferdem ist er in der Ausleihbar und der Lutherischen Pfarrkirche aktiv.<\/p>\n\n\n\n<p><strong>Kevin Scheuner (geb. 05.10.1988)<\/strong><\/p>\n\n\n<div class=\"wp-block-image\">\n<figure class=\"alignleft size-full is-resized\"><img loading=\"lazy\" decoding=\"async\" width=\"1024\" height=\"683\" src=\"https:\/\/stadtlandvolk.net\/wp-content\/uploads\/2025\/05\/111869.jpg\" alt=\"\" class=\"wp-image-998\" style=\"width:354px;height:auto\" srcset=\"https:\/\/stadtlandvolk.net\/wp-content\/uploads\/2025\/05\/111869.jpg 1024w, https:\/\/stadtlandvolk.net\/wp-content\/uploads\/2025\/05\/111869-300x200.jpg 300w, https:\/\/stadtlandvolk.net\/wp-content\/uploads\/2025\/05\/111869-768x512.jpg 768w\" sizes=\"auto, (max-width: 1024px) 100vw, 1024px\" \/><\/figure>\n<\/div>\n\n\n<p>Ist Nachr\u00fccker im Betriebsrat desVerein zur F\u00f6rderung der Inklusion behinderter Menschen e.V. Marburg f\u00fcr die Liste Kommunikation, Zusammenarbeit und Arbeitsrecht gewesen. Aktuell scheint er arbeitslos zu sein.<\/p>\n\n\n\n<p><\/p>\n\n\n\n<p><\/p>\n\n\n\n<p><br><br><br><br><strong>Eckart Holzgrefe (geb. 02.05.1964)<\/strong><\/p>\n\n\n<div class=\"wp-block-image\">\n<figure class=\"alignleft size-large is-resized\"><img loading=\"lazy\" decoding=\"async\" width=\"1024\" height=\"922\" src=\"https:\/\/stadtlandvolk.net\/wp-content\/uploads\/2025\/05\/111867-e1747998999375-1024x922.jpg\" alt=\"\" class=\"wp-image-996\" style=\"width:360px;height:auto\" srcset=\"https:\/\/stadtlandvolk.net\/wp-content\/uploads\/2025\/05\/111867-e1747998999375-1024x922.jpg 1024w, https:\/\/stadtlandvolk.net\/wp-content\/uploads\/2025\/05\/111867-e1747998999375-300x270.jpg 300w, https:\/\/stadtlandvolk.net\/wp-content\/uploads\/2025\/05\/111867-e1747998999375-768x691.jpg 768w, https:\/\/stadtlandvolk.net\/wp-content\/uploads\/2025\/05\/111867-e1747998999375.jpg 1300w\" sizes=\"auto, (max-width: 1024px) 100vw, 1024px\" \/><\/figure>\n<\/div>\n\n\n<p>Geb. am 2. Mai 1964, in Bergen (LK Celle),&nbsp;Studium der Rechtswissenschaften in Marburg, T\u00e4tigkeit als Rechtsanwalt, Alter Herr der Burschenschaft Alemannia und Mitglied des VfL 1860 Marburg, Abteilung Sportfechten, sowie Mitglied der Sektion M\u00fcnchen des DAV und Angeh\u00f6riger der Landsmannschaft&nbsp;Schlesien<\/p>\n\n\n\n<p><\/p>\n\n\n\n<p><\/p>\n\n\n\n<p><a href=\"https:\/\/www.dokunetzwerk.org\/2024\/07\/29\/vortrag-von-martin-sellner-im-marburger-umland\/20240729mar027\/\"><\/a><br><br><br><strong>Thomas Espey<\/strong><a href=\"https:\/\/www.dokunetzwerk.org\/2024\/07\/29\/vortrag-von-martin-sellner-im-marburger-umland\/20240729mar027\/\"><\/a>(mit Handy), Gr\u00fcnder &#8222;Herborn steht auf&#8220;<\/p>\n\n\n\n<figure class=\"wp-block-image size-large\"><img loading=\"lazy\" decoding=\"async\" width=\"1024\" height=\"769\" src=\"https:\/\/stadtlandvolk.net\/wp-content\/uploads\/2025\/05\/111875-1024x769.jpg\" alt=\"\" class=\"wp-image-1004\" srcset=\"https:\/\/stadtlandvolk.net\/wp-content\/uploads\/2025\/05\/111875-1024x769.jpg 1024w, https:\/\/stadtlandvolk.net\/wp-content\/uploads\/2025\/05\/111875-300x225.jpg 300w, https:\/\/stadtlandvolk.net\/wp-content\/uploads\/2025\/05\/111875-768x577.jpg 768w, https:\/\/stadtlandvolk.net\/wp-content\/uploads\/2025\/05\/111875-1536x1153.jpg 1536w, https:\/\/stadtlandvolk.net\/wp-content\/uploads\/2025\/05\/111875-2048x1538.jpg 2048w, https:\/\/stadtlandvolk.net\/wp-content\/uploads\/2025\/05\/111875-80x60.jpg 80w\" sizes=\"auto, (max-width: 1024px) 100vw, 1024px\" \/><\/figure>\n\n\n\n<p><br><br><strong>Wolfram Junker<\/strong> und<strong> Annette Junker<\/strong><\/p>\n\n\n\n<figure class=\"wp-block-image size-large\"><img loading=\"lazy\" decoding=\"async\" width=\"1024\" height=\"683\" src=\"https:\/\/stadtlandvolk.net\/wp-content\/uploads\/2025\/05\/111877-1024x683.jpg\" alt=\"\" class=\"wp-image-1006\" srcset=\"https:\/\/stadtlandvolk.net\/wp-content\/uploads\/2025\/05\/111877-1024x683.jpg 1024w, https:\/\/stadtlandvolk.net\/wp-content\/uploads\/2025\/05\/111877-300x200.jpg 300w, https:\/\/stadtlandvolk.net\/wp-content\/uploads\/2025\/05\/111877-768x512.jpg 768w, https:\/\/stadtlandvolk.net\/wp-content\/uploads\/2025\/05\/111877-1536x1024.jpg 1536w, https:\/\/stadtlandvolk.net\/wp-content\/uploads\/2025\/05\/111877-2048x1366.jpg 2048w\" sizes=\"auto, (max-width: 1024px) 100vw, 1024px\" \/><\/figure>\n\n\n\n<p><br><br><strong>Evelina Mavrina<\/strong>, Kassel<\/p>\n\n\n\n<figure class=\"wp-block-image size-large\"><img loading=\"lazy\" decoding=\"async\" width=\"1024\" height=\"769\" src=\"https:\/\/stadtlandvolk.net\/wp-content\/uploads\/2025\/05\/111868-1024x769.jpg\" alt=\"\" class=\"wp-image-997\" srcset=\"https:\/\/stadtlandvolk.net\/wp-content\/uploads\/2025\/05\/111868-1024x769.jpg 1024w, https:\/\/stadtlandvolk.net\/wp-content\/uploads\/2025\/05\/111868-300x225.jpg 300w, https:\/\/stadtlandvolk.net\/wp-content\/uploads\/2025\/05\/111868-768x577.jpg 768w, https:\/\/stadtlandvolk.net\/wp-content\/uploads\/2025\/05\/111868-1536x1153.jpg 1536w, https:\/\/stadtlandvolk.net\/wp-content\/uploads\/2025\/05\/111868-2048x1538.jpg 2048w, https:\/\/stadtlandvolk.net\/wp-content\/uploads\/2025\/05\/111868-80x60.jpg 80w\" sizes=\"auto, (max-width: 1024px) 100vw, 1024px\" \/><\/figure>\n\n\n\n<p><br><br><strong>Christopher Tamm<\/strong>, AfD Prignitz, dort Kommunalpolitiker<\/p>\n\n\n\n<figure class=\"wp-block-image size-large\"><img loading=\"lazy\" decoding=\"async\" width=\"1024\" height=\"683\" src=\"https:\/\/stadtlandvolk.net\/wp-content\/uploads\/2025\/05\/111866-1024x683.jpg\" alt=\"\" class=\"wp-image-995\" srcset=\"https:\/\/stadtlandvolk.net\/wp-content\/uploads\/2025\/05\/111866-1024x683.jpg 1024w, https:\/\/stadtlandvolk.net\/wp-content\/uploads\/2025\/05\/111866-300x200.jpg 300w, https:\/\/stadtlandvolk.net\/wp-content\/uploads\/2025\/05\/111866-768x512.jpg 768w, https:\/\/stadtlandvolk.net\/wp-content\/uploads\/2025\/05\/111866-1536x1024.jpg 1536w, https:\/\/stadtlandvolk.net\/wp-content\/uploads\/2025\/05\/111866-2048x1365.jpg 2048w\" sizes=\"auto, (max-width: 1024px) 100vw, 1024px\" \/><\/figure>\n\n\n\n<p><br>In Gladenbach versammelte sich der Flickenteppich der extremen Rechten von der Jungen Alternative und der AfD, \u00fcber Identit\u00e4re und ehemalige Freie Kamaradschaftsangeh\u00f6rige, bis hin zu Personen, die auch aus Kontexten der Jungen Nationalisten der NPD (heute die Heimat) sowie der Partei Der Dritte Weg, Burschenschaften und vom sogenannten Mittelhessenkorso bekannt sind.<\/p>\n\n\n\n<p>Auch wenn Sellners Besuch in Marburg auf gro\u00dfen Widerstand traf, konnte er sich \u00f6ffentlichkeitswirksam ins gemachte politmediale Nest, welches ihm Bj\u00f6rn Wiskers (Oberhessische Presse), Blaulicht Marburg und Konsorten in den Wochen vor seinem Auftritt bereiteten, setzen. Sie teilten seine Instastories und platzierten seine propagandistischen Aufrufe in der Lokalpresse. Auch in der Berichterstattung \u00fcber die Veranstaltung lie\u00dfen sich diese Pressevertreter vor den Karren der Faschos spannen, indem sie ihre Begriffe \u00fcbernahmen und ihre Propaganda \u00fcber den Ablauf des Tagesunhinterfragt wiedergaben. Jedoch wurden auch von verlautbarten Gegner*innen des rechten Zusammenkommens, wie dem Oberb\u00fcrgermeister Thomas Spie\u00df, die Schlagworte der Faschos wiederholt und dadurch im Diskurs gefestigt. Deshalb geh\u00f6rt leider zur Wahrheit: die Pressestrategie von Sellner hat funktioniert. Im letzteren Fall sicherlich aus un\u00fcberlegtem Handeln, in anderen F\u00e4llen jedoch aus sicherem politischen Kalk\u00fcl. F\u00fcr Presseschaffende wie Bj\u00f6rn Wiskers oder Blaulicht Marburg steht der politische Feind links. Durch eine solche Pressearbeitwirdauch in Marburg an einem inhaltlichen Schulterschluss zwischen Faschos und Konservativen gearbeitet.<\/p>\n\n\n\n<p>Die Bilanz des Tages ist im Gesamtbild klar positiv. Sellner konnte seine Veranstaltung nur unter schweren H\u00fcrden und in einem kl\u00e4glichen Rahmen abhalten. Antifaschistischer Protest hat den urspr\u00fcnglichen Plan verunm\u00f6glicht und den Ausweichplan in seiner Durchf\u00fchrung behindert.<br>Sein Ziel, Personen zu sch\u00fctzen, die nicht erkannt werden wollten, hat er ebenso wenig erf\u00fcllt. Eine antifaschistische Bilddokumentation des Veranstaltung, erm\u00f6glichte eine Identifikation fast aller anwesenden BesucherInnen.<br>Dar\u00fcber hinaus sollte den Faschos aus der Region klar sein: Im Zweifel f\u00e4llt es auf sie zur\u00fcck, wenn Einzelne von ihnen versuchen, die von Sellner und anderen Rechten propagierte Politik in der Region umzusetzen!<\/p>\n","protected":false},"excerpt":{"rendered":"<p>Quelle indymedia (10.04.2025) Am Montag den 29.07.2024 kam Martin Sellner in Begleitung von Paul Klemm (Mitarbeiter von Compact TV) im Rahmen seiner Lesereise nach Marburg. Der nachfolgende Ablauf der Planung der Veranstaltung beruht zun\u00e4chst auf internen Ausf\u00fchrungen von Martin Sellner selbst und ist dementsprechend einzuordnen: Demnach war die Veranstaltung urspr\u00fcnglich in einer der drei Niederlassungen der Deutschen Burschenschaft in Marburg geplant. Allerdings war der gesellschaftliche Druck auf die Burschenschaften wohl zu massiv, weshalb der Veranstaltungsort gek\u00fcndigt wurde. Stattdessen wurde durch einen Strohmann ein Hotel oder Tagungszentrum als Ausweichort angemietet. Da das Orgateam davon ausging, dass auch dieser Ort abspringen w\u00fcrde, wurde parallel weiter nach einem Ausweichort gesucht &#8211; und f\u00fcr alle F\u00e4lle eine Kundgebung oder Demo vorbereitet, auf der Sellner dann auftreten sollte. Parallel plante Sellner von Wien aus eine Aktion am Erwin-Piscator-Haus (EPH), wo die b\u00fcrgerliche Gegendemonstration stattfand. Eine Aktivistin, (Carolina Mehrkens kommt als einzige Identit\u00e4re aus Marburg infrage), hat den Platz vor Ort gescoutet. Au\u00dferdem wurde ein Kastenwagen gemietet und ein Ersatzauto inklusive Nils Wilhelm als Fahrer besorgt. Wilhelm ist Mitglied der Burschenschaft Germania Kassel und der Marburger Burschenschaft Rheinfranken und wurde 2011 vor einer klandestinen Nazidemo in Gie\u00dfen von der Polizei kontrolliert. Nur wenige Tage nach der [&#8230;]<\/p>\n","protected":false},"author":1,"featured_media":990,"comment_status":"closed","ping_status":"open","sticky":false,"template":"","format":"standard","meta":{"footnotes":""},"categories":[1,1231],"tags":[10,94,50,1253,1237,373,1250,1243,1239,1082,1252,104,312,11,1246,1251,1248,27,69,1236,53,1054,1245,1244,967,38,1074,190,1242,1241,1233,126,1232,1240,1234,1247,1238,1235,1249],"class_list":["post-979","post","type-post","status-publish","format-standard","has-post-thumbnail","hentry","category-allgemein","category-artikel-2025","tag-afd","tag-afd-hessen","tag-afd-marburg-biedenkopf","tag-afd-prignitz","tag-aktionsgruppe-rheinland","tag-alemannia-marburg","tag-annette-junker","tag-behrouz-sajjad","tag-burschenschaft-alemannia-giessen","tag-carolina-mehrkens","tag-christopher-tamm","tag-compact","tag-compact-tv","tag-deutsche-burschenschaft","tag-eckart-holzgrefe","tag-evelina-mavrina","tag-herborn-steht-auf","tag-identitaere","tag-iii-weg","tag-johannes-konstantin-poensgen","tag-junge-alternative-hessen","tag-junge-nationalisten","tag-kevin-scheuner","tag-liberale-hochschugruppe-marburg","tag-manuel-mann","tag-marburger-burschenschaft-germania","tag-marcus-follin","tag-martin-sellner","tag-max-reinhard","tag-nick-schmittberger","tag-nils-wilhelm","tag-normania-leipzig-zu-marburg","tag-paul-klemm","tag-philipp-schmuck","tag-sebastian-weber","tag-thomas-espey","tag-tobias-diehl","tag-weichreite","tag-wolfram-junker"],"_links":{"self":[{"href":"https:\/\/stadtlandvolk.net\/index.php?rest_route=\/wp\/v2\/posts\/979","targetHints":{"allow":["GET"]}}],"collection":[{"href":"https:\/\/stadtlandvolk.net\/index.php?rest_route=\/wp\/v2\/posts"}],"about":[{"href":"https:\/\/stadtlandvolk.net\/index.php?rest_route=\/wp\/v2\/types\/post"}],"author":[{"embeddable":true,"href":"https:\/\/stadtlandvolk.net\/index.php?rest_route=\/wp\/v2\/users\/1"}],"replies":[{"embeddable":true,"href":"https:\/\/stadtlandvolk.net\/index.php?rest_route=%2Fwp%2Fv2%2Fcomments&post=979"}],"version-history":[{"count":6,"href":"https:\/\/stadtlandvolk.net\/index.php?rest_route=\/wp\/v2\/posts\/979\/revisions"}],"predecessor-version":[{"id":1012,"href":"https:\/\/stadtlandvolk.net\/index.php?rest_route=\/wp\/v2\/posts\/979\/revisions\/1012"}],"wp:featuredmedia":[{"embeddable":true,"href":"https:\/\/stadtlandvolk.net\/index.php?rest_route=\/wp\/v2\/media\/990"}],"wp:attachment":[{"href":"https:\/\/stadtlandvolk.net\/index.php?rest_route=%2Fwp%2Fv2%2Fmedia&parent=979"}],"wp:term":[{"taxonomy":"category","embeddable":true,"href":"https:\/\/stadtlandvolk.net\/index.php?rest_route=%2Fwp%2Fv2%2Fcategories&post=979"},{"taxonomy":"post_tag","embeddable":true,"href":"https:\/\/stadtlandvolk.net\/index.php?rest_route=%2Fwp%2Fv2%2Ftags&post=979"}],"curies":[{"name":"wp","href":"https:\/\/api.w.org\/{rel}","templated":true}]}}