{"id":878,"date":"2023-11-06T22:35:54","date_gmt":"2023-11-06T21:35:54","guid":{"rendered":"https:\/\/stadtlandvolk.net\/?p=878"},"modified":"2023-11-07T08:11:22","modified_gmt":"2023-11-07T07:11:22","slug":"die-verbindungen-der-germania-giessen","status":"publish","type":"post","link":"https:\/\/stadtlandvolk.net\/?p=878","title":{"rendered":"Die Verbindungen der Germania Gie\u00dfen"},"content":{"rendered":"\n<p><em>Dieser Artikel soll die j\u00fcngere Geschichte und Sozialisation der Burschenschaft und ihrer Alten Herren in der Deutschen Burschenschaft (DB) sowie aktuelle Verbindungen zu extrem Rechten Burschenschaftern aufzeigen. Au\u00dferdem erl\u00e4utert er die Funktion der Germania Gie\u00dfen als Bindeglied von Konservatismus und extremer Rechter. Anlass ist nicht zuletzt der versuchte Brandanschlag auf das linke Kulturzentrum AK44 in Gie\u00dfen, in den \u2013 zu dem Zeitpunkt \u2013 Aktive der Germania involviert waren.<\/em><\/p>\n\n\n\n<p>In der Nacht vom 24. auf den 25. April 2023 wurden zwei Personen bei dem Versuch ertappt, am Haus des AK44 geparkte Autos mit Hilfe von Brandbeschleuniger anzuz\u00fcnden. Hierbei wurden an den Personen die Farben der Burschenschaft Germania in Form des Burschenbandes erkannt. Die Germania hat auf den versuchten Brandanschlag auf das AK44 mit einem de-facto Rauswurf eines Beschuldigten reagiert. Diese Reaktion soll offenbar entschlossenes Handeln suggerieren, doch wie auch das AK44 in einer <a href=\"https:\/\/ak44-giessen.de\/danke-fuer-die-breite-solidaritaet-den-burschis-den-tag-versauen\/\">Pressemitteilung<\/a> feststellte, reagierte die Germania genau in dem Rahmen, der ihnen pr\u00e4sentiert wurde. Das bedeutet: bei einer Person konnten sie sich sicher sein, dass er erkannt wurde und legten ihm offenbar nahe &#8211; oder n\u00f6tigten ihn m\u00f6glicherweise gar &#8211; aus der Burschenschaft auszutreten, um Schaden vom Bund abzuwenden. Ein mit dem Vereinsrecht konformer Rauswurf ist \u00fcber Nacht kaum m\u00f6glich. Dass Burschenschafter solche Dinge anders regeln, unterstreicht deren undemokratisches Wesen. Bei der zweiten Person scheinen sie allerdings zu glauben, dass diese unbekannt ist; demnach passierte ihr nichts, obwohl auch in der Burschenschaft klar sein d\u00fcrfte, wer der zweite T\u00e4ter ist. Die Art und Weise, wie die Germania mit dieser Personalia umgegangen ist, entlarvt deren berechnendes Vorgehen und den Versuch, m\u00f6glichst viel zu vertuschen. Demnach ging und geht es der Burschenschaft lediglich darum, ihr Prinzip, ihren Ruf und ihre Struktur zu sch\u00fctzen. So l\u00e4sst sich der Sprecher des Altherrenverband der Germania Axel Oeljeschl\u00e4ger in der Presse mit dreisten Behauptungen zitieren, \u201edas freie Wort f\u00fcr jedermann\u201c sei Prinzip der burschenschaftlichen Idee \u201eauch und gerade in der Diskussion mit politisch Andersdenkenden\u201c. Dass es vor wenigen Jahren Burschenschafter aus der Germania waren, die an der Uni Gie\u00dfen versuchten, sich in Positionen w\u00e4hlen zu lassen, um u.a. in R\u00e4ume von FLINTA*-Personen einzudringen, diese zu zerm\u00fcrben und deren Projekte zu verhindern, d\u00fcrften Beispiel genug sein, wie Oeljeschl\u00e4gers Worte innerhalb der Germania verstanden werden. Unterdessen tut ihr Dachverband, die Allgemeine Deutsche Burschenschaft (ADB), so, als h\u00e4tte sie mit alledem nichts zu tun. Das Gegenteil ist der Fall: die Germania Gie\u00dfen war im Gesch\u00e4ftsjahr 2021 Vorsitzende des Dachverbandes und nahezu alle Aktivitas waren in die Verbandsarbeit involviert.<\/p>\n\n\n\n<figure class=\"wp-block-image size-large\"><img loading=\"lazy\" decoding=\"async\" width=\"1024\" height=\"515\" src=\"https:\/\/stadtlandvolk.net\/wp-content\/uploads\/2023\/11\/Hocker_Nicholas_Janetzky_Jonathan_Katz.cleaned-1024x515.jpg\" alt=\"\" class=\"wp-image-885\" srcset=\"https:\/\/stadtlandvolk.net\/wp-content\/uploads\/2023\/11\/Hocker_Nicholas_Janetzky_Jonathan_Katz.cleaned-1024x515.jpg 1024w, https:\/\/stadtlandvolk.net\/wp-content\/uploads\/2023\/11\/Hocker_Nicholas_Janetzky_Jonathan_Katz.cleaned-300x151.jpg 300w, https:\/\/stadtlandvolk.net\/wp-content\/uploads\/2023\/11\/Hocker_Nicholas_Janetzky_Jonathan_Katz.cleaned-768x386.jpg 768w, https:\/\/stadtlandvolk.net\/wp-content\/uploads\/2023\/11\/Hocker_Nicholas_Janetzky_Jonathan_Katz.cleaned.jpg 1404w\" sizes=\"auto, (max-width: 1024px) 100vw, 1024px\" \/><figcaption class=\"wp-element-caption\">\u201e<em>Germanen\u201c in der ersten Reihe, bei ADB-Veranstaltung mit Gastredner Ralf H\u00f6cker (WerteUnion).<\/em> <em>Neben H\u00f6cker steht der damalige ADB-Verbandsrat Nicolas Janetzky und der Aktivensprecher der Germania sowie zwischenzeitlich stellvertretender Verbandsvorsitzende der ADB Jonathan Katz<\/em><\/figcaption><\/figure>\n\n\n\n<p><strong>Deutsche Burschenschaft (DB)<\/strong><br>2008 ist die Germania Gie\u00dfen aus dem extrem Rechten Dachverband Deutsche Burschenschaft ausgetreten. Ein Austritt, der offenbar den Entwicklungen im Dachverband geschuldet war. Positionen, wie sie die DB vertrat, und eine Debatte um Stauffenberg passten in ihrer Direktheit nicht zu einer Burschenschaft, die gesellschaftsrelevant sein will. Die M\u00f6glichkeit f\u00fcr Burschenschafter, das eigene reaktion\u00e4re Weltbild in Realpolitik umzusetzen, war vor der AfD begrenzter. Axel Oeljeschl\u00e4ger selbst war beispielsweise als Aktiver und viele Jahre auch als Alter Herr unter dem Dach der Germania in der Deutschen Burschenschaft organisiert und in Funktionen aktiv. Parallel dazu war und ist er in der CDU und ist 2011 f\u00fcr diese in die Stadtverordnetenversammlung in M\u00fcnzenberg eingezogen.<sup data-fn=\"d8c269f0-4265-4d94-b709-979d5d6fe431\" class=\"fn\"><a href=\"#d8c269f0-4265-4d94-b709-979d5d6fe431\" id=\"d8c269f0-4265-4d94-b709-979d5d6fe431-link\">1<\/a><\/sup> Oeljeschl\u00e4gers Twitterkanal wie auch die in j\u00fcngerer Vergangenheit geladenen Redner in der Germania unterstreichen, in welchem Spektrum sie zu verorten sind; der rechte Publizist Roland Tichy und der CDU-Politiker Hans-Georg Maa\u00dfen sprachen vor wenigen Monaten im Haus der Burschenschaft. Diese wie auch Markus Krall oder Erika Steinbach finden sich auf Oeljeschl\u00e4gers Kanal gleicherma\u00dfen wie die Tweets der Jungen Freiheit. Sie alle repr\u00e4sentieren den flie\u00dfenden \u00dcbergang von Konservatismus zur extremer Rechter. Darunter finden sich diverse Positionen, die gleicherma\u00dfen bei der CDU, wie auch der AFD zu finden sind.<\/p>\n\n\n\n<p>Dies gilt auch f\u00fcr das Verh\u00e4ltnis der Germania zur DB: allzu deutlich sollen Inhalte nicht formuliert werden, dennoch sind inhaltliche Distanzierungen kaum m\u00f6glich und finden daher so gut wie nie statt. Das spiegelt sich auch in den Verbindungen wieder, die vom Haus der Germania aus gekn\u00fcpft werden. Beispiel hierf\u00fcr ist der Umgang mit der Marburger Burschenschaft Rheinfranken. Die in der DB organisierte Burschenschaft sieht sich mit der Situation konfrontiert, dass <a href=\"https:\/\/stadtlandvolk.net\/?p=512\">nach unserer Recherche<\/a> fast alle nicht-DB-Burschenschaften in Marburg den gemeinsamen Waffenring verlie\u00dfen und somit au\u00dfer der Germania Marburg kaum eine Verbindung mehr mit ihnen Fechten will. Die Germania aus Gie\u00dfen hatte da weniger Ber\u00fchrungs\u00e4ngste und fuhr im Februar 2022 nach Marburg um dort mit den Burschen der Rheinfranken zwei Partien zu fechten.<\/p>\n\n\n\n<figure class=\"wp-block-image size-large\"><img loading=\"lazy\" decoding=\"async\" width=\"1024\" height=\"588\" src=\"https:\/\/stadtlandvolk.net\/wp-content\/uploads\/2023\/11\/Germania_Rheinfranken.cleaned-1024x588.jpg\" alt=\"\" class=\"wp-image-884\" srcset=\"https:\/\/stadtlandvolk.net\/wp-content\/uploads\/2023\/11\/Germania_Rheinfranken.cleaned-1024x588.jpg 1024w, https:\/\/stadtlandvolk.net\/wp-content\/uploads\/2023\/11\/Germania_Rheinfranken.cleaned-300x172.jpg 300w, https:\/\/stadtlandvolk.net\/wp-content\/uploads\/2023\/11\/Germania_Rheinfranken.cleaned-768x441.jpg 768w, https:\/\/stadtlandvolk.net\/wp-content\/uploads\/2023\/11\/Germania_Rheinfranken.cleaned-1536x881.jpg 1536w, https:\/\/stadtlandvolk.net\/wp-content\/uploads\/2023\/11\/Germania_Rheinfranken.cleaned.jpg 1577w\" sizes=\"auto, (max-width: 1024px) 100vw, 1024px\" \/><figcaption class=\"wp-element-caption\"><em>Gie\u00dfener Germania und Rheinfranken Marburg beim Fechten (Personen im Original unkenntlich gemacht<\/em>)<\/figcaption><\/figure>\n\n\n\n<p><strong>Allgemeine Deutsche Burschenschaft (ADB)<\/strong><br>Bereits Ende der 1990er Jahre gr\u00fcndete sich ein zweiter Dachverband f\u00fcr Burschenschaften, denen die DB zu weit rechts war: die Neue Deutsche Burschenschaft (NDB). Als in den 2000er und 2010er Jahren weitere Burschenschaften ihren Austritt aus der DB beschlossen, standen jene vor einem Dilemma. \u201eDie NDB ist den Neu-Aussteigern aus der DB offenbar zu lasch. Die DB hingegen ist ihnen inzwischen zu eindeutig extrem rechts dominiert. Dar\u00fcber hinaus steht die DB seit Jahren im Fokus \u00f6ffentlicher Kritik. Das gef\u00e4hrdet Karriere und Ansehen der einzelnen Burschenschafter. Es geht somit nicht nur um Inhalte, sondern auch ums Image, weshalb Bedarf f\u00fcr einen neuen Dachverband zwischen DB und NDB entstand.\u201c<sup data-fn=\"a32ca139-e43c-4ccc-a935-5157c57b07f3\" class=\"fn\"><a href=\"#a32ca139-e43c-4ccc-a935-5157c57b07f3\" id=\"a32ca139-e43c-4ccc-a935-5157c57b07f3-link\">2<\/a><\/sup> Dies schrieb Lucius Teidelbaum 2014 im Antifaschistischen Infoblatt anl\u00e4sslich der Neugr\u00fcndung der ADB. Zwar l\u00e4sst sich beobachten, dass bei den einzelnen Mitglieds-Burschenschaften h\u00e4ufig Personen der CDU und der FDP auftreten, so etwa der Ehrenvorsitzende der FDP und ehemalige Vizepr\u00e4sident des Deutschen Bundestages Hermann Otto Solms, der bei der Gie\u00dfener Germania referierte oder der bei der AfD beliebte Anwalt Ralf H\u00f6cker von der WerteUnion (CDU), welcher beim Burschentag der ADB 2022 Redner war. Doch reicht das politische Spektrum im Dachverband bis in die extreme Rechte. Verbindungen zur AfD lassen sich etliche finden. Zu den Bekannteren geh\u00f6rt der Fraktionsgesch\u00e4ftsf\u00fchrer der AfD im hessischen Landtag, Frank Grobe, Mitglied der Aachener Burschenschaft Teutonia. Grobe war auch Teil einer ca. zehnk\u00f6pfigen Gruppe Burschenschafter, die am 18.Mai bei einer Veranstaltung zum 175. Paulskirchenjubil\u00e4um in Frankfurt zugegen waren. Teil der Gruppe war auch ein Mitglied der Germania Gie\u00dfen. Das ganze Spektrum bildete sich im Vorfeld der Landtagswahl in Hessen erneut deutlich in den R\u00e4umlickeiten der Germania ab, als sich Vertreter der AfD, der CDU, der Freien W\u00e4hler, sowie der FDP in der Burschenschaft zur Diskussionsrunde einfanden.<\/p>\n\n\n\n<figure class=\"wp-block-image size-full\"><img loading=\"lazy\" decoding=\"async\" width=\"855\" height=\"481\" src=\"https:\/\/stadtlandvolk.net\/wp-content\/uploads\/2023\/11\/LTW_VA.cleaned.jpg\" alt=\"\" class=\"wp-image-886\" srcset=\"https:\/\/stadtlandvolk.net\/wp-content\/uploads\/2023\/11\/LTW_VA.cleaned.jpg 855w, https:\/\/stadtlandvolk.net\/wp-content\/uploads\/2023\/11\/LTW_VA.cleaned-300x169.jpg 300w, https:\/\/stadtlandvolk.net\/wp-content\/uploads\/2023\/11\/LTW_VA.cleaned-768x432.jpg 768w, https:\/\/stadtlandvolk.net\/wp-content\/uploads\/2023\/11\/LTW_VA.cleaned-310x174.jpg 310w\" sizes=\"auto, (max-width: 855px) 100vw, 855px\" \/><figcaption class=\"wp-element-caption\"><em>v.l.n.r. Diego Semmler (FW), Frank Grobe (AfD), Ingo Bergh\u00f6fer<\/em> (Moderator)<em> Matthias B\u00fcger (FDP) und Frederik Bouffier<\/em> <em>(CDU) bei der Diskussionsrunde vor der Landtagswahl 2023 in der Germania<\/em><\/figcaption><\/figure>\n\n\n\n<p>Ein weiteres Beispiel ist der bayerische AfD-Landtagsabgeordnete Christoph Maier von der ADB-Burschenschaft Sudetia. Maier hatte 2021 in M\u00fcnchen unter konspirativen Umst\u00e4nden eine burschenschaftliche &#8222;Festkneipe\u201c abgehalten, bei welcher auch Mitgliedern der v\u00f6lkischen und extrem Rechten Burschenschaft Danubia zugegen waren.<sup data-fn=\"02800b66-b607-4527-9a57-dff80fd3acac\" class=\"fn\"><a href=\"#02800b66-b607-4527-9a57-dff80fd3acac\" id=\"02800b66-b607-4527-9a57-dff80fd3acac-link\">3<\/a><\/sup> Im Juni diesen Jahres lud u.a. Maier erneut zu einer \u201eFestkneipe\u201c, welche aber diesmal im bayrischen Landtag stattfand. Erneut waren Mitglieder der Danubia dort und sorgten durch eine \u201eWhite Power\u201c-Geste f\u00fcr medialen Widerhall.<sup data-fn=\"114db891-9610-4d62-9dea-d69fb89be562\" class=\"fn\"><a href=\"#114db891-9610-4d62-9dea-d69fb89be562\" id=\"114db891-9610-4d62-9dea-d69fb89be562-link\">4<\/a><\/sup> Bereits im Oktober 2018 organisierte Maier im schw\u00e4bischen Ottobeuren eine \u201eAnti-Merkel-Kundgebung\u201c. Die Kundgebung zog entsprechendes Publikum an: Neben Burschenschaftern waren Vertreter der <em>Identit\u00e4ren <\/em>und Neonazis der Partei <em>Der Dritte Weg<\/em> in Ottobeuren.<sup data-fn=\"d31fdd39-40f2-4342-9566-34aca52277d6\" class=\"fn\"><a href=\"#d31fdd39-40f2-4342-9566-34aca52277d6\" id=\"d31fdd39-40f2-4342-9566-34aca52277d6-link\">5<\/a><\/sup> Des weiteren existiert f\u00fcr Burschenschafter, die der DB &#8211; trotz Austritt ihres Bundes aus dem Dachverband &#8211; nahestehen, der \u201eFreundeskreis der Deutschen Burschenschaft e.V.\u201c. Im Vorstand ist u.a. Klaus Harsch von der Burschenschaft Teutonia Freiburg, welche ebenfalls der ADB angeh\u00f6rt.<sup data-fn=\"0582b55a-d017-43e4-b7a3-1290adec88a3\" class=\"fn\"><a href=\"#0582b55a-d017-43e4-b7a3-1290adec88a3\" id=\"0582b55a-d017-43e4-b7a3-1290adec88a3-link\">6<\/a><\/sup> Dies verdeutlicht erneut, dass die Austritte aus der DB, bei vielen vorrangig taktisch motiviert waren.<\/p>\n\n\n\n<figure class=\"wp-block-image size-full\"><img loading=\"lazy\" decoding=\"async\" width=\"1024\" height=\"576\" src=\"https:\/\/stadtlandvolk.net\/wp-content\/uploads\/2023\/11\/Danuben_im_LT_BY_2023.cleaned.jpeg\" alt=\"\" class=\"wp-image-882\" srcset=\"https:\/\/stadtlandvolk.net\/wp-content\/uploads\/2023\/11\/Danuben_im_LT_BY_2023.cleaned.jpeg 1024w, https:\/\/stadtlandvolk.net\/wp-content\/uploads\/2023\/11\/Danuben_im_LT_BY_2023.cleaned-300x169.jpeg 300w, https:\/\/stadtlandvolk.net\/wp-content\/uploads\/2023\/11\/Danuben_im_LT_BY_2023.cleaned-768x432.jpeg 768w, https:\/\/stadtlandvolk.net\/wp-content\/uploads\/2023\/11\/Danuben_im_LT_BY_2023.cleaned-310x174.jpeg 310w\" sizes=\"auto, (max-width: 1024px) 100vw, 1024px\" \/><figcaption class=\"wp-element-caption\"><em>Mitglieder der M\u00fcnchner Danubia im bayrischen Landtag \u2013 auf Einladung von Christoph Maier<\/em><\/figcaption><\/figure>\n\n\n\n<p><strong>Netzwerkknoten Denkmalerhaltungsverein<\/strong><br>Dass Verflechtungen der Gie\u00dfener Germania in das Spektrum der DB bestehen, l\u00e4sst sich ebenfalls anhand des Denkmalerhaltungsverein Eisenach e.V. (DEV) skizzieren. Jener bezeichnet sich selbst als \u201eGemeinschaft, in der sich Freunde und F\u00f6rderer f\u00fcr die Erhaltung des Burschenschaftsdenkmals zusammengefunden haben\u201c.<sup data-fn=\"8abeed19-fba2-48c6-ad63-c17ed0e08186\" class=\"fn\"><a href=\"#8abeed19-fba2-48c6-ad63-c17ed0e08186\" id=\"8abeed19-fba2-48c6-ad63-c17ed0e08186-link\">7<\/a><\/sup> Gegr\u00fcndet wurde der Verein aus der Deutschen Burschenschaft heraus, um den Unterhalt des Denkmals auch nach der Spaltung der DB sicher zu stellen. Der Gro\u00dfteil der Vereinsmitglieder ist auch in der DB. Im Vereinsorgan \u201eDenkmalgefl\u00fcster\u201c tritt die Germania exponiert auf; der Alte Herr Axel Zimmermann er\u00f6ffnet in seiner Funktion als Vorsitzender des Vereins und als Repr\u00e4sentant der Germania die Ausgaben. In einer Ausgabe von 2021 steuert die Germania &#8211; zu der Zeit Vorsitzende Burschenschaft der ADB \u2013 ein Gru\u00dfwort bei.<sup data-fn=\"6ae1251f-14bf-490c-8e32-386b4405dc4f\" class=\"fn\"><a href=\"#6ae1251f-14bf-490c-8e32-386b4405dc4f\" id=\"6ae1251f-14bf-490c-8e32-386b4405dc4f-link\">8<\/a><\/sup><\/p>\n\n\n\n<figure class=\"wp-block-image size-full\"><img loading=\"lazy\" decoding=\"async\" width=\"658\" height=\"488\" src=\"https:\/\/stadtlandvolk.net\/wp-content\/uploads\/2023\/11\/DEV_Vorstand.cleaned-e1698847063249.jpg\" alt=\"\" class=\"wp-image-883\" srcset=\"https:\/\/stadtlandvolk.net\/wp-content\/uploads\/2023\/11\/DEV_Vorstand.cleaned-e1698847063249.jpg 658w, https:\/\/stadtlandvolk.net\/wp-content\/uploads\/2023\/11\/DEV_Vorstand.cleaned-e1698847063249-300x222.jpg 300w, https:\/\/stadtlandvolk.net\/wp-content\/uploads\/2023\/11\/DEV_Vorstand.cleaned-e1698847063249-80x60.jpg 80w\" sizes=\"auto, (max-width: 658px) 100vw, 658px\" \/><figcaption class=\"wp-element-caption\"><em>Der 2021 ver\u00f6ffentlichte Vorstand des Denkmalerhaltungsverein<\/em><\/figcaption><\/figure>\n\n\n\n<p>In der Ausgabe wird ebenfalls der komplette Vorstand des DEV abgedruckt. Unter den Mitgliedern befinden sich Repr\u00e4sentanten verschiedener Burschenschaften, die in unterschiedlichen Dachverb\u00e4nden organisiert sind. Dies begrenzt sich allerdings nicht auf Burschenschaften aus Deutschland, jedenfalls nicht, was die heutigen Grenzen betrifft. Von der DB-Burschenschaft Brixia Innsbruck ist Patrick K\u00f6rner im Vorstand aufgef\u00fchrt. Es unterstreicht, welches Verst\u00e4ndnis von Deutschland in diesen Kreisen gepflegt wird. Als weiteres Vorstandmitglied wird Peter Lohse genannt. Lohse wurde in den Burschenschaftlichen Bl\u00e4ttern als \u201eBaumeister\u201c von Axel Zimmermann betitelt,<sup data-fn=\"00c8c4c0-9f2b-4511-9b5b-167dfa52968a\" class=\"fn\"><a href=\"#00c8c4c0-9f2b-4511-9b5b-167dfa52968a\" id=\"00c8c4c0-9f2b-4511-9b5b-167dfa52968a-link\">9<\/a><\/sup> womit seine Arbeiten am Denkmal gemeint sind. Er ist Mitglied der Burschenschaft Thuringia aus Braunschweig. Diese br\u00fcstet sich auf ihrer Homepage damit, die DB \u201ein den letzten 120 Jahren ganz wesentlich mitgepr\u00e4gt\u201c zu haben. Kaum \u00fcberraschend ist, dass die Burschenschaft 2017 Veranstaltungsort des \u201eDeutschlandseminar\u201c war, bei dem sich laut Spiegel \u201eNationalisten und Rechtsradikale trafen\u201c.<sup data-fn=\"a2206a38-ba88-4fb2-9da2-d5be28927311\" class=\"fn\"><a href=\"#a2206a38-ba88-4fb2-9da2-d5be28927311\" id=\"a2206a38-ba88-4fb2-9da2-d5be28927311-link\">10<\/a><\/sup> Auch die <em>Identit\u00e4ren<\/em><strong> <\/strong>war in der Burschenschaft bereits zu Gast.<sup data-fn=\"a3618d4c-7708-44ec-8541-35c837d34090\" class=\"fn\"><a href=\"#a3618d4c-7708-44ec-8541-35c837d34090\" id=\"a3618d4c-7708-44ec-8541-35c837d34090-link\">11<\/a><\/sup> Ein Weg vom Vorstand des DEV f\u00fchrt auch zur AfD: der Rechtsanwalt Julius S. Schoor (Burschenschaft Rhedaria Allemannia Rostock) war zwischenzeitlich \u201eDatenschutzbeauftragter der Bundes AfD\u201c<sup data-fn=\"e70a697a-a46d-4187-a87d-a20d331a5b27\" class=\"fn\"><a href=\"#e70a697a-a46d-4187-a87d-a20d331a5b27\" id=\"e70a697a-a46d-4187-a87d-a20d331a5b27-link\">12<\/a><\/sup> und ist aktuell \u201eExterner betrieblicher Datenschutzbeauftragter der AfD\u201c im Berchtesgadener Land.<\/p>\n\n\n\n<figure class=\"wp-block-image size-full\"><img loading=\"lazy\" decoding=\"async\" width=\"586\" height=\"392\" src=\"https:\/\/stadtlandvolk.net\/wp-content\/uploads\/2023\/11\/Benzler_DEV.cleaned.jpg\" alt=\"\" class=\"wp-image-881\" srcset=\"https:\/\/stadtlandvolk.net\/wp-content\/uploads\/2023\/11\/Benzler_DEV.cleaned.jpg 586w, https:\/\/stadtlandvolk.net\/wp-content\/uploads\/2023\/11\/Benzler_DEV.cleaned-300x201.jpg 300w\" sizes=\"auto, (max-width: 586px) 100vw, 586px\" \/><\/figure>\n\n\n\n<p>Mit Thomas Benzler wird ein Mitglied der Burschenschaften Germania Hamburg sowie Normannia Halle aus Jena aufgelistet. Bereits 2003 ist Benzler laut DEV als Conkneipant der Burschenschaft Normannia in Jena beigetreten, welche Bez\u00fcge bis ins NSU-Netzwerk aufweist.<sup data-fn=\"5525211b-2f20-4154-937d-f25615297252\" class=\"fn\"><a href=\"#5525211b-2f20-4154-937d-f25615297252\" id=\"5525211b-2f20-4154-937d-f25615297252-link\">13<\/a><\/sup> Die im Jahr 2000 gegr\u00fcndete Normannia ist eine Abspaltung der Burschenschaft Jenensia. Zum Bruch kam es nachdem bei einer Vortragsveranstaltung mit dem extrem Rechten Publizisten Peter Dehoust ca. 20 Mitglieder des &#8222;Th\u00fcringer Heimatschutzes&#8220; (THS) als Ordner eingesetzt waren. Mit Ralph Oertel<sup data-fn=\"0ec771cd-a714-48df-b0bf-c270c6e0ca3b\" class=\"fn\"><a href=\"#0ec771cd-a714-48df-b0bf-c270c6e0ca3b\" id=\"0ec771cd-a714-48df-b0bf-c270c6e0ca3b-link\">14<\/a><\/sup> und Rick Wedow \u00fcbernahmen zwei Personen des THS Funktionen in der Burschenschaft. Stiftungsfeste fanden u. a. im Jahr 2006 im \u201eBraunen Haus&#8220; in Jena statt, in welchem die Burschenschaft im gleichen Jahr ein Bleibe fand und sich mit Ralf Wohlleben und dem NPD-Kreisverband eine Adresse teilte. Neben Wohlleben soll es auch Andre Kapke gewesen sein &#8211; ebenfalls im NSU-Verfahren angeklagt -, der Kontakte zur Normannia pflegte und deren Veranstaltungen besuchten. Der DEV ist demnach ein Knotenpunkt f\u00fcr die unterschiedlichen Burschenschaften, auch solche wie die Gie\u00dfener Germnia, die vorgeblich zu der Deutschen Burschenschaft auf Distanz gehen.<\/p>\n\n\n\n<p>\u201e<strong>Bundesbr\u00fcder\u201c<\/strong><br>Nicht nur die Verflechtungen mit anderen Burschenschaften machen deutlich, dass der Austritt der Germania aus der DB nicht in G\u00e4nze aus ideologischen Gr\u00fcnden vollzogen wurden. So folgte mit dem Austritt aus der DB keine Konsequenz f\u00fcr die bis dahin aktiven \u201eGermanen\u201c. Dies trifft etwa auf Rolf Schlierer zu. Schlierer war zwischen 1994 und 2014 Parteivorsitzender der extrem Rechten Republikaner. Nach seinem Austritt aus der Partei wirkte er 2016 bei der Gr\u00fcndung des AfD-nahen \u201eVereins zur Erhaltung der Rechtsstaatlichkeit und der b\u00fcrgerlichen Freiheiten\u201c mit und kandidierte 2019 erfolglos bei der Stuttgarter Gemeinderatswahl auf der Liste der AfD.<sup data-fn=\"2ff6a1fe-8955-43e3-a18d-7fbcf4c1bdf4\" class=\"fn\"><a href=\"#2ff6a1fe-8955-43e3-a18d-7fbcf4c1bdf4\" id=\"2ff6a1fe-8955-43e3-a18d-7fbcf4c1bdf4-link\">15<\/a><\/sup> Im Januar 2017 hat Schlierer erneut in der Gie\u00dfener Germania referiert, wie dessen Bundesbruder Zimmermann im ADB-Verbandsheft \u201eDer Burschenschafter\u201c schrieb.<sup data-fn=\"71160c14-4aeb-4cdc-a572-3be7c40bed33\" class=\"fn\"><a href=\"#71160c14-4aeb-4cdc-a572-3be7c40bed33\" id=\"71160c14-4aeb-4cdc-a572-3be7c40bed33-link\">16<\/a><\/sup> Doch auch in j\u00fcngerer Vergangenheit hat die Germania auch extrem rechte Mitglieder aufgenommen, darunter Robert Zedlitz. Jener zeigt in Persona ebenfalls Aktivit\u00e4ten von konservativen bis extrem rechten Spektrum. Seit ca. 2009 war er an seinen vorherigen Studienorten in Leipzig und M\u00fcnster bei den Jungen Liberalen und der Liberalen Hochschulgruppe aktiv. Parallel war er bereits burschenschaftlich organisiert und Mitglieder der Leipziger Burschenschaft Arminia. Die Arminia ist in der DB Mitglied, ihr aktuell augenblicklich bekanntestes Mitglied d\u00fcrfte Martin Kohlmann sein. Kohlmann hat in seiner politischen Vita neben den Republikanern, auch die \u201eB\u00fcrgerbewegung\u201c Pro Chemnitz stehen, aktuell ist er Vorsitzender von \u201eFreie Sachsen\u201c und wurde im vergangenen November wegen Volksverhetzung verurteilt, da er bestritt, dass es w\u00e4hrend des Nationalsozialismus auf dem Gebiet des Deutschen Reiches Gaskammern gegeben hat.<sup data-fn=\"57f9586c-dd06-47fd-afd2-a9276091c84e\" class=\"fn\"><a href=\"#57f9586c-dd06-47fd-afd2-a9276091c84e\" id=\"57f9586c-dd06-47fd-afd2-a9276091c84e-link\">17<\/a><\/sup> Im Mai 2023 nahm er au\u00dferdem im hessischen Altenstadt an einer Veranstaltung der NPD (mittlerweile \u201edie Heimat\u201c) bzw. deren Parteizeitung \u201eDeutsche Stimme\u201c teil und sa\u00df dort u.a. mit deren Parteivorsitzenden Frank Franz auf einer B\u00fchne.<sup data-fn=\"25836332-bf65-4342-b93b-5b0db737c55f\" class=\"fn\"><a href=\"#25836332-bf65-4342-b93b-5b0db737c55f\" id=\"25836332-bf65-4342-b93b-5b0db737c55f-link\">18<\/a><\/sup> Ein weiterer Akteur der Arminia Leipzig ist Felix Koschkar. Dieser kandidierte bereits 2014 als AfD-Kandidat f\u00fcr die s\u00e4chsischen Landtagswahlen und nahm an Demonstrationen der<em> Identit\u00e4ren <\/em>teil.<sup data-fn=\"c78d080d-58d3-4f5d-96fd-8f825c4b023c\" class=\"fn\"><a href=\"#c78d080d-58d3-4f5d-96fd-8f825c4b023c\" id=\"c78d080d-58d3-4f5d-96fd-8f825c4b023c-link\">19<\/a><\/sup> Im folgenden, als Robert Zedlitz der Gie\u00dfener Germania beitrat, war dann auch die Arminia mit einer Gruppe hin und wieder Gast in Burschenhaus in Gie\u00dfen und da man(n) sich offenbar gut verstand, wurden jene auch zum 170. Stiftungsfest 2021 eingeladen. Auch zu seiner Zeit in Gie\u00dfen war Zedlitz weiterhin bei der Liberalen Hochschulgruppe aktiv. Mittlerweile ist er nach Halle verzogen, sein Bruder Richard ist aber immer noch in Gie\u00dfen und gibt der Aktivitas der Germania Fechtunterricht.<\/p>\n\n\n\n<figure class=\"wp-block-image size-large\"><img loading=\"lazy\" decoding=\"async\" width=\"1024\" height=\"578\" src=\"https:\/\/stadtlandvolk.net\/wp-content\/uploads\/2023\/11\/Arminia_bei_GG.cleaned-1024x578.jpg\" alt=\"\" class=\"wp-image-890\" srcset=\"https:\/\/stadtlandvolk.net\/wp-content\/uploads\/2023\/11\/Arminia_bei_GG.cleaned-1024x578.jpg 1024w, https:\/\/stadtlandvolk.net\/wp-content\/uploads\/2023\/11\/Arminia_bei_GG.cleaned-300x169.jpg 300w, https:\/\/stadtlandvolk.net\/wp-content\/uploads\/2023\/11\/Arminia_bei_GG.cleaned-768x434.jpg 768w, https:\/\/stadtlandvolk.net\/wp-content\/uploads\/2023\/11\/Arminia_bei_GG.cleaned-310x174.jpg 310w, https:\/\/stadtlandvolk.net\/wp-content\/uploads\/2023\/11\/Arminia_bei_GG.cleaned.jpg 1536w\" sizes=\"auto, (max-width: 1024px) 100vw, 1024px\" \/><figcaption class=\"wp-element-caption\"><em>Arminia Leipzig beim Stiftungsfest der Germania<\/em><\/figcaption><\/figure>\n\n\n\n<p><strong>Res\u00fcmee<\/strong><br>Es l\u00e4sst sich also an ein paar wenigen Beispielen darlegen, in welch einem Geflecht die Gie\u00dfener Germania verwoben ist. Mit wem sie fechten, wen sie als Redner einladen und mit wem Repr\u00e4sentanten in Vereinen organisiert sind. Des weiteren d\u00fcrfte deutlich werden, welche Personen und Spektren sich versammeln, wenn sich die ADB trifft oder deren Mitgliedsb\u00fcnde sich untereinander besuchen. Auch l\u00e4sst sich ein Netzwerk sowie Verbindungen nachzeichnen, zu welchem die Burschen der Germania Gie\u00dfen Zugang haben und welches nicht zuletzt M\u00f6glichkeiten f\u00fcr Einzelne er\u00f6ffnet, in allen Spektren von (rechts-)konservativ bis extrem Rechts individuelle Karrieren anzuschieben. Grund genug f\u00fcr jene, um nach dem versuchten Brandanschlag auf das AK44, etwas Best\u00fcrzung zu heucheln, um nicht einen Makel anhaften zu haben, den sie sich doch mit dem Austritt aus der Deutschen Burschenschaft bereits entledigt geglaubt hat. Denn, wie diese kurze Dokumentation darlegt, ist dem mitnichten so und es l\u00e4sst sich ein deutlicheres Bild zeichnen, sobald nur ein wenig genauer hingeschaut wird.<\/p>\n\n\n\n<figure class=\"wp-block-image size-full\"><img decoding=\"async\" src=\"https:\/\/stadtlandvolk.net\/wp-content\/uploads\/2023\/11\/120.cleaned.jpg\" alt=\"\" class=\"wp-image-879\"\/><figcaption class=\"wp-element-caption\"><em>Graffiti am Haus der Germania<\/em><\/figcaption><\/figure>\n\n\n<ol class=\"wp-block-footnotes\"><li id=\"d8c269f0-4265-4d94-b709-979d5d6fe431\"><a href=\"\nhttps:\/\/docplayer.org\/135382057-Stadtverordnetenversammlung.html\">https:\/\/docplayer.org\/135382057-Stadtverordnetenversammlung.html<\/a> <a href=\"#d8c269f0-4265-4d94-b709-979d5d6fe431-link\" aria-label=\"Zur Fu\u00dfnotenreferenz 1 navigieren\">\u21a9\ufe0e<\/a><\/li><li id=\"a32ca139-e43c-4ccc-a935-5157c57b07f3\"><a href=\"https:\/\/www.antifainfoblatt.de\/artikel\/deutsche-burschenschaft-light\">https:\/\/www.antifainfoblatt.de\/artikel\/deutsche-burschenschaft-light<\/a> <a href=\"#a32ca139-e43c-4ccc-a935-5157c57b07f3-link\" aria-label=\"Zur Fu\u00dfnotenreferenz 2 navigieren\">\u21a9\ufe0e<\/a><\/li><li id=\"02800b66-b607-4527-9a57-dff80fd3acac\"><a href=\"https:\/\/twitter.com\/robertandreasch\/status\/1453440023450341377\">https:\/\/twitter.com\/robertandreasch\/status\/1453440023450341377<\/a> <a href=\"#02800b66-b607-4527-9a57-dff80fd3acac-link\" aria-label=\"Zur Fu\u00dfnotenreferenz 3 navigieren\">\u21a9\ufe0e<\/a><\/li><li id=\"114db891-9610-4d62-9dea-d69fb89be562\"><a href=\"https:\/\/www.br.de\/nachrichten\/bayern\/auf-einladung-der-afd-extremisten-feiern-im-landtag,Thde1DD\">https:\/\/www.br.de\/nachrichten\/bayern\/auf-einladung-der-afd-extremisten-feiern-im-landtag,Thde1DD<\/a> <a href=\"#114db891-9610-4d62-9dea-d69fb89be562-link\" aria-label=\"Zur Fu\u00dfnotenreferenz 4 navigieren\">\u21a9\ufe0e<\/a><\/li><li id=\"d31fdd39-40f2-4342-9566-34aca52277d6\"><a href=\"https:\/\/allgaeu-rechtsaussen.de\/2018\/09\/30\/bunte-vielfalt-gegen-rechte-einfalt-in-ottobeuren\/\">https:\/\/allgaeu-rechtsaussen.de\/2018\/09\/30\/bunte-vielfalt-gegen-rechte-einfalt-in-ottobeuren\/<\/a> <a href=\"#d31fdd39-40f2-4342-9566-34aca52277d6-link\" aria-label=\"Zur Fu\u00dfnotenreferenz 5 navigieren\">\u21a9\ufe0e<\/a><\/li><li id=\"0582b55a-d017-43e4-b7a3-1290adec88a3\"><a href=\"https:\/\/autonome-antifa.org\/breve7981\">https:\/\/autonome-antifa.org\/breve7981<\/a> <a href=\"#0582b55a-d017-43e4-b7a3-1290adec88a3-link\" aria-label=\"Zur Fu\u00dfnotenreferenz 6 navigieren\">\u21a9\ufe0e<\/a><\/li><li id=\"8abeed19-fba2-48c6-ad63-c17ed0e08186\"><a href=\"https:\/\/denkmalerhaltungsverein.de\/\">https:\/\/denkmalerhaltungsverein.de\/<\/a> <a href=\"#8abeed19-fba2-48c6-ad63-c17ed0e08186-link\" aria-label=\"Zur Fu\u00dfnotenreferenz 7 navigieren\">\u21a9\ufe0e<\/a><\/li><li id=\"6ae1251f-14bf-490c-8e32-386b4405dc4f\"><a href=\"https:\/\/denkmalerhaltungsverein.de\/3d-flip-book\/denkmalgefluester-nr-34-ausgabe-2021\">https:\/\/denkmalerhaltungsverein.de\/3d-flip-book\/denkmalgefluester-nr-34-ausgabe-2021<\/a> <a href=\"#6ae1251f-14bf-490c-8e32-386b4405dc4f-link\" aria-label=\"Zur Fu\u00dfnotenreferenz 8 navigieren\">\u21a9\ufe0e<\/a><\/li><li id=\"00c8c4c0-9f2b-4511-9b5b-167dfa52968a\"><a href=\"https:\/\/burschenschaft.de\/epaper\/index.html#20\">https:\/\/burschenschaft.de\/epaper\/index.html#20<\/a> <a href=\"#00c8c4c0-9f2b-4511-9b5b-167dfa52968a-link\" aria-label=\"Zur Fu\u00dfnotenreferenz 9 navigieren\">\u21a9\ufe0e<\/a><\/li><li id=\"a2206a38-ba88-4fb2-9da2-d5be28927311\"><a href=\"https:\/\/www.spiegel.de\/lebenundlernen\/uni\/beim-deutschlandseminar-der-burschenschaft-thuringia-a-1168846.html\">https:\/\/www.spiegel.de\/lebenundlernen\/uni\/beim-deutschlandseminar-der-burschenschaft-thuringia-a-1168846.html<\/a> <a href=\"#a2206a38-ba88-4fb2-9da2-d5be28927311-link\" aria-label=\"Zur Fu\u00dfnotenreferenz 10 navigieren\">\u21a9\ufe0e<\/a><\/li><li id=\"a3618d4c-7708-44ec-8541-35c837d34090\"><a href=\"https:\/\/www.news38.de\/braunschweig\/article216823361\/identitaere-bewegung-bei-burschenschaft-thuringia-asta-und-verdi-fordern-klare-kante-von-der-tu-braunschweig.html\">https:\/\/www.news38.de\/braunschweig\/article216823361\/identitaere-bewegung-bei-burschenschaft-thuringia-asta-und-verdi-fordern-klare-kante-von-der-tu-braunschweig.html<\/a> <a href=\"#a3618d4c-7708-44ec-8541-35c837d34090-link\" aria-label=\"Zur Fu\u00dfnotenreferenz 11 navigieren\">\u21a9\ufe0e<\/a><\/li><li id=\"e70a697a-a46d-4187-a87d-a20d331a5b27\"><a href=\"https:\/\/antifa-berlin.info\/sites\/default\/files\/dateien\/artikel\/dritteauflage_web.pdf\">https:\/\/antifa-berlin.info\/sites\/default\/files\/dateien\/artikel\/dritteauflage_web.pdf<\/a> <a href=\"#e70a697a-a46d-4187-a87d-a20d331a5b27-link\" aria-label=\"Zur Fu\u00dfnotenreferenz 12 navigieren\">\u21a9\ufe0e<\/a><\/li><li id=\"5525211b-2f20-4154-937d-f25615297252\"><a href=\"https:\/\/twitter.com\/korpokritik\/status\/1319639244470734849?lang=de\"><a href=\"https:\/\/twitter.com\/korpokritik\/status\/1319639244470734849?lang=de\"><\/a><a href=\"https:\/\/twitter.com\/korpokritik\/status\/1319639244470734849?lang=de\"><\/a><a href=\"https:\/\/stadtlandvolk.net\/wp-admin\/post.php?post=878&amp;action=edit#sdfootnote1anc\"><\/a>https:\/\/twitter.com\/korpokritik\/status\/1319639244470734849?lang=de<\/a> <a href=\"#5525211b-2f20-4154-937d-f25615297252-link\" aria-label=\"Zur Fu\u00dfnotenreferenz 13 navigieren\">\u21a9\ufe0e<\/a><\/li><li id=\"0ec771cd-a714-48df-b0bf-c270c6e0ca3b\">Siehe auch: <a href=\"https:\/\/rechercheportaljenashk.noblogs.org\/post\/2019\/07\/16\/182\/\">https:\/\/rechercheportaljenashk.noblogs.org\/post\/2019\/07\/16\/182\/<\/a> <a href=\"#0ec771cd-a714-48df-b0bf-c270c6e0ca3b-link\" aria-label=\"Zur Fu\u00dfnotenreferenz 14 navigieren\">\u21a9\ufe0e<\/a><\/li><li id=\"2ff6a1fe-8955-43e3-a18d-7fbcf4c1bdf4\"><a href=\"https:\/\/www.endstation-rechts.de\/news\/ex-republikaner-auf-afd-kurs\">https:\/\/www.endstation-rechts.de\/news\/ex-republikaner-auf-afd-kurs<\/a> <a href=\"#2ff6a1fe-8955-43e3-a18d-7fbcf4c1bdf4-link\" aria-label=\"Zur Fu\u00dfnotenreferenz 15 navigieren\">\u21a9\ufe0e<\/a><\/li><li id=\"71160c14-4aeb-4cdc-a572-3be7c40bed33\">Bericht in Der Burschenschafter 2\/2017 (hier f\u00e4lschlicherweise Darmstadt als VA-Ort richitgstellung von Zimmermann in Der Burschenschafter 1\/2018) <a href=\"#71160c14-4aeb-4cdc-a572-3be7c40bed33-link\" aria-label=\"Zur Fu\u00dfnotenreferenz 16 navigieren\">\u21a9\ufe0e<\/a><\/li><li id=\"57f9586c-dd06-47fd-afd2-a9276091c84e\"><a href=\"https:\/\/www.mdr.de\/nachrichten\/sachsen\/chemnitz\/chemnitz-stollberg\/kohlmann-freie-sachsen-urteil-volksverhetzung-100.html\">https:\/\/www.mdr.de\/nachrichten\/sachsen\/chemnitz\/chemnitz-stollberg\/kohlmann-freie-sachsen-urteil-volksverhetzung-100.html<\/a> <a href=\"#57f9586c-dd06-47fd-afd2-a9276091c84e-link\" aria-label=\"Zur Fu\u00dfnotenreferenz 17 navigieren\">\u21a9\ufe0e<\/a><\/li><li id=\"25836332-bf65-4342-b93b-5b0db737c55f\"><a href=\"https:\/\/www.facebook.com\/npd.hessen\/photos\/a.712955838770517\/6411192678946776\/?locale=de_DE\">https:\/\/www.facebook.com\/npd.hessen\/photos\/a.712955838770517\/6411192678946776\/?locale=de_DE<\/a> <a href=\"#25836332-bf65-4342-b93b-5b0db737c55f-link\" aria-label=\"Zur Fu\u00dfnotenreferenz 18 navigieren\">\u21a9\ufe0e<\/a><\/li><li id=\"c78d080d-58d3-4f5d-96fd-8f825c4b023c\"><a href=\"https:\/\/chronikle.org\/media\/315\/Leipziger_Zust%C3%A4nde_2019_0.pdf\">https:\/\/chronikle.org\/media\/315\/Leipziger_Zust%C3%A4nde_2019_0.pdf<\/a> <a href=\"#c78d080d-58d3-4f5d-96fd-8f825c4b023c-link\" aria-label=\"Zur Fu\u00dfnotenreferenz 19 navigieren\">\u21a9\ufe0e<\/a><\/li><\/ol>","protected":false},"excerpt":{"rendered":"<p>Dieser Artikel soll die j\u00fcngere Geschichte und Sozialisation der Burschenschaft und ihrer Alten Herren in der Deutschen Burschenschaft (DB) sowie aktuelle Verbindungen zu extrem Rechten Burschenschaftern aufzeigen. Au\u00dferdem erl\u00e4utert er die Funktion der Germania Gie\u00dfen als Bindeglied von Konservatismus und extremer Rechter. Anlass ist nicht zuletzt der versuchte Brandanschlag auf das linke Kulturzentrum AK44 in Gie\u00dfen, in den \u2013 zu dem Zeitpunkt \u2013 Aktive der Germania involviert waren. In der Nacht vom 24. auf den 25. April 2023 wurden zwei Personen bei dem Versuch ertappt, am Haus des AK44 geparkte Autos mit Hilfe von Brandbeschleuniger anzuz\u00fcnden. Hierbei wurden an den Personen die Farben der Burschenschaft Germania in Form des Burschenbandes erkannt. Die Germania hat auf den versuchten Brandanschlag auf das AK44 mit einem de-facto Rauswurf eines Beschuldigten reagiert. Diese Reaktion soll offenbar entschlossenes Handeln suggerieren, doch wie auch das AK44 in einer Pressemitteilung feststellte, reagierte die Germania genau in dem Rahmen, der ihnen pr\u00e4sentiert wurde. Das bedeutet: bei einer Person konnten sie sich sicher sein, dass er erkannt wurde und legten ihm offenbar nahe &#8211; oder n\u00f6tigten ihn m\u00f6glicherweise gar &#8211; aus der Burschenschaft auszutreten, um Schaden vom Bund abzuwenden. Ein mit dem Vereinsrecht konformer Rauswurf ist \u00fcber Nacht kaum [&#8230;]<\/p>\n","protected":false},"author":1,"featured_media":879,"comment_status":"closed","ping_status":"open","sticky":false,"template":"","format":"standard","meta":{"footnotes":"[{\"content\":\"<a href=\\\"\\nhttps:\/\/docplayer.org\/135382057-Stadtverordnetenversammlung.html\\\">https:\/\/docplayer.org\/135382057-Stadtverordnetenversammlung.html<\/a>\",\"id\":\"d8c269f0-4265-4d94-b709-979d5d6fe431\"},{\"content\":\"<a href=\\\"https:\/\/www.antifainfoblatt.de\/artikel\/deutsche-burschenschaft-light\\\">https:\/\/www.antifainfoblatt.de\/artikel\/deutsche-burschenschaft-light<\/a>\",\"id\":\"a32ca139-e43c-4ccc-a935-5157c57b07f3\"},{\"content\":\"<a href=\\\"https:\/\/twitter.com\/robertandreasch\/status\/1453440023450341377\\\">https:\/\/twitter.com\/robertandreasch\/status\/1453440023450341377<\/a>\",\"id\":\"02800b66-b607-4527-9a57-dff80fd3acac\"},{\"content\":\"<a href=\\\"https:\/\/www.br.de\/nachrichten\/bayern\/auf-einladung-der-afd-extremisten-feiern-im-landtag,Thde1DD\\\">https:\/\/www.br.de\/nachrichten\/bayern\/auf-einladung-der-afd-extremisten-feiern-im-landtag,Thde1DD<\/a>\",\"id\":\"114db891-9610-4d62-9dea-d69fb89be562\"},{\"content\":\"<a href=\\\"https:\/\/allgaeu-rechtsaussen.de\/2018\/09\/30\/bunte-vielfalt-gegen-rechte-einfalt-in-ottobeuren\/\\\">https:\/\/allgaeu-rechtsaussen.de\/2018\/09\/30\/bunte-vielfalt-gegen-rechte-einfalt-in-ottobeuren\/<\/a>\",\"id\":\"d31fdd39-40f2-4342-9566-34aca52277d6\"},{\"content\":\"<a href=\\\"https:\/\/autonome-antifa.org\/breve7981\\\">https:\/\/autonome-antifa.org\/breve7981<\/a>\",\"id\":\"0582b55a-d017-43e4-b7a3-1290adec88a3\"},{\"content\":\"<a href=\\\"https:\/\/denkmalerhaltungsverein.de\/\\\">https:\/\/denkmalerhaltungsverein.de\/<\/a>\",\"id\":\"8abeed19-fba2-48c6-ad63-c17ed0e08186\"},{\"content\":\"<a href=\\\"https:\/\/denkmalerhaltungsverein.de\/3d-flip-book\/denkmalgefluester-nr-34-ausgabe-2021\\\">https:\/\/denkmalerhaltungsverein.de\/3d-flip-book\/denkmalgefluester-nr-34-ausgabe-2021<\/a>\",\"id\":\"6ae1251f-14bf-490c-8e32-386b4405dc4f\"},{\"content\":\"<a href=\\\"https:\/\/burschenschaft.de\/epaper\/index.html#20\\\">https:\/\/burschenschaft.de\/epaper\/index.html#20<\/a>\",\"id\":\"00c8c4c0-9f2b-4511-9b5b-167dfa52968a\"},{\"content\":\"<a href=\\\"https:\/\/www.spiegel.de\/lebenundlernen\/uni\/beim-deutschlandseminar-der-burschenschaft-thuringia-a-1168846.html\\\">https:\/\/www.spiegel.de\/lebenundlernen\/uni\/beim-deutschlandseminar-der-burschenschaft-thuringia-a-1168846.html<\/a>\",\"id\":\"a2206a38-ba88-4fb2-9da2-d5be28927311\"},{\"content\":\"<a href=\\\"https:\/\/www.news38.de\/braunschweig\/article216823361\/identitaere-bewegung-bei-burschenschaft-thuringia-asta-und-verdi-fordern-klare-kante-von-der-tu-braunschweig.html\\\">https:\/\/www.news38.de\/braunschweig\/article216823361\/identitaere-bewegung-bei-burschenschaft-thuringia-asta-und-verdi-fordern-klare-kante-von-der-tu-braunschweig.html<\/a>\",\"id\":\"a3618d4c-7708-44ec-8541-35c837d34090\"},{\"content\":\"<a href=\\\"https:\/\/antifa-berlin.info\/sites\/default\/files\/dateien\/artikel\/dritteauflage_web.pdf\\\">https:\/\/antifa-berlin.info\/sites\/default\/files\/dateien\/artikel\/dritteauflage_web.pdf<\/a>\",\"id\":\"e70a697a-a46d-4187-a87d-a20d331a5b27\"},{\"content\":\"<a href=\\\"https:\/\/twitter.com\/korpokritik\/status\/1319639244470734849?lang=de\\\"><a href=\\\"https:\/\/twitter.com\/korpokritik\/status\/1319639244470734849?lang=de\\\"><\/a><a href=\\\"https:\/\/twitter.com\/korpokritik\/status\/1319639244470734849?lang=de\\\"><\/a><a href=\\\"https:\/\/stadtlandvolk.net\/wp-admin\/post.php?post=878&amp;action=edit#sdfootnote1anc\\\"><\/a>https:\/\/twitter.com\/korpokritik\/status\/1319639244470734849?lang=de<\/a>\",\"id\":\"5525211b-2f20-4154-937d-f25615297252\"},{\"content\":\"Siehe auch: <a href=\\\"https:\/\/rechercheportaljenashk.noblogs.org\/post\/2019\/07\/16\/182\/\\\">https:\/\/rechercheportaljenashk.noblogs.org\/post\/2019\/07\/16\/182\/<\/a>\",\"id\":\"0ec771cd-a714-48df-b0bf-c270c6e0ca3b\"},{\"content\":\"<a href=\\\"https:\/\/www.endstation-rechts.de\/news\/ex-republikaner-auf-afd-kurs\\\">https:\/\/www.endstation-rechts.de\/news\/ex-republikaner-auf-afd-kurs<\/a>\",\"id\":\"2ff6a1fe-8955-43e3-a18d-7fbcf4c1bdf4\"},{\"content\":\"Bericht in Der Burschenschafter 2\/2017 (hier f\u00e4lschlicherweise Darmstadt als VA-Ort richitgstellung von Zimmermann in Der Burschenschafter 1\/2018)\",\"id\":\"71160c14-4aeb-4cdc-a572-3be7c40bed33\"},{\"content\":\"<a href=\\\"https:\/\/www.mdr.de\/nachrichten\/sachsen\/chemnitz\/chemnitz-stollberg\/kohlmann-freie-sachsen-urteil-volksverhetzung-100.html\\\">https:\/\/www.mdr.de\/nachrichten\/sachsen\/chemnitz\/chemnitz-stollberg\/kohlmann-freie-sachsen-urteil-volksverhetzung-100.html<\/a>\",\"id\":\"57f9586c-dd06-47fd-afd2-a9276091c84e\"},{\"content\":\"<a href=\\\"https:\/\/www.facebook.com\/npd.hessen\/photos\/a.712955838770517\/6411192678946776\/?locale=de_DE\\\">https:\/\/www.facebook.com\/npd.hessen\/photos\/a.712955838770517\/6411192678946776\/?locale=de_DE<\/a>\",\"id\":\"25836332-bf65-4342-b93b-5b0db737c55f\"},{\"content\":\"<a href=\\\"https:\/\/chronikle.org\/media\/315\/Leipziger_Zust%C3%A4nde_2019_0.pdf\\\">https:\/\/chronikle.org\/media\/315\/Leipziger_Zust%C3%A4nde_2019_0.pdf<\/a>\",\"id\":\"c78d080d-58d3-4f5d-96fd-8f825c4b023c\"}]"},"categories":[1,1081],"tags":[1163,10,1198,1151,1194,1155,1174,1176,1184,1185,1183,1182,1168,1171,271,1156,1167,58,1172,1173,1199,11,1165,290,965,1208,1207,1162,1166,1206,1164,1169,1150,1158,1177,1160,27,69,1154,1180,224,1201,1170,1203,1202,1178,1159,1204,963,48,1153,92,1175,1186,1179,1205,1152,1193,1191,982,14,1192,1200,1209,1157,1195,1181,1187,1197,1161],"class_list":["post-878","post","type-post","status-publish","format-standard","has-post-thumbnail","hentry","category-allgemein","category-artikel-2023","tag-aachener-burschenschaft-teutonia","tag-afd","tag-afd-stuttgart","tag-allgemeine-deutsche-burschenschaft","tag-andre-kapke","tag-axel-oeljeschlaeger","tag-axel-zimmermann","tag-brixia-innsbruck","tag-burschenschaft-germania-hamburg","tag-burschenschaft-jenensia","tag-burschenschaft-normannia-jena","tag-burschenschaft-rhedaria-allemannia-rostock","tag-burschenschaft-sudetia","tag-burschenschaft-teutonia-freiburg","tag-cdu","tag-cdu-muenzenberg","tag-christoph-maier","tag-danubia-muenchen","tag-denkmalerhaltungsverein-eisenach-e-v-dev","tag-denkmalgefluester","tag-der-burschenschafter","tag-deutsche-burschenschaft","tag-diego-semmler","tag-erika-steinbach","tag-fdp","tag-felix-koschkar","tag-frank-franz","tag-frank-grobe","tag-frederik-bouffier","tag-freie-sachsen","tag-freie-waehler","tag-freundeskreis-der-deutschen-burschenschaft-e-v","tag-germania-giessen","tag-hans-georg-maassen","tag-heiner-frisch","tag-hermann-otto-solms","tag-identitaere","tag-iii-weg","tag-jonathan-katz","tag-julius-schoor","tag-junge-freiheit","tag-junge-liberale","tag-klaus-harsch","tag-leipziger-burschenschaft-arminia","tag-liberale-hochschulgruppe","tag-marco-erat","tag-markus-krall","tag-martin-kohlmann","tag-matthias-bueger","tag-neue-deutsche-burschenschaft","tag-nicolas-janetzky","tag-npd","tag-patrick-koerner","tag-peter-dehoust","tag-peter-lohse","tag-pro-chemnitz","tag-ralf-hoecker","tag-ralf-wohlleben","tag-ralph-oertel","tag-republikaner","tag-rheinfranken-marburg","tag-rick-wedow","tag-robert-zedlitz","tag-robert-zendlitz","tag-roland-tichy","tag-rolf-schlierer","tag-thomas-benzler","tag-thueringer-heimatschutz","tag-verein-zur-erhaltung-der-rechtsstaatlichkeit-und-der-buergerlichen-freiheiten","tag-werteunion"],"_links":{"self":[{"href":"https:\/\/stadtlandvolk.net\/index.php?rest_route=\/wp\/v2\/posts\/878","targetHints":{"allow":["GET"]}}],"collection":[{"href":"https:\/\/stadtlandvolk.net\/index.php?rest_route=\/wp\/v2\/posts"}],"about":[{"href":"https:\/\/stadtlandvolk.net\/index.php?rest_route=\/wp\/v2\/types\/post"}],"author":[{"embeddable":true,"href":"https:\/\/stadtlandvolk.net\/index.php?rest_route=\/wp\/v2\/users\/1"}],"replies":[{"embeddable":true,"href":"https:\/\/stadtlandvolk.net\/index.php?rest_route=%2Fwp%2Fv2%2Fcomments&post=878"}],"version-history":[{"count":11,"href":"https:\/\/stadtlandvolk.net\/index.php?rest_route=\/wp\/v2\/posts\/878\/revisions"}],"predecessor-version":[{"id":898,"href":"https:\/\/stadtlandvolk.net\/index.php?rest_route=\/wp\/v2\/posts\/878\/revisions\/898"}],"wp:featuredmedia":[{"embeddable":true,"href":"https:\/\/stadtlandvolk.net\/index.php?rest_route=\/wp\/v2\/media\/879"}],"wp:attachment":[{"href":"https:\/\/stadtlandvolk.net\/index.php?rest_route=%2Fwp%2Fv2%2Fmedia&parent=878"}],"wp:term":[{"taxonomy":"category","embeddable":true,"href":"https:\/\/stadtlandvolk.net\/index.php?rest_route=%2Fwp%2Fv2%2Fcategories&post=878"},{"taxonomy":"post_tag","embeddable":true,"href":"https:\/\/stadtlandvolk.net\/index.php?rest_route=%2Fwp%2Fv2%2Ftags&post=878"}],"curies":[{"name":"wp","href":"https:\/\/api.w.org\/{rel}","templated":true}]}}