{"id":803,"date":"2023-02-15T16:14:49","date_gmt":"2023-02-15T15:14:49","guid":{"rendered":"https:\/\/stadtlandvolk.net\/?p=803"},"modified":"2023-02-15T16:23:01","modified_gmt":"2023-02-15T15:23:01","slug":"glaubenskrieger-gegen-die-fuersten-der-welt-verschwoerungsideologischer-rap-in-hessen","status":"publish","type":"post","link":"https:\/\/stadtlandvolk.net\/?p=803","title":{"rendered":"Glaubenskrieger gegen die \u201eF\u00fcrsten der Welt\u201c \u2013 Verschw\u00f6rungsideologischer Rap in Hessen"},"content":{"rendered":"\n<p>Recherche von <a href=\"https:\/\/asvi.noblogs.org\/post\/2023\/02\/13\/glaubenskrieger-gegen-die-fuersten-der-welt-verschwoerungsideologischer-rap-in-hessen\/#more-846\">asvi<\/a><\/p>\n\n\n\n<p><strong>Im verschw\u00f6rungsideologischen Milieu ist in den vergangenen Jahren ein Netzwerk rechter Rapper entstanden, von denen sich einige stetig radikalisieren und mittlerweile Anschluss an die AfD und an das offen neonazistische Spektrum gefunden haben. Beispiele hierf\u00fcr sind die hessischen Rapper <em>SchwrzVyce<\/em>, <em>Lapaz<\/em> und <em>Ukvali<\/em>. Ein tragendes Motiv dessen ist der geteilte Antisemitismus.<\/strong><\/p>\n\n\n\n<h4 class=\"wp-block-heading\">SchwrzVyce<\/h4>\n\n\n\n<p>Am 18. Dezember 2022 ver\u00f6ffentliche der aus dem hessischen Marburg stammende Rapper <strong>Kaia Boehm<\/strong> unter seinen Pseudonymen <em>\u201e<\/em><em>SchwrzVyce\u201c<\/em> bzw, \u201e<em>Sascha Weiss<\/em>\u201c einen neuen Song mit dem Titel <a href=\"https:\/\/asvi.noblogs.org\/files\/2023\/02\/Schwrzvyce-AFD.jpg\">\u201eAfD \/ Alternative f\u00fcr Deutschland (Wahlwerbespot)\u201c<\/a>. In dem Musikvideo l\u00e4uft Boehm mit einem AfD-Aufsteller durch die Stadt Frankfurt und beleidigt verschiedene Politiker*innen. Wir nehmen das sexistische, frauen- und schwulenfeindliche Machwerk des Deutschrappers und \u201ePatrioten\u201c Boehm zum Anlass, einige hessische Protagonisten und Gesch\u00e4ftemacher einer Rapszene genauer zu beleuchten, die rund um die Demonstrationen der Corona-Rechten entstandenen ist.<\/p>\n\n\n\n<figure class=\"wp-block-image\" id=\"attachment_847\"><img decoding=\"async\" src=\"https:\/\/asvi.noblogs.org\/files\/2023\/02\/4.png\" alt=\"\" class=\"wp-image-847\"\/><figcaption class=\"wp-element-caption\">Kaia \u201eSchwrzvyce\u201c Boehm mit AfD-Aufsteller in Frankfurt zum Musikvideodreh. Quelle: Youtube<\/figcaption><\/figure>\n\n\n\n<p>Kaia Boehm aka <em>SchwrzVyce<\/em> arbeitete bis vor kurzem in Frankfurt als Executive Manager im Bereich Financial Services. In Folge des Liedes <a href=\"https:\/\/asvi.noblogs.org\/files\/2023\/02\/Schwrzvyce-AFD.jpg\">\u201eAfD \/ Alternative f\u00fcr Deutschland (Wahlwerbespot)\u201c<\/a> distanzierte sich Boehms Arbeitgeber \u00f6ffentlich von diesem und berichtet vom einvernehmlichen Beenden des Arbeitsverh\u00e4ltnisses<a href=\"https:\/\/asvi.noblogs.org\/post\/2023\/02\/13\/glaubenskrieger-gegen-die-fuersten-der-welt-verschwoerungsideologischer-rap-in-hessen\/#sdfootnote1sym\"><sup>1<\/sup><\/a>. Boehm trat in der Vergangenheit bereits vielfach bei Demonstrationen der Corona-Rechten in ganz Deutschland auf und erlangte auf diesem Weg innerhalb der Szene eine gewisse Bekanntheit. Dabei leben seine Auftritte und Songs weniger von musikalischem Talent oder kreativen Ideen, sondern zielen vielmehr auf Provokation ab. So beispielsweise sein Lied \u201eClaus Strunz\u201c, in dem Boehm in Endlossschleife rappt, \u201eals Ungeimpfter bist du hierder Nigger!\u201c. Der Versuch, Reichweite \u00fcber potenzielle Skandale und Provokationen zu generieren, wird beim ersten H\u00f6ren der Musik offensichtlich.<\/p>\n\n\n\n<p>Boehm war zeitweise Teil eines Zusammenschlusses von Deutschrappern, der unter dem Namen \u201e<em>Rapbellions<\/em>\u201c im Fr\u00fchjahr 2021 an die \u00d6ffentlichkeit trat. Prominentestes Gesicht der Gruppe war zu diesem Zeitpunkt <strong>Xavier Naidoo<\/strong><a href=\"https:\/\/asvi.noblogs.org\/post\/2023\/02\/13\/glaubenskrieger-gegen-die-fuersten-der-welt-verschwoerungsideologischer-rap-in-hessen\/#sdfootnote2sym\"><sup>2<\/sup><\/a>, der viele Jahre zuvor mit verschw\u00f6rungsideologischen und schwulenfeindlichen Texten in seinen Liedern Aufmerksamkeit erregte. Neben Naidoo sind aktuell mindestens neun weitere Rapper und Musiker<a href=\"https:\/\/asvi.noblogs.org\/post\/2023\/02\/13\/glaubenskrieger-gegen-die-fuersten-der-welt-verschwoerungsideologischer-rap-in-hessen\/#sdfootnote3sym\"><sup>3<\/sup><\/a> aus ganz Deutschland Teil der <em>Rapbellions<\/em>, Boehm hingegen ist im Herbst 2021 wieder ausgeschieden. Die <em>Rapbellions<\/em> erregten im Fr\u00fchsommer 2021 durch die Ver\u00f6ffentlichung eines gemeinsamen Liedes und einer dazugeh\u00f6rigen Pressemitteilung Aufmerksamkeit. In der Pressemittlung forderte man unter anderem ein \u201eEnde der Gewalt\u201c gegen die Demonstrationen der Corona-Rechten, die \u201eR\u00fcckkehr zum Grundgesetz\u201c und eine \u201eReformation des politischen Systems\u201c. Weit mehr im Mittelpunkt stand jedoch die Ver\u00f6ffentlichung des Songs <a href=\"https:\/\/asvi.noblogs.org\/files\/2023\/02\/Rapbellions-Ich-mach-da-nicht-mit-scaled.jpg\">\u201eIch mach da nicht mit\u201c<\/a>, der oberfl\u00e4chlich Kritik an der Corona-Impfung und den Ma\u00dfnahmen zu Eind\u00e4mmung der Pandemie \u00fcbt, jedoch gespickt ist mit Aussagen und Schlagworten verschiedener Verschw\u00f6rungsmythen. Angefangen mit der Behauptung, dass durch Impfungen Chips implantiert w\u00fcrden (<em>Twanie<\/em>: \u201eDie Impfkampagne ist ein Trick: Erst der Pass, dann der Chip\u201c) bis zur Erz\u00e4hlung, dass sowieso alles einem geheimen Plan einer Elite folgen w\u00fcrde, die eine neue Weltordnung schaffen wolle (<em>Beatus<\/em>: \u201eFuck NWO und bewahr\u2018 mein Gesicht, sie folgen dem Plan, da ist garnichts Zufall\u201c). W\u00e4hrend die 9\/11-Verschw\u00f6rung nur kurz angerissen wird (<em>E1F<\/em>: \u201eEs geht live wie 9\/11: Endlich! Menschen wachen auf\u201c) werden die Anh\u00e4ngerInnen des QAnon-Kultes gleich in mehreren Passagen bedient. Deutlich wird dies wenn <em>Scep<\/em> rappt: \u201eMach Alarm, bewaffne dich, vernichte den tiefen Staat. Mieses Karma f\u00fcr die Bestie, wir jagen sie, sind vernetzt. Wie Himmelsscharen, unsere Kinder warten dass wir sie retten, also los!\u201c. Zu QAnon hatte sich im April 2020 bereits Xavier Naidoo in einer Videobotschaft bekannt. Der QAnon-Mythos behauptet, dass eine geheime Elite j\u00e4hrlich tausende von Kindern entf\u00fchren, foltern und t\u00f6ten l\u00e4sst, um aus deren Blut einen Stoff zur Verj\u00fcngung zu gewinnen. QAnon ist die j\u00fcngste Weitererz\u00e4hlung der aus dem Mittelalter stammenden antisemitischen \u201eRitualmordlegende\u201c, die fantasierte, dass J\u00fcd*innen (christliche) Kinder entf\u00fchren und t\u00f6ten w\u00fcrden um deren Blut f\u00fcr rituelle und medizinische Zwecke zu gebrauchen. Dem entsprechend inszenieren sich auch mehrere der beteiligten Rapper als christliche Glaubenskrieger im Kampf gegen Okkultismus und satanische M\u00e4chte.<\/p>\n\n\n\n<p>Auf die Spitze treibt den Antisemitismus der Vogelsberger Rapper <em>Ukvali<\/em>, der sp\u00e4ter noch genauer beleuchtet werden wird. In seiner Strophe schwadroniert er \u00fcber den Teufel und die \u201eF\u00fcrsten der Welt\u201c, die \u201eMenschenseelen vergiften\u201c, \u201eechte Werte vernichten\u201c und \u201euns zu Sklaven machen\u201c w\u00fcrden. Damit auch kein Missverst\u00e4ndnis aufkommt, wer daf\u00fcr angeblich verantwortlich ist, lautet die letzte Zeile, \u201eKilluminati, man wird sie an den Fr\u00fcchten erkennen\u201c. \u201eKilluminati\u201c ist eine Wortsch\u00f6pfung der extrem Rechten. Sie bezieht sich auf den Illuminatenorden im 18. Jahrhundert, der sich der Aufkl\u00e4rung verpflichtet sah und seit \u00fcber 200 Jahren ein wiederkehrendes Element in der antisemitischen Mythenbildung der angeblichen \u201ej\u00fcdischen Weltverschw\u00f6rung\u201c ist.<\/p>\n\n\n\n<p>Nicht nur vor diesem Hintergrund wirkt der in der Pressemitteilung der <em>Rapbellions<\/em> geforderte Gewaltverzicht geradezu skurril. <em>Scep<\/em> rappt in \u201eIch mach da nicht mit\u201c, \u201ebewaffne dich, vernichte den tiefen Staat\u201c und auch Kaia Boehm spricht in seinem Song \u201eRechtsextrem\u201c davon, dass er sich radikalisiere und \u201ef\u00fcr sein Land mit den n\u00e4chsten Patrioten laufe\u201c, da seine imaginierten Gegner*innen mit der Impfung angefangen h\u00e4tten, einen \u201ekranken Krieg zu f\u00fchren\u201c. Doch wenn man beobachtete, an welch langer Leine die Beh\u00f6rden vielerorts die \u201eCorona-Proteste\u201c laufen lie\u00dfen, obgleich dort st\u00e4ndig Straftaten und Auflagenverst\u00f6\u00dfe begangen wurden, wirkt die Stilisierung zum Opfer eines Krieges, die sich Kaia Boehm in diesem Song anma\u00dft, eher l\u00e4cherlich. Auch wirkt es selbstgerecht und zynisch angesichts der Tatsache, dass derzeit weltweit und auch in Europa Kriege gef\u00fchrt werden, in denen t\u00e4glich Menschen vertrieben, gefoltert, traumatisiert und get\u00f6tet werden. Trotzdem ist die Metapher vom Krieg hochgradig gef\u00e4hrlich \u2013 gerade weil sie sich an ein Milieu richtet, in dem viele keine rationale Wahrnehmung mehr von sich und der Welt haben. Wer sich durch derartige Textzeilen aufstacheln l\u00e4sst und in einem Krieg w\u00e4hnt, der*die r\u00fcstet sich und kann jede Art von Gewalt als einen Akt von Widerstand legitimieren. Dass sich Teile der verschw\u00f6rungsideologischen Szene bewaffnen und Mordpl\u00e4ne entwerfen, machen etliche Razzien und Prozesse der letzten zwei Jahre deutlich.<\/p>\n\n\n\n<figure class=\"wp-block-image\" id=\"attachment_849\"><img decoding=\"async\" src=\"https:\/\/asvi.noblogs.org\/files\/2023\/02\/1.png\" alt=\"\" class=\"wp-image-849\"\/><figcaption class=\"wp-element-caption\">Ehemalige Zusammensetzung der Deutschrap-Gruppe \u201eRapbellions\u201c: 1.v.l. Marc \u201eLapaz\u201c Markowski, 2.v.l.: Kaia \u201eSchwrzVyce\u201c Boehm, 3.v.r. Umut \u201eUkvali\u201c Karakaya. Quelle: Instagram<\/figcaption><\/figure>\n\n\n\n<h4 class=\"wp-block-heading\">Lapaz<\/h4>\n\n\n\n<p>Als Inhaber der Website und des Onlineshops der <em>Rapbellions<\/em> wird <strong>Marc Markowski<\/strong> aka <em>\u201e<\/em><em>Lapaz\u201c <\/em>aus Niestetal bei Kassel gef\u00fchrt. Dieser kann, verglichen mit Boehm, bereits auf eine deutlich l\u00e4ngere und wechselvollere Karriere im Deutschrap zur\u00fcckblicken. Im Jahr 2005 schloss sich Markowski gemeinsam mit <strong>Roman Schwitalla<\/strong> zum Duo <em>Urbanize<\/em> zusammen und hatte einigen musikalischen Erfolg inklusive TV-Auftritten und einer \u201eSchultour gegen Gewalt quer durch Deutschland\u201c<a href=\"https:\/\/asvi.noblogs.org\/post\/2023\/02\/13\/glaubenskrieger-gegen-die-fuersten-der-welt-verschwoerungsideologischer-rap-in-hessen\/#sdfootnote4sym\"><sup>4<\/sup><\/a>. Im M\u00e4rz 2021 distanzierte sich Schwitalla jedoch von Markowski und erkl\u00e4rte das Projekt <em>Urbanize<\/em> f\u00fcr beendet, da Markowski mit \u201eWut, Anfeindungen, Negativit\u00e4t und Hass\u201c um sich werfe und \u201enaiv ungepr\u00fcft Ideologien von Querdenker, QAnon und Trumpfandom\u201c mische<a href=\"https:\/\/asvi.noblogs.org\/post\/2023\/02\/13\/glaubenskrieger-gegen-die-fuersten-der-welt-verschwoerungsideologischer-rap-in-hessen\/#sdfootnote5sym\"><sup>5<\/sup><\/a>. Allerdings sind Markowski und Schwitalla bereits im Kontext der verschw\u00f6rungsideologischen sogenannten Mahnwachen f\u00fcr den Frieden im Jahr 2014 aufgefallen. Damals ver\u00f6ffentlichte <em>Urbanize<\/em> den Song \u201eWir wollen Frieden\u201c, von dem sich Schwitalla auf YouTube inzwischen ebenfalls (teilweise) distanziert hat. Im Song hei\u00dft es beispielsweise<\/p>\n\n\n\n<p>\u201e<em>Wir [\u2026] sind endlich aus dem Schlaf erwacht; sehen, das die Medien uns f\u00fcr dumm verkaufen wollen; und ich w\u00fcnsch uns allen, dass wir den l\u00e4ngeren Atem haben; die Politik endlich einlenkt, denn sie braucht das Volk; und wir, wir brauchen keine F\u00fchrer oder Parlamente, die uns in die Armut dr\u00e4ngen; frag mich, wo ist da die Grenze; sie steigern ihren Profit, versuchen ihren Arsch zu retten, spekulieren mit Rohstoffen, kommen mit neuen Sparpaketen; alles auf unsere Kosten \u2013 Ungeheuer Zinseszins\u201c<\/em><\/p>\n\n\n\n<p>Die Kritik an Profitsteigerung von wenigen und Armut von vielen oder der Spekulation mit Rohstoffen wird hierbei mit dem Hinweis auf \u201eUngeheuer Zinseszins\u201c umgehend ins antisemitische Fahrwasser gelenkt. Denn die Ansicht, dass die Zinspolitik das zentrale \u00dcbel des Finanzsystems ausmachen w\u00fcrde, ist mitnichten antikapitalistisch, sondern konstruiert einen Gegensatz zwischen angeblich \u201eraffendem\u201c und vermeintlich \u201eschaffendem\u201c Kapital, was oft den Kern antisemitischen Verschw\u00f6rungsdenkens bildet. Mit der Gegen\u00fcberstellung von Volk und Elite, der Pauschal-Kritik an \u201eden Medien\u201c und der Betonung der eigenen Erwachungserfahrung finden sich jedoch auch noch einige weitere typische Merkmale von Verschw\u00f6rungsideologien im Text. W\u00e4hrend Schwitalla nun davon schreibt, dass nur Markowski und nicht er selbst die Mahnwachen besucht habe und Teile des Liedes heute \u201ewie typischer Querdenker-Populismus\u201c klingen w\u00fcrden, bezeichnet er die antisemitische Kritik am Zinseszins hingegen auch jetzt noch als \u201eok\u201c<a href=\"https:\/\/asvi.noblogs.org\/post\/2023\/02\/13\/glaubenskrieger-gegen-die-fuersten-der-welt-verschwoerungsideologischer-rap-in-hessen\/#sdfootnote6sym\"><sup>6<\/sup><\/a>. Dass er sich inzwischen von Markowski distanziert zeigt, wie weit dieser nach rechts abgedriftet ist.<\/p>\n\n\n\n<p>Das Lied sollte 2014 laut Markowski explizit eine Aufforderung sein, die \u201eMahnwachen f\u00fcr den Frieden\u201c zu besuchen. Damit verdeutlicht es wie kaum ein zweites Beispiel die inhaltliche Kontinuit\u00e4t zwischen der Bewegung aus dem Jahr 2014 und den Protesten der Corona-Rechten als auch die Kontinuit\u00e4t der beteiligten Akteur*innen. Folgerichtig m\u00f6chte Markowski aka <em>Lapaz<\/em> auch heute den Sound zur Bewegung liefern. In einer seiner j\u00fcngsten Co-Produktionen \u201eArtikel 20 Absatz 4\u201c, die er gemeinsam mit dem Berliner <em>Bustek<\/em> aufgenommen hat, wird unter anderem gerappt \u201eniemand hat Absicht eine Mauer zu errichten, niemand hat die Absicht sie in Auschwitz zu vernichten und niemand hat die Absicht sie mit einem Impfstoff zu vergiften\u201c. Die Gleichsetzung des Konzentrationslagers Auschwitz und der Corona-Impfung ist eine infame Relativierung des Holocausts und zeigt exemplarisch das antisemitische Einstellungsmuster Markowskis, das unter dem Deckmantel der \u201ePolitikkritik\u201c und des vermeintlichen \u201eRechts zum Widerstand\u201c bereits seit 2014 ge\u00e4u\u00dfert wird. Neben der diffusen Politik- bzw. Elitenkritik findet sich in den Liedern von <em>Lapaz<\/em> und <em>Bustek<\/em> wie auch auf den Demonstrationen der Corona-Rechten das Motiv des \u201eSchutzes unserer Kinder\u201c. So behaupten die beiden in \u201eNiemand hat die Absicht\u201c, dass Deutschland ein \u201eParadies f\u00fcr p\u00e4dophile Kindersch\u00e4nder\u201c sei und pr\u00e4sentieren direkt die L\u00f6sung, denn \u201eechte M\u00e4nner braucht das Land\u201c. Mit solchen Textzeilen k\u00f6nnen sich dann viele identifizieren: QAnon-Anh\u00e4nger*innen und die, die gegen die Gleichstellung nicht heterosexueller Lebensweisen und gegen die \u201eFr\u00fchsexualisierung von Kindern\u201c auf die Stra\u00dfe gehen und sich dort l\u00e4ngst mit den \u201eCorona-Rebellen\u201c verb\u00fcndet haben. Inhaltlich ist <em>Lapaz<\/em> gleicherma\u00dfen in Verschw\u00f6rungsdenken, Antisemitismus, sektenhaften Erl\u00f6sungsfantasien, Biologismus und Maskulinismus zu verorten. Von progressiver Gesellschaftskritik, die Markowski von anderen Verschw\u00f6rungsideolog*innen unterstellt wird, ist er hingegen meilenweit entfernt.<\/p>\n\n\n\n<figure class=\"wp-block-image\" id=\"attachment_850\"><img decoding=\"async\" src=\"https:\/\/asvi.noblogs.org\/files\/2023\/02\/3.png\" alt=\"\" class=\"wp-image-850\"\/><figcaption class=\"wp-element-caption\">Marc \u201eLapaz\u201c Markowski und Umut \u201eUkvali\u201c Karakaya (von hinten). Quelle: Instagram<\/figcaption><\/figure>\n\n\n\n<h4 class=\"wp-block-heading\">Ukvali<\/h4>\n\n\n\n<p>Der dritte Protagonist der rechten Rapszene aus Hessen ist <strong>Umut Karakaya <\/strong>aka \u201e<em>Ukvali<\/em><em>\u201c<\/em>, der in Hutzdorf, einem Ortsteil von Schlitz, im Vogelsbergkreis lebt. Auch Karakaya tritt immer wieder auf Corona-Demonstrationen auf, war Teil des ersten Songs der Rapbellions und ver\u00f6ffentlicht seit mindestens 2016 verschw\u00f6rungsideologische und antisemitische Songs; oftmals unter Bezugnahme auf den Begriff Killuminati oder eine vermeintliche Neue Weltordnung (NWO). Schon 2016 nahm Karakaya an einer antisemitischen Demonstration gegen die sogenannte Bilderberg-Konferenz in Dresden teil. Wie schon im Fall Markowski zeigt sich anhand der Person Umut Karakaya ein weiteres Mal die jahrelange Kontinuit\u00e4t extrem rechter Einstellungen und Aktivit\u00e4ten, bevor die Rapper mit der Szene der Corona-Rechten ein neues Bet\u00e4tigungsfeld fanden.<\/p>\n\n\n\n<p>Bei den <em>Rapbellions<\/em> schied Karakaya nach einem Streit um finanzielle Einnahmen aus, daneben war er aber auch Teil des Projekts \u201e<em>Die Konferenz\u201c<\/em>, das parallel zum Release des Songs <a href=\"https:\/\/asvi.noblogs.org\/files\/2023\/02\/Rapbellions-Ich-mach-da-nicht-mit-scaled.jpg\">\u201eIch mach da nicht mit\u201c<\/a> den eigenen Song <a href=\"https:\/\/asvi.noblogs.org\/files\/2023\/02\/Die-Konferenz-Heimat.jpg\">\u201eHeimat\u201c<\/a> rausbrachte. Hier versammelte sich wiederum eine wilde Mischung von Personen aus dem Spektrum der extremen Rechten: So wirkten beispielsweise Xavier Naidoo, der ehemalige AfD-Landtagsabgeordnete <strong>Heinrich Fiechtner<\/strong>, der bekannte Reichsb\u00fcrger und Verschw\u00f6rungsideologie <strong>Jo Conrad<\/strong> sowie der S\u00e4nger der neonazistischen Band <em>Kategorie C<\/em> <strong>Hannes Ostendorf<\/strong> an dem Lied mit<a href=\"https:\/\/asvi.noblogs.org\/post\/2023\/02\/13\/glaubenskrieger-gegen-die-fuersten-der-welt-verschwoerungsideologischer-rap-in-hessen\/#sdfootnote7sym\"><sup>7<\/sup><\/a>. Der Song findet sich unter anderem auf Karakayas YouTube-Kanal und hat dort aktuell fast 50.000 Aufrufe.<\/p>\n\n\n\n<p>In seinem Part des Liedes, dessen Text er aus einem gemeinsamen Song mit dem Rapper <strong>Christoph Aljoscha Zloch<\/strong> aka \u201e<em>Chris Ares\u201c<\/em>, der seit Jahren der <em>Identit\u00e4ren Bewegung<\/em> nahe steht, recycelte, greift Karakaya die in der Rechten \u00fcblichenverschw\u00f6rungsideologische Narrative auf. Er beschreibt ein Land, dessen Souver\u00e4nit\u00e4t von vielen verraten worden sei und das sich \u201eaus dem W\u00fcrgegriff der Schlange befreien\u201c m\u00fcsse. Damit bedient er punktgenau das Denken derer, die glauben dass Deutschland ein von feindlichen M\u00e4chten besetztesLand sei. Und er zeichnet den Gut-und-B\u00f6se-Gegensatz; das unterdr\u00fcckte und verratene deutsche Volk, das sich gegen eine fremde Macht erwehren m\u00fcsse. Die Idealisierung des Menschen, der mit seiner Heimat quasi organisch verbunden und ihr zur Loyalit\u00e4t verpflichtet sei und die Beschw\u00f6rung des gemeinsamen Kampfes der deutschen Recken (\u201eeinsam kommt kein Mann gegen den gemeinsamen Feind an\u201c) macht den Song vollends zu einem triefend v\u00f6lkischen Machwerk.<\/p>\n\n\n\n<p>An der Person Karakaya und dem Projekt <em>Die Konferenz<\/em> wird deutlich, wie sehr das Milieu der Corona-Rechten mit verschiedenen anderen Teilen der extremen Rechten bis hin zum Neonazismus verschmolzen ist. Die Grundlage daf\u00fcr schaffen geteilte Ideologieelemente wie Antisemitismus, Maskulinismus, das gemeinsame Pseudo-Rebellentum oder die Meinung, das Deutschland ein besetztes Land sei. Nicht verwunderlich ist es in diesem Kontext, dass Karakaya am 15. September 2022 in seinem Telegramkanal einen Link zum Lied <a href=\"https:\/\/asvi.noblogs.org\/files\/2023\/02\/Die-Konferenz-Heimat.jpg\">\u201eHeimat\u201c<\/a> gemeinsam mit der Parole \u201eDeutschland erwache\u201c teilte, die urspr\u00fcnglich aus dem sogenannten \u201eSturmlied\u201c der SA stammt und als nationalsozialistische Parole oftmals juristisch verfolgt wird. Dies ist nicht der erste derartige Ausfall Karakayas, denn schon am 7. November 2016 stellte er ein Bild von sich auf Instagram, das einzig mit \u201e#arbeitmachtfrei\u201c beschriftet war. Konsequenzen seines Handelns sind bis dato nicht bekannt und zum Zeitpunkt der Ver\u00f6ffentlichung dieses Textes sind besagte Parolen weiterhin online aufzufinden. Ebenso findet sich in seinem Telegramkanal seit dem 28. Januar 2023 auch ein Aufruf zum j\u00e4hrlichen Neonaziaufmarsch in Dresden. Die Bewerbung dieser Veranstaltung, auf die Ukvalis Abonnent*innen durchweg positiv reagieren, verdeutlicht, dass der Rapper sich nicht nur ideologisch mit der Neonazi-Szene verbunden f\u00fchlt, sondern diese aktiv unterst\u00fctzt.<\/p>\n\n\n<div class=\"wp-block-image\">\n<figure class=\"aligncenter\"><img decoding=\"async\" src=\"https:\/\/asvi.noblogs.org\/files\/2023\/02\/2.png\" alt=\"\" class=\"wp-image-851\"\/><\/figure>\n<\/div>\n\n\n<figure class=\"wp-block-image\"><a href=\"https:\/\/asvi.noblogs.org\/files\/2023\/02\/7.png\"><img decoding=\"async\" src=\"https:\/\/asvi.noblogs.org\/files\/2023\/02\/7.png\" alt=\"\"\/><\/a><\/figure>\n\n\n\n<figure class=\"wp-block-image\"><a href=\"https:\/\/asvi.noblogs.org\/files\/2023\/02\/6.png\"><img decoding=\"async\" src=\"https:\/\/asvi.noblogs.org\/files\/2023\/02\/6.png\" alt=\"\"\/><\/a><\/figure>\n\n\n\n<h4 class=\"wp-block-heading\">Fazit<\/h4>\n\n\n\n<p>Die <em>Rapbellions<\/em> und ihre hessischen Protagonisten kennzeichnet ein extrem rechtes Gedankengut, f\u00fcr das sie mit den Corona-Protesten ein breites und dankbares Publikum gefunden haben. Die Demonstrierenden verschaffen ihnen einerseits die Aufmerksamkeit und Zuh\u00f6rer*innenschaft, die sie sich immer gew\u00fcnscht haben, und bilden andererseits die zahlfreudige Grundlage f\u00fcr eigene Merchandising-Gesch\u00e4fte. Gerade w\u00e4hrend der Hochphase der Corona-Rechten, als deutschlandweit Zehntausende auf den Stra\u00dfen waren, konnten sich die selbsternannten \u201eL\u00f6wen\u201c der <em>Rapbellions<\/em> als die Rebellen inszenieren, die sie gerne w\u00e4ren. Doch bleibt ihre Rebellion reaktion\u00e4r und dient nur als Label zur narzisstischen Selbstdarstellung.<\/p>\n\n\n\n<p>F\u00fcr sie ist der rechte Rap auch eine kommerzielle Verlockung. Sucht man im Internet nach den <em>Rapbellions<\/em>, <em>Ukvali<\/em> oder <em>SchwrzVyce<\/em>, so findet man als erstes die jeweiligen Online-Shops, wo die Musik und reichlich Merchandising-Artikel erworben werden k\u00f6nnen. Wie bei vielen Musiker*innen \u00fcblich wird hier vor allem Kleidung mit den eigenen Logos und Namen angeboten. Die Preise f\u00fcr ein T-Shirt (25 Euro) oder einen Hoodie (55 Euro) sind teils sehr ordentlich. Die Rebellion muss schlie\u00dflich finanziert werden und die Fahrt zur n\u00e4chsten Gro\u00dfdemo der Corona-Rechten zahlt sich auch nicht von alleine.<\/p>\n\n\n\n<p>Vor diesem Hintergrund ist es besonders bitter, dass sich diese rechten Rapper auf allen gro\u00dfen Streamingdiensten finden lassen. Wer die Musik von <em>SchwrzVyce<\/em>, <em>Ukvali<\/em> oder <em>Lapaz<\/em> sucht, wird auf Spotify, Deezer, Apple Music und vielen weiteren Plattformen f\u00fcndig. Viele der Songs haben zehntausende, einige sogar hunderttausende Aufrufe. Das mangelnde Deplatforming tr\u00e4gt zum Erfolg der Rapper bei und vermutlich auch dazu, dass Kaia Boehm den Verlust seines Arbeitsverh\u00e4ltnisses verkraften d\u00fcrfte.<\/p>\n\n\n\n<p>Den <em>Rapbellions<\/em> m\u00fcssen ihre R\u00e4ume genommen werden \u2013 offline wie online. So zum Beispiel am 01. April 2023, wo die beiden <em>Rapbellions<\/em> <em>Twanie<\/em> und <em>Antinorm<\/em> im Angel*Klub in Hamburg gemeinsam mit den anderen Rapbellions die Releaseparty zu ihrem neuen Album feiern m\u00f6chten. Denn #rechtsrapptnicht!<\/p>\n\n\n\n<p><a href=\"https:\/\/asvi.noblogs.org\/post\/2023\/02\/13\/glaubenskrieger-gegen-die-fuersten-der-welt-verschwoerungsideologischer-rap-in-hessen\/#sdfootnote1anc\">1<\/a> Quelle: <a href=\"https:\/\/www.t-online.de\/region\/frankfurt-am-main\/id_100099752\/arbeitgeber-distanziert-sich-rapper-schwrzvyce-verbreitet-verschwoerungen.html\">https:\/\/www.t-online.de\/region\/frankfurt-am-main\/id_100099752\/arbeitgeber-distanziert-sich-rapper-schwrzvyce-verbreitet-verschwoerungen.html<\/a><\/p>\n\n\n\n<p><a href=\"https:\/\/asvi.noblogs.org\/post\/2023\/02\/13\/glaubenskrieger-gegen-die-fuersten-der-welt-verschwoerungsideologischer-rap-in-hessen\/#sdfootnote2anc\">2<\/a> Aktuell wird Naidoo zwar noch auf der Homepage der Rapbellions gef\u00fchrt, ob er sich jedoch selbst noch als Teil des Projektes sieht, ist unklar.<\/p>\n\n\n\n<p><a href=\"https:\/\/asvi.noblogs.org\/post\/2023\/02\/13\/glaubenskrieger-gegen-die-fuersten-der-welt-verschwoerungsideologischer-rap-in-hessen\/#sdfootnote3anc\">3<\/a> Es handelt sich dabei tats\u00e4chlich nur um M\u00e4nner. Da sie sich in ihren Texten vielfach ihrer M\u00e4nnlichkeit versichern und sich zudem misogyn, homo- und transfeindlich \u00e4u\u00dfern, werden sie im Folgenden nicht gegendert.<\/p>\n\n\n\n<p><a href=\"https:\/\/asvi.noblogs.org\/post\/2023\/02\/13\/glaubenskrieger-gegen-die-fuersten-der-welt-verschwoerungsideologischer-rap-in-hessen\/#sdfootnote4anc\">4<\/a> Quelle: <a href=\"https:\/\/www.last.fm\/de\/music\/Urbanize\/+wiki\">https:\/\/www.last.fm\/de\/music\/Urbanize\/+wik<\/a><\/p>\n\n\n\n<p><a href=\"https:\/\/asvi.noblogs.org\/post\/2023\/02\/13\/glaubenskrieger-gegen-die-fuersten-der-welt-verschwoerungsideologischer-rap-in-hessen\/#sdfootnote5anc\">5<\/a> Quelle: <a href=\"https:\/\/www.facebook.com\/photo\/?fbid=4385256411501682&amp;set=a.548799188480776\">https:\/\/www.facebook.com\/photo\/?fbid=4385256411501682&amp;set=a.548799188480776<\/a><\/p>\n\n\n\n<p><a href=\"https:\/\/asvi.noblogs.org\/post\/2023\/02\/13\/glaubenskrieger-gegen-die-fuersten-der-welt-verschwoerungsideologischer-rap-in-hessen\/#sdfootnote6anc\">6<\/a> Quelle: <a href=\"https:\/\/www.youtube.com\/watch?v=lXkhPAd-A2A\">https:\/\/www.youtube.com\/watch?v=lXkhPAd-A2A<\/a><\/p>\n\n\n\n<p><a href=\"https:\/\/asvi.noblogs.org\/post\/2023\/02\/13\/glaubenskrieger-gegen-die-fuersten-der-welt-verschwoerungsideologischer-rap-in-hessen\/#sdfootnote7anc\">7<\/a> Eine vollst\u00e4ndige Liste der Beteiligten findet sich unter: <a href=\"https:\/\/www.psiram.com\/de\/index.php\/Die_Konferenz_Heimat\">https:\/\/www.psiram.com\/de\/index.php\/Die_Konferenz_Heimat<\/a><\/p>\n","protected":false},"excerpt":{"rendered":"<p>Recherche von asvi Im verschw\u00f6rungsideologischen Milieu ist in den vergangenen Jahren ein Netzwerk rechter Rapper entstanden, von denen sich einige stetig radikalisieren und mittlerweile Anschluss an die AfD und an das offen neonazistische Spektrum gefunden haben. Beispiele hierf\u00fcr sind die hessischen Rapper SchwrzVyce, Lapaz und Ukvali. Ein tragendes Motiv dessen ist der geteilte Antisemitismus. SchwrzVyce Am 18. Dezember 2022 ver\u00f6ffentliche der aus dem hessischen Marburg stammende Rapper Kaia Boehm unter seinen Pseudonymen \u201eSchwrzVyce\u201c bzw, \u201eSascha Weiss\u201c einen neuen Song mit dem Titel \u201eAfD \/ Alternative f\u00fcr Deutschland (Wahlwerbespot)\u201c. In dem Musikvideo l\u00e4uft Boehm mit einem AfD-Aufsteller durch die Stadt Frankfurt und beleidigt verschiedene Politiker*innen. Wir nehmen das sexistische, frauen- und schwulenfeindliche Machwerk des Deutschrappers und \u201ePatrioten\u201c Boehm zum Anlass, einige hessische Protagonisten und Gesch\u00e4ftemacher einer Rapszene genauer zu beleuchten, die rund um die Demonstrationen der Corona-Rechten entstandenen ist. Kaia \u201eSchwrzvyce\u201c Boehm mit AfD-Aufsteller in Frankfurt zum Musikvideodreh. Quelle: Youtube Kaia Boehm aka SchwrzVyce arbeitete bis vor kurzem in Frankfurt als Executive Manager im Bereich Financial Services. In Folge des Liedes \u201eAfD \/ Alternative f\u00fcr Deutschland (Wahlwerbespot)\u201c distanzierte sich Boehms Arbeitgeber \u00f6ffentlich von diesem und berichtet vom einvernehmlichen Beenden des Arbeitsverh\u00e4ltnisses1. Boehm trat in der Vergangenheit bereits vielfach bei Demonstrationen der [&#8230;]<\/p>\n","protected":false},"author":1,"featured_media":805,"comment_status":"closed","ping_status":"open","sticky":false,"template":"","format":"standard","meta":{"footnotes":""},"categories":[1,1081],"tags":[10,94,178,1097,1098,1096,27,1095,1087,1085,1091,1089,1093,1090,1084,1086,1092,1094,1088],"class_list":["post-803","post","type-post","status-publish","format-standard","has-post-thumbnail","hentry","category-allgemein","category-artikel-2023","tag-afd","tag-afd-hessen","tag-chris-ares","tag-christoph-aljoscha-zloch","tag-die-konferenz","tag-hannes-ostendorf","tag-identitaere","tag-jo-conrad","tag-kaia-boehm","tag-lapaz","tag-marc-markowski","tag-rapbellions","tag-roman-schwitalla","tag-scep","tag-schwrzvyce","tag-ukvali","tag-umut-karakaya","tag-urbanize","tag-xavier-naidoo"],"_links":{"self":[{"href":"https:\/\/stadtlandvolk.net\/index.php?rest_route=\/wp\/v2\/posts\/803","targetHints":{"allow":["GET"]}}],"collection":[{"href":"https:\/\/stadtlandvolk.net\/index.php?rest_route=\/wp\/v2\/posts"}],"about":[{"href":"https:\/\/stadtlandvolk.net\/index.php?rest_route=\/wp\/v2\/types\/post"}],"author":[{"embeddable":true,"href":"https:\/\/stadtlandvolk.net\/index.php?rest_route=\/wp\/v2\/users\/1"}],"replies":[{"embeddable":true,"href":"https:\/\/stadtlandvolk.net\/index.php?rest_route=%2Fwp%2Fv2%2Fcomments&post=803"}],"version-history":[{"count":1,"href":"https:\/\/stadtlandvolk.net\/index.php?rest_route=\/wp\/v2\/posts\/803\/revisions"}],"predecessor-version":[{"id":804,"href":"https:\/\/stadtlandvolk.net\/index.php?rest_route=\/wp\/v2\/posts\/803\/revisions\/804"}],"wp:featuredmedia":[{"embeddable":true,"href":"https:\/\/stadtlandvolk.net\/index.php?rest_route=\/wp\/v2\/media\/805"}],"wp:attachment":[{"href":"https:\/\/stadtlandvolk.net\/index.php?rest_route=%2Fwp%2Fv2%2Fmedia&parent=803"}],"wp:term":[{"taxonomy":"category","embeddable":true,"href":"https:\/\/stadtlandvolk.net\/index.php?rest_route=%2Fwp%2Fv2%2Fcategories&post=803"},{"taxonomy":"post_tag","embeddable":true,"href":"https:\/\/stadtlandvolk.net\/index.php?rest_route=%2Fwp%2Fv2%2Ftags&post=803"}],"curies":[{"name":"wp","href":"https:\/\/api.w.org\/{rel}","templated":true}]}}