{"id":607,"date":"2021-02-14T18:02:13","date_gmt":"2021-02-14T17:02:13","guid":{"rendered":"https:\/\/stadtlandvolk.net\/?p=607"},"modified":"2021-02-14T18:18:57","modified_gmt":"2021-02-14T17:18:57","slug":"broschuere-afd-und-weiterdenken-bei-der-marburger-kommunalwahl-2021","status":"publish","type":"post","link":"https:\/\/stadtlandvolk.net\/?p=607","title":{"rendered":"Brosch\u00fcre: AfD und Weiterdenken bei der Marburger Kommunalwahl 2021"},"content":{"rendered":"\n<p class=\"has-text-align-center\"><strong>Menschenfeinde treten zur Kommunalwahl an<\/strong><\/p>\n\n\n\n<p>Am 14. M\u00e4rz 2021 finden in Hessen Kommunalwahlen statt. Die folgenden Beitr\u00e4ge sollen einen Einblick in die menschenverachtenden Weltbilder von AfD und Corona-Leugner_innen geben, welche im Landkreis Marburg Biedenkopf mit eigenen Listen zur Wahl antreten werden. Um ausf\u00fchrlichere Informationen \u00fcber diese Kreise zu erhalten, empfehlen wir die Recherche-Ergebnisse auf dem Blog <em>Stadt, Land, Volk<\/em> und weitere antifaschistische Publikationen aus Marburg, wie den Blog <a href=\"http:\/\/keinfriedenmitantisemiten.noblogs.org\"><em>Kein Frieden mit Antisemiten<\/em><\/a>.<\/p>\n\n\n\n<p><strong>Die AfD (Marburg Biedenkopf) als Teil der extremen Rechten<\/strong><\/p>\n\n\n\n<p>Was bundesweit f\u00fcr die AfD im Hinblick auf das Verh\u00e4ltnis zu extrem rechten Postionen und Personenkreisen gilt, trifft auch auf die AfD Marburg Biedenkopf zu. Neben Sympathien f\u00fcr die <em>Identit\u00e4re Bewegung<\/em><sup>1<\/sup>, die <a href=\"https:\/\/stadtlandvolk.net\/?tag=michael-franke\">Michael Franke<\/a> und <a href=\"https:\/\/stadtlandvolk.net\/?tag=werner-gosewinkel\">Werner Gosewinkel<\/a> auf Social Media-Plattformen zur Schau stellen, besuchen auch offen erkennbare Neonazis ihre Veranstaltungen, wie beispielsweise im August 2018 in Niedereisenhausen, bei der eine Person mit Thor Steinar-Pullover geduldet wurde.<\/p>\n\n\n\n<figure class=\"wp-block-image size-large\"><img loading=\"lazy\" decoding=\"async\" width=\"883\" height=\"440\" src=\"https:\/\/stadtlandvolk.net\/wp-content\/uploads\/2021\/02\/Neonazi_mit_Legion_Nord-Pullover_der_extrem_rechten_Marke_Thor_Steinar_bei_einer_AfD_Veranstaltung_2018_in_Niedereisenhausen.cleaned.jpg\" alt=\"\" class=\"wp-image-614\" srcset=\"https:\/\/stadtlandvolk.net\/wp-content\/uploads\/2021\/02\/Neonazi_mit_Legion_Nord-Pullover_der_extrem_rechten_Marke_Thor_Steinar_bei_einer_AfD_Veranstaltung_2018_in_Niedereisenhausen.cleaned.jpg 883w, https:\/\/stadtlandvolk.net\/wp-content\/uploads\/2021\/02\/Neonazi_mit_Legion_Nord-Pullover_der_extrem_rechten_Marke_Thor_Steinar_bei_einer_AfD_Veranstaltung_2018_in_Niedereisenhausen.cleaned-300x149.jpg 300w, https:\/\/stadtlandvolk.net\/wp-content\/uploads\/2021\/02\/Neonazi_mit_Legion_Nord-Pullover_der_extrem_rechten_Marke_Thor_Steinar_bei_einer_AfD_Veranstaltung_2018_in_Niedereisenhausen.cleaned-768x383.jpg 768w\" sizes=\"auto, (max-width: 883px) 100vw, 883px\" \/><figcaption>Neonazi (rechts) im Legion Nord Pulli von Thor Steinar<\/figcaption><\/figure>\n\n\n\n<p>Aus dem Marburger StudentInnenverbindungs-Milieu rekrutiert die AfD bundesweit Kader, speziell aus den Reihen der Marburger Naziburschenschaften <em><a href=\"https:\/\/stadtlandvolk.net\/?tag=marburger-burschenschaft-germania\">Germania<\/a><\/em>, <em><a href=\"https:\/\/stadtlandvolk.net\/?tag=rheinfranken-marburg\">Rheinfranken<\/a><\/em> und <em><a href=\"https:\/\/stadtlandvolk.net\/?tag=normania-leipzig-zu-marburg\">Normannia Leipzig<\/a><\/em>, die alle in der <em>Deutschen Burschenschaft<\/em> organisiert sind. So war beispielsweise Johannes H\u00fchn, der bis 2020 Vorsitzender des Marburger AfD-Stadtverbandes war, w\u00e4hrend seines Studiums bei der Naziburschenschaft <em>Normannia Leipzig zu Marburg<\/em> aktiv. Des Weiteren wurde Anfang 2017, unter Mitwirkung der AfD Marburg Biedenkopf, der Kreisverband der <em>Jungen Alternativen (JA)<\/em> gegr\u00fcndet.<\/p>\n\n\n\n<p>Daran beteiligt war <a href=\"https:\/\/stadtlandvolk.net\/?p=153\"><strong>Julian<\/strong> <strong>Schmidt<\/strong><\/a>, der sich auch dieses Mal f\u00fcr den Kreistag aufstellt, 2017 einen revisionistischen Offenen Brief schrieb und seitdem f\u00fcr MdB Uwe Schuld aus Gie\u00dfen Bundestagsmitarbeiter ist. Au\u00dferdem unterst\u00fctzt wurden sie dabei von zwei Marburger Burschenschaftlern: <a href=\"https:\/\/stadtlandvolk.net\/?tag=simon-buessing\"><strong>Simon<\/strong> <strong>B\u00fcssing<\/strong><\/a>, der bereits Sprecher der Marburger Burschenschaft Arminia war, und <a href=\"https:\/\/stadtlandvolk.net\/?tag=nils-grunemann\"><strong>Nils<\/strong> <strong>Grunemann<\/strong><\/a>, Mitglied der Marburger Naziburschenschaft Germania und 2013 als Bundessprecher der <em>Identit\u00e4ren<\/em> aktiv. Inzwischen hat Letzterer Marburg verlassen und l\u00e4sst sich bei den extrem rechten <em>Piusbr\u00fcdern<\/em> zum Priester ausbilden.<\/p>\n\n\n\n<p>Das Projekt der <em>JA Marburg Biedenkopf<\/em> ist an der antifaschistischen Aufdeckung der Verwicklungen der <em>Identit\u00e4ren<\/em> mit der Partei-Jugendorganisation, trotz Unvereinbarkeitsbeschluss, gescheitert. Seither hat die Marburger AfD offensichtlich ein Nachwuchsproblem, denn es lassen sich kaum Personen f\u00fcr den Landkreis und die Stadtverordnetenversammlung aufstellen, die j\u00fcnger als 60 Jahre alt sind. Einer von ihnen ist <strong>Karl<\/strong> <strong>Bingel<\/strong>, Listenplatz 10 der Stadtverordnetenversammlung, der viele Jahre lang Vorsitzender und Sprecher der revisionistischen <em>Marburger J\u00e4ger<\/em> war, aktuell ist er 2. Vorsitzender. Die <em>Marburger J\u00e4ger<\/em> sind ein Sammelbecken von Rechtskonservativen bis hin zu Vertretern der extremen Rechten.<\/p>\n\n\n\n<p>F\u00fcr die AfD treten also auch hier in Hessen fast nur alte wei\u00dfe M\u00e4nner an. Ausnahmen bilden <strong>Heike<\/strong> <strong>Balzer<\/strong>, langj\u00e4hrige Kassenw\u00e4rtin der Partei und am Fachbereich 19 Geografie der Uni Marburg angestellt, sowie <strong>Ellen<\/strong> <strong>Prussa<\/strong><strong>k<\/strong>, die gro\u00dfer Fan des Reichsb\u00fcrger-Stars Xavier Naidoo ist<strong>.<\/strong><\/p>\n\n\n\n<p>Auch zu weiteren Marburger Naziburschenschaften pflegt sie gute Kontakte, allen voran zu den <em>Rheinfranken<\/em>. Als Bj\u00f6rn H\u00f6cke auf dem Verbindungshaus der Rheinfranken 2015 sprechen sollte, k\u00fcndigte Werner Gosewinkel seine Teilnahme an. Allerdings blieb es offensichtlich nicht dabei, denn 2017 sprach auch der Marburger AfDler <a href=\"https:\/\/stadtlandvolk.net\/?tag=matthias-pozzi\">Matthias Pozzi<\/a> auf Einladung als Vertreter der <em>Marburger J\u00e4ger<\/em> auf dem Stiftungsfest dieser Verbindung. Bei der Einweihung der Gedenktafel f\u00fcr die Morde von Mechterst\u00e4dt provozierte Pozzi durch einen gemeinsamen Besuch mit den Nazi-Burschen. Bei den <em>Rheinfranken<\/em> sammeln sich au\u00dferdem Kader der <em>JA Niedersachsen<\/em>, welche 2018 wegen extrem rechten Umtrieben aufgel\u00f6st wurde. Grund hierf\u00fcr war unter anderem, dass aus den Reihen der <em>JA Niedersachsen<\/em> der Hitler-Attent\u00e4ter Stauffenberg als \u201eVerr\u00e4ter\u201c bezeichnet wurde.<\/p>\n\n\n\n<p>Auch im aktuellen Wahlprogramm finden sich einschneidende Forderungen, die das Weltbild der AfD offenlegen. In diesem f\u00fchlt sie sich von geschlechtergerechter Sprache bedroht, fordert die Einstellung der finanziellen Unterst\u00fctzung weltoffener und vielf\u00e4ltiger Kulturangebote und schreibt in rassistischer und antisemitischer Manier von negativen Ausw\u00fcchsen des \u201eMultikulturalismus\u201c und einer \u201eglobalistischen Nicht-Kultur\u201c. Zudem fordert sie die Abschaffung des Labels \u201eSchule mit Courage- Schule ohne Rassismus\u201c mit der Begr\u00fcndung, die Sch\u00fcler_innen w\u00fcrden dadurch politisch beeinflusst &#8211; als sei antirassistische Erziehung eine blo\u00dfe Meinung.<\/p>\n\n\n\n<p>Zusammenfassend l\u00e4sst sich festhalten, dass die AfD Marburg Biedenkopf eine Anlaufstelle f\u00fcr verschiedene extrem rechte Akteur_innen im Landkreis ist und somit diesen als Karrieresprungbrett und politisches Zuhause dient. Egal ob Dorf-Nazis, Studentenverbinder oder \u201eTraditionsverband\u201c wie die <em>Marburger J\u00e4ger<\/em>: In der AfD sind Faschist_innen verschiedenster Str\u00f6mungen willkommen.<\/p>\n\n\n\n<p><strong>Die AfD und ihr Verh\u00e4ltnis zu (<em>Querdenke<\/em><em>n<\/em> und) Corona-Leugner_innen<\/strong><\/p>\n\n\n\n<p>Anfang des Jahres bem\u00e4ngelte die AfD noch das Vorgehen der Regierung in Sachen Corona als nicht weitgreifend genug, im Laufe des Jahres schlossen sie sich dann der Sammlungsbewegung der Corona-Leugner_innen (um <em>Querdenken<\/em>) an. <em>Querdenken<\/em> bietet Dorf-Nazis, <em>Identit\u00e4ren<\/em>, Verschw\u00f6rungsideolog_innen, \u201ebesorgten B\u00fcrger_innen\u201c und Reichsb\u00fcrgerInnen die M\u00f6glichkeit, zusammenzukommen. F\u00fcr die extreme Rechte, also auch f\u00fcr die AfD, ist das \u00e4u\u00dferst praktisch, da sie geduldet werden, mitmachen d\u00fcrfen und ihre Ansichten nicht als menschenverachtend entlarvt, sondern als eine Meinung unter vielen akzeptiert werden.<\/p>\n\n\n\n<p>Auch Akteure der AfD Marburg fallen auf Social Media-Plattformen immer wieder durch Beitr\u00e4ge auf, in welchen Verschw\u00f6rungsmythen \u00fcber Corona verbreitet werden. So beispielsweise <a href=\"https:\/\/stadtlandvolk.net\/?tag=sebastian-ehricke\">Sebastian Ehricke<\/a>, der immer wieder Videos des Verschw\u00f6rungsideologen Ken Jebsen teilt, welcher f\u00fcr seine antisemitischen \u00c4u\u00dferungen bekannt ist. Aber auch Werner Gosewinkel f\u00e4llt dadurch auf, dass er Beitr\u00e4ge von <em>Klagemauer-TV<\/em> postet, in denen Verschw\u00f6rungsmythen \u00fcber die Corona-Impfstoffe herbei fantasiert werden. <em>Klagemauer-TV<\/em> ist grunds\u00e4tzlich ein Portal f\u00fcr Verschw\u00f6rungsmythen, das esoterische, antisemitische und rassistische Weltbilder verbreitet. Betrieben wird es von Ivo Sasek, einem esoterischen Sekten-F\u00fchrer aus der Schweiz.<\/p>\n\n\n\n<p><strong>Die AfD Marburg<\/strong><\/p>\n\n\n\n<div class=\"wp-block-image\"><figure class=\"alignleft size-large is-resized\"><img loading=\"lazy\" decoding=\"async\" src=\"https:\/\/stadtlandvolk.net\/wp-content\/uploads\/2021\/02\/Michael_Franke.cleaned.jpg\" alt=\"\" class=\"wp-image-613\" width=\"211\" height=\"317\" srcset=\"https:\/\/stadtlandvolk.net\/wp-content\/uploads\/2021\/02\/Michael_Franke.cleaned.jpg 638w, https:\/\/stadtlandvolk.net\/wp-content\/uploads\/2021\/02\/Michael_Franke.cleaned-199x300.jpg 199w\" sizes=\"auto, (max-width: 211px) 100vw, 211px\" \/><figcaption>Michael Franke<\/figcaption><\/figure><\/div>\n\n\n\n<p><strong>Michael Franke<\/strong><\/p>\n\n\n\n<p>Adresse: Stresemannstra\u00dfe 2, 35037 Marburg<\/p>\n\n\n\n<p>Michael Franke ist Sprecher der AfD Marburg und tritt auf Listenplatz 2 zur Stadtverordnetenversammlung an. In sozialen Medien f\u00e4llt er immer wieder durch sein Kommentar-Verhalten auf. Oft verpackt er dabei seine menschenverachtenden Postionen als Witz und versucht so, diese in den Diskurs einflie\u00dfen zu lassen. Er wirft z.B. die Frage auf, ob \u201eNazi\u201c nicht f\u00fcr \u201eNationaler Zionist\u201c stehe, wodurch er versucht Juden und J\u00fcdinnen mit Nazis gleichzusetzen. Immer wieder bekundet er au\u00dferdem seine Sympathien f\u00fcr die extrem rechten <em>Identit\u00e4ren<\/em>. So gef\u00e4llt ihm beispielsweise deren Kampagne <em>120 Dezibel<\/em>. Auch gefallen ihm Solidarit\u00e4tsbekundungen mit Xavier Naidoo, der den Reichsb\u00fcrgerInnen nahe steht. Was f\u00fcr ihn eine ganz normale demokratische Opposition ist, verdeutlicht auch folgende Aussage: \u201eIn anderen L\u00e4ndern nach mehr Rechten f\u00fcr die Opposition schreien und im eigenen Land missliebige K\u00fcnstler verbieten lassen.\u201c Hier solidarisiert er sich mit dem extrem rechten Rapper Chris Ares, der immer wieder bei den <em>Identit\u00e4ren <\/em>auftrat und auch ein Album mit Patrick Bass (alias <em>Komplott<\/em>) von der Naziburschenschaft <em>Germania Marburg<\/em> herausbrachte. Gro\u00dfer Fan von Patrick Bass ist auch Stephan Ernst, der verurteilte M\u00f6rder von Walter L\u00fcbcke und mutma\u00dfliche Attent\u00e4ter auf Ahmed I., der seine Autogrammkarte mit pers\u00f6nlicher Widmung besa\u00df.<\/p>\n\n\n\n<p><\/p>\n\n\n\n<div class=\"wp-block-image\"><figure class=\"alignleft size-large is-resized\"><img loading=\"lazy\" decoding=\"async\" src=\"https:\/\/stadtlandvolk.net\/wp-content\/uploads\/2021\/02\/Sebastian_Ehricke.cleaned.jpg\" alt=\"\" class=\"wp-image-615\" width=\"210\" height=\"405\" srcset=\"https:\/\/stadtlandvolk.net\/wp-content\/uploads\/2021\/02\/Sebastian_Ehricke.cleaned.jpg 349w, https:\/\/stadtlandvolk.net\/wp-content\/uploads\/2021\/02\/Sebastian_Ehricke.cleaned-156x300.jpg 156w\" sizes=\"auto, (max-width: 210px) 100vw, 210px\" \/><figcaption>Sebastian Ehricke<\/figcaption><\/figure><\/div>\n\n\n\n<p><strong>Sebastian Ehricke<\/strong><\/p>\n\n\n\n<p>Adresse: Am Richtsberg 64, 35039 Marburg<\/p>\n\n\n\n<p>Sebastian Ehricke ist Student der Politikwissenschaften und im Marburger AfD Stadtverband aktiv. Laut Eigenaussage kam er zur AfD, nachdem die Piraten-Partei, in der er sich wohl engagierte, von \u201eAntideutschen\u201c unterwandert worden sei. Politisch ist er in einem verschw\u00f6rungstheoretischen Milieu zu verorten. Ehricke ist Unterst\u00fctzer der Corona-Leugner_innen und teilt in sozialen Medien immer wieder Inhalte von Ken Jebsen. Nach dem sogenannten Sturm auf den Reichstag durch Corona-Leugner_innen, versuchte er die schwarz-wei\u00df-rote Reichsfahne zu einem demokratischen Symbol umzudeuten: \u201eDie Reichsflagge ist aber Symbol einer konstituierenden (sic!) Monarchie und damit der Anfang der Demokratisierung unseres sch\u00f6nen Landes.\u201c Er versucht stetig die extreme Rechte zu verharmlosen und fantasiert stattdessen eine Bedrohung durch Linke herbei, unter anderem verunglimpft er Proteste gegen die AfD als Terrorismus. Anl\u00e4sslich des rassistischen Terroranschlags in Hanau zu Beginn des letzten Jahres <a href=\"https:\/\/stadtlandvolk.net\/?p=253\">ver\u00f6ffentlichte er einen Post<\/a>, in welchem er dem Attent\u00e4ter unterstellt, dass \u201eein M\u00f6rder so einen Akt des Terrors besser plant<em>\u201c. <\/em>Er konzipiert in seinem Text selbst ein \u201eeffizienteres\u201c Vorgehen, wof\u00fcr er verschiedene Orte in Hanau heraussuchte, an denen sich viele Migrant_innen bewegen. Er bem\u00e4ngelt, dass der Attent\u00e4ter keine Rohr-Bomben oder Brands\u00e4tze gebaut habe, weil die seiner Meinung nach \u201eimmer gehen\u201c. Zum Brand des Fl\u00fcchtlingslagers auf Moria und der Behauptung, dass Gefl\u00fcchtete dieses Feuer gelegt haben sollen, meint er: \u201eWenn dann mal ein paar von den Anz\u00fcndern angez\u00fcndet werden ist das Geschrei gro\u00df.\u201c<\/p>\n\n\n\n<p><\/p>\n\n\n\n<div class=\"wp-block-image\"><figure class=\"alignleft size-large is-resized\"><img loading=\"lazy\" decoding=\"async\" src=\"https:\/\/stadtlandvolk.net\/wp-content\/uploads\/2021\/02\/Matthias_Pozzi.cleaned.jpg\" alt=\"\" class=\"wp-image-612\" width=\"230\" height=\"307\" srcset=\"https:\/\/stadtlandvolk.net\/wp-content\/uploads\/2021\/02\/Matthias_Pozzi.cleaned.jpg 720w, https:\/\/stadtlandvolk.net\/wp-content\/uploads\/2021\/02\/Matthias_Pozzi.cleaned-225x300.jpg 225w\" sizes=\"auto, (max-width: 230px) 100vw, 230px\" \/><figcaption>Matthias Pozzi<\/figcaption><\/figure><\/div>\n\n\n\n<p><strong>Matthias Pozzi<\/strong><\/p>\n\n\n\n<p>Adresse: Wilhelm-Busch-Stra\u00dfe 21, 35037 Marburg<\/p>\n\n\n\n<p>Matthias Pozzi ist schon seit etlichen Jahren f\u00fcr die Kameradschaft <em>Marburger J\u00e4ger<\/em> in verschiedenen Vorstandsposten aktiv, welche seit ihrer Gr\u00fcndung an quasi allen deutschen Kriegsverbrechen beteiligt war und kandidierte bei der Kommunalwahl 2001 f\u00fcr die CDU. Seit der Konstitution der AfD hat er dort seine parteipolitische Heimat gefunden, in der er seine reaktion\u00e4ren Positionen verbreiten kann. Im AfD-Stadtverband ist er Gr\u00fcndungsmitglied und l\u00e4sst sich nun auf Listenplatz 1 aufstellen. Mit Matthias Pozzi hat die Marburger AfD eine gute Verbindung zu den hier ans\u00e4ssigen Naziburschenschaften. 2017 war er auf Einladung Gast beim Sommerfest der <em>Rheinfranken<\/em>, im April 2019 nahm er zusammen mit Neonazis der <em>Rheinfranken<\/em> an der Er\u00f6ffnung einer Gedenktafel zu den Morden von Mechterst\u00e4dt teil. Die Arbeiter von Mechterst\u00e4dt wurden im Nachgang des Kapp-Putsches von Marburger Verbindungsstudenten ermordet. Und nicht nur Matthias, sondern auch seine Kinder pflegen einen guten Kontakt zu den Nazi-Burschen der <em>Rheinfranken.<\/em><\/p>\n\n\n\n<p><\/p>\n\n\n\n<div class=\"wp-block-image\"><figure class=\"alignleft size-large is-resized\"><img loading=\"lazy\" decoding=\"async\" src=\"https:\/\/stadtlandvolk.net\/wp-content\/uploads\/2021\/02\/Johannes_Huehn.cleaned.jpg\" alt=\"\" class=\"wp-image-611\" width=\"236\" height=\"236\" srcset=\"https:\/\/stadtlandvolk.net\/wp-content\/uploads\/2021\/02\/Johannes_Huehn.cleaned.jpg 394w, https:\/\/stadtlandvolk.net\/wp-content\/uploads\/2021\/02\/Johannes_Huehn.cleaned-300x300.jpg 300w, https:\/\/stadtlandvolk.net\/wp-content\/uploads\/2021\/02\/Johannes_Huehn.cleaned-150x150.jpg 150w\" sizes=\"auto, (max-width: 236px) 100vw, 236px\" \/><figcaption>Johannes H\u00fchn<\/figcaption><\/figure><\/div>\n\n\n\n<p><strong>Johannes H\u00fchn<\/strong><\/p>\n\n\n\n<p>Adresse: Steinr\u00fccken 9, 35039 Bauerbach<\/p>\n\n\n\n<p>Johannes H\u00fchn war bis Ende 2020 Sprecher des AfD Stadtverbands Marburg. W\u00e4hrend seiner Studienzeit in Marburg war er Mitglied bei der Naziburschenschaft <em>Normannia Leipzig zu Marburg<\/em> und wurde in diesem Kontext bereits 1994 in einem Flugblatt in der Marburger Mensa als \u201eFascho-Bursche\u201c und \u201eNationalist im zivilgesellschaftlichen Schafspelz\u201c bezeichnet; zivilgesellschaftlich deshalb, weil er damals ab 1991 drei Jahre lang Vorsitzender des <em>RCDS<\/em>, der Studierendenorganisation der CDU, war. Parteimitglied war er ab 1987 und sa\u00df Ende der 1990er Jahre bereits f\u00fcr die CDU in der Stadtverordnetenversammlung. Damit trat H\u00fchn als Student in die Fu\u00dfstapfen des heutigen AfD-Ehrenvorsitzen Alexander Gauland, der in den 1960er Jahren ebenfalls in Marburg studierte und auch f\u00fcr den <em>RCDS<\/em> aktiv war. Dass ausgerechnet Johannes H\u00fchn 2019 eine Veranstaltung mit Alexander Gauland in Bauerbach organisierte, scheint vor diesem Hintergrund kein Zufall zu sein. In sozialen Medien l\u00e4sst H\u00fchn auch noch 2020 verlauten: \u201eNormannia tritt niemand wegen eines preiswerten Zimmers bei \u2026. sondern aus \u00dcberzeugung!!!\u201c Welche \u00dcberzeugungen Mitglieder der Burschenschaft <em>Normannia Leipzig zu Marburg<\/em> teilen, ist ausf\u00fchrlich auf dem Blog <em>Stadt, Land, Volk<\/em> nachzulesen. So posiert das Normannia-Mitglied Benjamin Haasis vor einer Hakenkreuzfahne, Adrien Volkmann, ebenfalls Normanne, fuhr jahrelang mit einem Aufkleber der <em>Germanischen Artgemeinschaft<\/em> auf seinem Auto herum. Die Burschenschaft <em>Normannia Leipzig<\/em> ist Mitglied im Dachverband der <em>Deutschen Burschenschaft<\/em>, welche Deutschland in seinen jetzigen Grenzen nicht anerkennt, Frauen ausschlie\u00dft und rassistische \u00dcberzeugungen vertritt. Bereits in den 1990er Jahren, zur Studienzeit H\u00fchns, verteilten Mitglieder der <em>Normannia<\/em> Flyer der extrem rechten Republikaner-Partei und fielen immer wieder durch Gewalttaten auf. Die Gewaltbereitschaft zeigte sich auch noch in j\u00fcngeren Jahren, als am 29.04.2017 Normannen an Angriffen auf Journalist_innen in der Marburger Lutherstra\u00dfe beteiligt waren.<\/p>\n\n\n\n<p><\/p>\n\n\n\n<div class=\"wp-block-image\"><figure class=\"alignleft size-large is-resized\"><img loading=\"lazy\" decoding=\"async\" src=\"https:\/\/stadtlandvolk.net\/wp-content\/uploads\/2021\/02\/Werner_Gosewinkel.cleaned.jpg\" alt=\"\" class=\"wp-image-616\" width=\"241\" height=\"241\" srcset=\"https:\/\/stadtlandvolk.net\/wp-content\/uploads\/2021\/02\/Werner_Gosewinkel.cleaned.jpg 604w, https:\/\/stadtlandvolk.net\/wp-content\/uploads\/2021\/02\/Werner_Gosewinkel.cleaned-300x300.jpg 300w, https:\/\/stadtlandvolk.net\/wp-content\/uploads\/2021\/02\/Werner_Gosewinkel.cleaned-150x150.jpg 150w\" sizes=\"auto, (max-width: 241px) 100vw, 241px\" \/><figcaption>Werner Gosewinkel<\/figcaption><\/figure><\/div>\n\n\n\n<p><strong>Werner Gosewinkel<\/strong><\/p>\n\n\n\n<p>Adresse: Wei\u00dfdornweg 6, 35041 Marburg Elnhausen<\/p>\n\n\n\n<p>Werner Gosewinkel ist dem extrem rechten Parteifl\u00fcgel zuzuordnen und erkl\u00e4rter Gegner von AfD-Chef J\u00f6rg Meuthen. Mit anderen AkteurInnen der extremen Rechten hat er wenig Ber\u00fchrungs\u00e4ngste. So ist er auf Facebook mit dem langj\u00e4hrigen NPD-Mitglied Karl Richter aus M\u00fcnchen befreundet und teilt dessen Posts, bezeichnete eine Aktion der <em>Identit\u00e4ren<\/em> in Marburg als \u201etoll\u201c, besuchte PEGIDA-Demonstrationen und wollte an der Veranstaltung von Bj\u00f6rn H\u00f6cke auf dem Haus der Rheinfranken 2015 teilnehmen. Auf Facebook bezeichnet er zudem Homosexualit\u00e4t als \u201eabnormal\u201c und feiert die t\u00f6dliche Grenzpolitik Viktor Orbans. Im Zuge der Corona-Pandemie offenbarte er sich als Fan der sogenannten \u201eCorona-Rebellen\u201c und teile einen Beitrag der antisemitischen Seite <em>Klagemauer TV<\/em>. Gosewinkel ist offensichtlich extrem rechts und sympathisiert mit diversen rechten und rassistischen Aktionen und AkteurInnen, \u00fcber Parteigrenzen und formelle Unvereinbarkeitsbeschl\u00fcsse hinweg.<\/p>\n\n\n\n<p>\u201e<strong>Weiterdenken Marburg\u201c und ihr Verh\u00e4ltnis zur extremen Rechten<\/strong><\/p>\n\n\n\n<p><em>Disclaimer: Wir halten Weiterdenken Marburg und \u00e4hnliche Verschw\u00f6rungsideolog_innen f\u00fcr sehr gef\u00e4hrlich und erkl\u00e4ren ihnen unsere Gegnerschaft. Jedoch halten wir es f\u00fcr verk\u00fcrzt und gef\u00e4hrlich f\u00fcr die aktuelle desolate Situation und die hohe Anzahl an Todesf\u00e4llen, alleine die sogenannten Coronaleugner_innen bzw. -skeptiker_innen verantwortlich zu machen. Dass die Zahlen der an Corona Erkrankten seit Wochen auf hohem Niveau sind und so viele Menschen an dem Virus sterben, ist unserer Auffassung nach die direkte Folge der Corona-Politik der Bundesregierung und zudem Kapitalinteressen geschuldet. Lange Zeit wurde vermieden, den scheinbar heiligen Bereich der Arbeit und Produktion einzuschr\u00e4nken. Stattdessen wurden quasi alle Ma\u00dfnahmen zur Eind\u00e4mmung des Virus in der privaten, sozialen und kulturellen Sph\u00e4re vorgenommen. Zus\u00e4tzlich wurde der Pflegesektor auch in Deutschland in den letzten Jahren neoliberal kaputt gespart, Krankenh\u00e4user privatisiert und das Gesundheitssystem weitgehend \u00f6konomisch verwertet. Die Querfront von Esoteriker_innen, extrem Rechten und anderen Verschw\u00f6rungsideolog_innen ist dennoch in ihrer Gef\u00e4hrlichkeit und ihrem Gewaltpotential nicht zu untersch\u00e4tzen.<\/em><\/p>\n\n\n\n<p><em>Weiterdenken Marburg<\/em> ist die lokale Organisation derer, die das Coronavirus mit einer Grippe gleichsetzen und damit die Gef\u00e4hrlichkeit der Pandemie leugnen. Zur Kommunalwahl treten sie als <em>B\u00fcrgerliste Weiterdenken<\/em> an. Immer wieder wurden auf Veranstaltungen von <em>Weiterdenken Marburg<\/em> Gegendemonstrant_innen bedroht und Versuche unternommen, diese physisch anzugreifen. Bei Aktionen der Gruppierung wurden Schilder mit antisemitischen Slogans wie \u201eImpfzwang macht frei\u201c oder \u201eBuchenwald statt Querdenken\u201c gezeigt. Kontinuierlich wird versucht, die historisch unvergleichlichen Verbrechen im Dritten Reich zu relativieren. Zudem <a href=\"https:\/\/stadtlandvolk.net\/?p=335\">besuchten auch bekannte Neonazis die Kundgebungen<\/a>, die vom Personenkreis um <em>Weiterdenken Marburg<\/em> organisiert wurden:<\/p>\n\n\n\n<p><strong>Tim Schmerer <\/strong>aus Neukirch ist Mitglied der Partei <em>Die Rechte<\/em>, wobei er 2020 auch deren Beisitzer im Landesvorstand Hessen war. Er beteiligte sich unter anderem an einer Demonstration am 31.10.2019 zur Unterst\u00fctzung der Holocaustleugnerin Ursula Haverbeck in Bielefeld. Immer wieder ist er auch mit rassistischen Gewalttaten aufgefallen. Zuletzt stand er Ende 2020 vor Gericht, weil er mit anderen Neonazis ein Bistro in Kirchhain angegriffen hat.<\/p>\n\n\n\n<p>Auch der Neonazi <strong>Andreas Haldorn<\/strong> aus Schwalmstadt nahm an einer Corona-Leugner_innen- Kundgebung in Marburg teil. Er beteiligte sich an einer Demonstration der Partei \u201eIII. Weg\u201c in Fulda am 16. Februar 2019 und an diversen Rechtsrockkonzerten in Themar. Begleitet wurden die Beiden von <strong>Ulrich Meissner<\/strong>, der von verschiedenen Rechtsrockkonzerten und als Kunde von Nazi-Versandhandel wie <em>Opos Records <\/em>bekannt ist.<\/p>\n\n\n\n<p>Am 05.09.2020 <a href=\"https:\/\/stadtlandvolk.net\/?p=468\">besuchte auch <strong>Manuel Mann<\/strong> eine Kundgebung<\/a> von <em>Weiterdenken Marburg<\/em>. Nach der Kundgebung versuchte er einen Gegendemonstranten anzugreifen. Manuel Mann ist seit \u00fcber 20 Jahren als Neonazi bekannt, bereits 1999 war er Teil des <em>Volkstreuen Komitees f\u00fcr gute Ratschl\u00e4ge<\/em> auf und meldete Nazidemonstrationen an. 2009 trat er f\u00fcr die NPD zur Bundestagswahl in Marburg an. Mann besuchte \u00fcber die Jahre diverse Naziaufm\u00e4rsche, z.B. 2011 in Stollberg, bevor er 2014 behauptete, kein Nazi mehr zu sein. 2020 tauchte Mann dann wieder am Rande von <em>Black Lives Matter<\/em>-Protesten in Marburg auf, die an diesem Tag auch durch Frank Michler, dem Oberb\u00fcrgermeisterkandidaten der B\u00fcrgerliste <em>Weiterdenken Marburg<\/em>, gest\u00f6rt wurden.<\/p>\n\n\n\n<p><em>Weiterdenken Marburg<\/em> hat kein Problem damit mit Neonazis auf die Stra\u00dfe zu gehen, was sich auch an ihrer Beteiligung an Corona-Leugner_innen-Demonstrationen in Berlin und Leipzig zeigt. Sie lassen in ihrer Agitationsstrategie bewusst die rechte Flanke offen.<\/p>\n\n\n\n<p><strong>Akteure von \u201eWeiterdenken Marburg\u201c<\/strong><\/p>\n\n\n\n<div class=\"wp-block-image\"><figure class=\"alignleft size-large is-resized\"><img loading=\"lazy\" decoding=\"async\" src=\"https:\/\/stadtlandvolk.net\/wp-content\/uploads\/2021\/02\/Hermann_Ploppa.cleaned.jpg\" alt=\"\" class=\"wp-image-610\" width=\"254\" height=\"312\" srcset=\"https:\/\/stadtlandvolk.net\/wp-content\/uploads\/2021\/02\/Hermann_Ploppa.cleaned.jpg 410w, https:\/\/stadtlandvolk.net\/wp-content\/uploads\/2021\/02\/Hermann_Ploppa.cleaned-244x300.jpg 244w\" sizes=\"auto, (max-width: 254px) 100vw, 254px\" \/><figcaption>Hermann Ploppa<\/figcaption><\/figure><\/div>\n\n\n\n<p><strong>Hermann Ploppa<\/strong><\/p>\n\n\n\n<p>Adresse: Friedensplatz 4, 35037 Marburg<\/p>\n\n\n\n<p>Mit Hermann Ploppa stellt sich ein bundesweit aktiver Agitator der Coronaleugner_innen- Szene f\u00fcr Marburg auf. Urspr\u00fcnglich mal als Linker angefangen, vertritt er inzwischen eine menschenverachtende und antisemitische Weltanschauung. In Marburg hat er <em>Nicht-ohne-uns<\/em> mitgegr\u00fcndet, nach kurzer Zeit diese aber wieder verlassen, um bundesweit auf Tour zu gehen. Seitdem hat er auf unz\u00e4hligen verschw\u00f6rungsideologischen Kundgebungen gesprochen und ist zweifelsohne eine deutschlandweit bekannte und relevante Person in der Corona-Leugner_innen-Szene: Im Rahmen seiner Rede am 04.07.2020 in Ulm traf er sich mit dem Coronaleugner-Arzt Bodo Schiffmann in einem Caf\u00e9. In Berlin war er bei den gro\u00dfen Corona-Demonstrationen am 31.07.2020 und 29.08.2020 ebenfalls als Redner vertreten, wobei er in der Rede vom 31.07.2020 vor dem Reichstag den Holocaust durch die Aussage relativierte, die Coronama\u00dfnahmen seien \u201eschlimmer als der 2. Weltkrieg&#8220;. Au\u00dferdem behauptete er, die Eliten w\u00fcrden \u201eeugenische Verbrechen wieder begehen\u201c und warnte, dass die Regierung wie Marie Antoinette, die hingerichtet wurde, enden w\u00fcrde.<\/p>\n\n\n\n<p>Seit einiger Zeit ist Ploppa wieder in Marburg aktiv und sprach beispielsweise am 24.10.2020 f\u00fcr <em>Weiterdenken Marburg<\/em>. Mit ihm auf Listenplatz 1 hat <em>Weiterdenken Marburg<\/em> somit einen bundesweit prominenten Antisemiten an ihre Spitze gew\u00e4hlt.<\/p>\n\n\n\n<div class=\"wp-block-image\"><figure class=\"alignleft size-large is-resized\"><img loading=\"lazy\" decoding=\"async\" src=\"https:\/\/stadtlandvolk.net\/wp-content\/uploads\/2021\/02\/Frank_Michler.cleaned.png\" alt=\"\" class=\"wp-image-609\" width=\"226\" height=\"325\" srcset=\"https:\/\/stadtlandvolk.net\/wp-content\/uploads\/2021\/02\/Frank_Michler.cleaned.png 337w, https:\/\/stadtlandvolk.net\/wp-content\/uploads\/2021\/02\/Frank_Michler.cleaned-209x300.png 209w\" sizes=\"auto, (max-width: 226px) 100vw, 226px\" \/><figcaption>Frank Michler<\/figcaption><\/figure><\/div>\n\n\n\n<p><strong>Frank Michler<\/strong><\/p>\n\n\n\n<p>Adresse: Lahntor 5, 35037 Marburg<\/p>\n\n\n\n<p>Frank Michler ist der zentrale Organisator der Corona-Leugner_innen in Marburg. Er ist Betreiber der Internetseite von <em>Weiterdenken Marburg<\/em>. Sowohl bei Versammlungen dieser Gruppierung, als auch auf der Internetseite wird regelm\u00e4\u00dfig der Nationalsozialismus relativiert, z.B. wenn in den Forderungen der <em>B\u00fcrgerliste Weiterdenken<\/em> von einer \u201edigitalen B\u00fccherverbrennung\u201c geredet wird, die gro\u00dfe Konzerne wie YouTube betreiben w\u00fcrden, wenn diese verschw\u00f6rungstheoretische Videos von ihren Plattformen l\u00f6schen. So wird versucht die Einzigartigkeit der Verbrechen des Nationalsozialismus infrage zu stellen. Am 06.06.2020 st\u00f6rte Frank Michler eine Kundgebung von <em>Black Lives Matter<\/em> in Marburg. Dass sich bekennende Neonazis wie Tim Schmerer, Andreas Haldorn, Ulrich Meissner und Manuel Mann in einer solchen Gesellschaft wohlf\u00fchlen, ist kaum verwunderlich.<\/p>\n\n\n\n<p><\/p>\n\n\n\n<p><\/p>\n\n\n\n<p><\/p>\n\n\n\n<p><\/p>\n\n\n\n<p><\/p>\n\n\n\n<p><\/p>\n\n\n\n<p class=\"has-text-align-center\"><strong>Diese Menschenfeinde treten zur Wahl an:<\/strong><\/p>\n\n\n\n<p class=\"has-text-align-center\">Listen f\u00fcr die Stadtverordnetenversammlung:<\/p>\n\n\n\n<figure class=\"wp-block-table\"><table><tbody><tr><td><strong>AfD<\/strong><\/td><td><strong><\/strong><\/td><td><strong><\/strong><\/td><td><strong><\/strong><\/td><\/tr><tr><td><strong>Name<\/strong><\/td><td><strong>Vorname<\/strong><\/td><td><strong>Beruf<\/strong><\/td><td><strong>Wohnort<\/strong><\/td><\/tr><tr><td>Pozzi<\/td><td>Matthias<\/td><td>Diplom-Kaufmann<\/td><td>Marburg<\/td><\/tr><tr><td>Franke<\/td><td>Michael<\/td><td>Selbstst\u00e4ndiger<\/td><td>Marburg<\/td><\/tr><tr><td>Balzer<\/td><td>Heike<\/td><td>Sekret\u00e4rin<\/td><td>Marburg<\/td><\/tr><tr><td>Ehricke<\/td><td>Sebastian<\/td><td>B\u00fcrokaufmann<\/td><td>Marburg<\/td><\/tr><tr><td>H\u00fchn<\/td><td>Johannes<\/td><td>Angestellter<\/td><td>Marburg<\/td><\/tr><tr><td>Prussak<\/td><td>Ellen<\/td><td>Hausfrau<\/td><td>Marburg<\/td><\/tr><tr><td>Wess<\/td><td>Franz<\/td><td>Rentner<\/td><td>Marburg<\/td><\/tr><tr><td>Schmidt-Effing<\/td><td>Reinhard<\/td><td>Pension\u00e4r<\/td><td>Marburg<\/td><\/tr><tr><td>Kissel<\/td><td>Wilfried<\/td><td>Oberstleutnant a. D.<\/td><td>Marburg<\/td><\/tr><tr><td>Bingel<\/td><td>Karl<\/td><td>Rentner<\/td><td>Marburg<\/td><\/tr><tr><td>Gosewinkel<\/td><td>Werner Otto<\/td><td>Rentner<\/td><td>Marburg<\/td><\/tr><tr><td><\/td><td><\/td><td><\/td><td><\/td><\/tr><tr><td><strong>Weiterdenken<\/strong><\/td><td><\/td><td><\/td><td><\/td><\/tr><tr><td><strong>Name<\/strong><\/td><td><strong>Vorname<\/strong><\/td><td><strong>Beruf<\/strong><\/td><td><strong>Wohnort<\/strong><\/td><\/tr><tr><td>Ploppa<\/td><td>Hermann<\/td><td>Journalist<\/td><td>Marburg<\/td><\/tr><tr><td>Michler<\/td><td>Frank<\/td><td>Softwareentwickler<\/td><td>Marburg<\/td><\/tr><tr><td>Linn<\/td><td>Johannes<\/td><td>Forst-Sachverst\u00e4ndiger<\/td><td>Marburg<\/td><\/tr><tr><td>Kissik<\/td><td>Jan<\/td><td>Unternehmer<\/td><td>Marburg<\/td><\/tr><tr><td>Shumeiko<\/td><td>Larisa<\/td><td>\u00dcbersetzerin<\/td><td>Marburg<\/td><\/tr><tr><td>Seide<\/td><td>Steffi<\/td><td>Ergotherapeutin<\/td><td>Marburg<\/td><\/tr><tr><td>Engels-Asaad<\/td><td>Carolin<\/td><td>Lehrerin<\/td><td>Marburg<\/td><\/tr><tr><td>Zimmermann<\/td><td>Bj\u00f6rn<\/td><td>Antiquar<\/td><td>Marburg<\/td><\/tr><tr><td>Thiel<\/td><td>Michael<\/td><td>Arzt<\/td><td>Marburg<\/td><\/tr><tr><td>Freund<\/td><td>Markus<\/td><td>Betriebswirt<\/td><td>Marburg<\/td><\/tr><tr><td>Schnizler<\/td><td>Gabriel<\/td><td>Student<\/td><td>Marburg<\/td><\/tr><tr><td>Winterberg<\/td><td>Violetta<\/td><td>Alltagsbegleiterin<\/td><td>Marburg<\/td><\/tr><tr><td>Bender<\/td><td>Sandra<\/td><td>K\u00fcnstlerin<\/td><td>Marburg<\/td><\/tr><\/tbody><\/table><\/figure>\n\n\n\n<p>Liste der AfD f\u00fcr den Kreistag:<br><\/p>\n\n\n\n<figure class=\"wp-block-table\"><table><tbody><tr><td><strong>Name<\/strong><\/td><td><strong>Vorname<\/strong><\/td><td><strong>Beruf<\/strong><\/td><td><strong>Wohnort<\/strong><\/td><\/tr><tr><td>Bolldorf<\/td><td>Karl<\/td><td>Landtagsabgeordneter<\/td><td>Biedenkopf<\/td><\/tr><tr><td>Schmidt<\/td><td>Julian<\/td><td>Wirtschaftsingenieur<\/td><td>Angelburg<\/td><\/tr><tr><td>Balzer<\/td><td>Heike<\/td><td>Sekret\u00e4rin<\/td><td>Marburg<\/td><\/tr><tr><td>Schmidt<\/td><td>Sebastian<\/td><td>Werkzeugmechaniker<\/td><td>Breidenbach<\/td><\/tr><tr><td>Wagner<\/td><td>J\u00fcrgen<\/td><td>Selbstst\u00e4ndiger<\/td><td>Breidenbach<\/td><\/tr><tr><td>Kissel<\/td><td>Wilfried<\/td><td>Oberstleutnant a. D.<\/td><td>Marburg<\/td><\/tr><tr><td>Ehricke<\/td><td>Sebastian<\/td><td>B\u00fcrokaufmann<\/td><td>Marburg<\/td><\/tr><tr><td>K\u00f6ther<\/td><td>Franziska<\/td><td>Pension\u00e4rin<\/td><td>Angelburg<\/td><\/tr><tr><td>Pozzi<\/td><td>Matthias<\/td><td>Diplom-Kaufmann<\/td><td>Marburg<\/td><\/tr><tr><td>Schmidt<\/td><td>Jessica<\/td><td>Sales Manager<\/td><td>Angelburg<\/td><\/tr><tr><td>Schrantz<\/td><td>G\u00fcnter<\/td><td>Rentner<\/td><td>Kirchhain<\/td><\/tr><tr><td>Haberzeth<\/td><td>Ralf<\/td><td>Selbstst\u00e4ndiger<\/td><td>Bad Endbach<\/td><\/tr><tr><td>Rhiel<\/td><td>Gerhard<\/td><td>Berufskraftfahrer<\/td><td>Lohra<\/td><\/tr><tr><td>Franke<\/td><td>Michael<\/td><td>Selbstst\u00e4ndiger<\/td><td>Marburg<\/td><\/tr><tr><td>Hermann<\/td><td>Uwe<\/td><td>Maurer<\/td><td>Angelburg<\/td><\/tr><tr><td>Nau<\/td><td>Ludwig<\/td><td>Landwirt<\/td><td>Kirchhain<\/td><\/tr><tr><td>Gosewinkel<\/td><td>Werner<\/td><td>Rentner<\/td><td>Marburg<\/td><\/tr><tr><td>Wess<\/td><td>Franz<\/td><td>Rentner<\/td><td>Marburg<\/td><\/tr><tr><td>H\u00fchn<\/td><td>Johannes<\/td><td>Angestellter<\/td><td>Marburg<\/td><\/tr><tr><td>Scheuermann<\/td><td>Gerhard<\/td><td>Rentner<\/td><td>Ebsdorfergrund<\/td><\/tr><tr><td>Hungerberg<\/td><td>Edgar<\/td><td>Selbstst\u00e4ndiger<\/td><td>Breidenbach<\/td><\/tr><tr><td>Heck<\/td><td>Patrick<\/td><td>Sicherheitsfachkraft<\/td><td>Gladenbach<\/td><\/tr><tr><td>Willner<\/td><td>Heinrich<\/td><td>Rentner<\/td><td>Breidenbach<\/td><\/tr><tr><td>Faltinski<\/td><td>Stephan<\/td><td>Mechatroniker<\/td><td>Breidenbach<\/td><\/tr><tr><td>Tabery<\/td><td>Horst<\/td><td>Rentner<\/td><td>Breidenbach<\/td><\/tr><tr><td>Prussak<\/td><td>Ellen<\/td><td>Hausfrau<\/td><td>Marburg<\/td><\/tr><tr><td>Naumann<\/td><td>Hermann<\/td><td>Diplom-Ingenieur<\/td><td>Gladenbach<\/td><\/tr><tr><td>Heinscher<\/td><td>Harald<\/td><td>Versicherungsangestellter<\/td><td>Wetter (Hessen)<\/td><\/tr><tr><td>Schmidt-Effing<\/td><td>Reinhard<\/td><td>Universit\u00e4tsprofessor i. R.<\/td><td>Marburg<\/td><\/tr><tr><td>Ronzheimer<\/td><td>Theo<\/td><td>Rentner<\/td><td>C\u00f6lbe<\/td><\/tr><tr><td>Busch<\/td><td>Ronald<\/td><td>Betriebsschlosser<\/td><td>Biedenkopf<\/td><\/tr><tr><td>Bolldorf<\/td><td>Simone<\/td><td>Krankenschwester<\/td><td>Biedenkopf<\/td><\/tr><\/tbody><\/table><\/figure>\n\n\n\n<p><br><\/p>\n\n\n\n<div class=\"wp-block-file\"><a href=\"https:\/\/stadtlandvolk.net\/wp-content\/uploads\/2021\/02\/Broschure_AfD_und_Weiterdenken_bei_der_Marburger_Kommunalwahl_2021.cleaned.pdf\">Die komplette Brosch\u00fcre als PDF<\/a><a href=\"https:\/\/stadtlandvolk.net\/wp-content\/uploads\/2021\/02\/Broschure_AfD_und_Weiterdenken_bei_der_Marburger_Kommunalwahl_2021.cleaned.pdf\" class=\"wp-block-file__button\" download>Herunterladen<\/a><\/div>\n\n\n\n<p><sup>1<\/sup>Da die Identit\u00e4ren entgegen ihrer eigenen Darstellung keine Bewegung sind, nennen wir sie im Folgenden <em>Identit\u00e4re<\/em><\/p>\n\n\n\n<p><em>Wir haben einen Mailverteiler eingerichtet, in den ihr euch privat oder als Gruppe eintragen k\u00f6nnt, um stets auf dem aktuellen Stand zu sein und alle unsere Artikel zugeschickt zu bekommen. Ein- und austragen k\u00f6nnt ihr euch <a href=\"https:\/\/lists-11.immerda.ch\/mailman\/listinfo\/stadtlandvolk\">hier<\/a>. Wir freuen uns \u00fcber viele Abonnent*innen!<\/em><\/p>\n","protected":false},"excerpt":{"rendered":"<p>Am 14. M\u00e4rz 2021 finden in Hessen Kommunalwahlen statt. Die folgenden Beitr\u00e4ge sollen einen Einblick in die menschenverachtenden Weltbilder von AfD und Corona-Leugner_innen geben<\/p>\n","protected":false},"author":1,"featured_media":627,"comment_status":"closed","ping_status":"open","sticky":false,"template":"","format":"standard","meta":{"footnotes":""},"categories":[1,983,984],"tags":[172,375,50,28,479,24,1022,995,994,1021,271,992,178,11,1007,987,996,997,1001,1025,387,1006,173,1002,1013,389,1009,1012,1011,27,991,988,1018,96,386,1017,329,45,51,986,989,990,71,1019,1005,967,47,353,1024,376,1023,475,44,126,92,478,70,1008,26,447,993,998,14,1015,1027,391,42,1016,1020,966,1010,1014,476,477,1004,985,1026,968,388,999],"class_list":["post-607","post","type-post","status-publish","format-standard","has-post-thumbnail","hentry","category-allgemein","category-artikel-2021","category-broschueren-2021","tag-adrien-volkmann","tag-afd-marburg","tag-afd-marburg-biedenkopf","tag-alexander-gauland","tag-andreas-haldorn","tag-bjoern-hoecke","tag-bjoern-zimmermann","tag-bodo-schiffmann","tag-buergerliste-weiterdenken","tag-carolin-engels-asaad","tag-cdu","tag-cdu-marburg","tag-chris-ares","tag-deutsche-burschenschaft","tag-edgar-hungerberg","tag-ellen-prussak","tag-frank-michler","tag-franz-wess","tag-franziska-koether","tag-gabriel-schnizler","tag-gerhard-riel","tag-gerhard-scheuermann","tag-germanische-artgemeinschaft","tag-guenther-schrantz","tag-harald-heinscher","tag-heike-balzer","tag-heinrich-willner","tag-hermann-naumann","tag-horst-tabery","tag-identitaere","tag-ivo-sasek","tag-ja-niedersachsen","tag-jan-kissik","tag-jessica-schmidt","tag-johannes-huehn","tag-johannes-linn","tag-joerg-meuthen","tag-julian-schmidt","tag-junge-alternative-marburg-biedenkopf","tag-karl-bingel","tag-ken-jebsen","tag-klagemauer-tv","tag-komplott","tag-larisa-shumeiko","tag-ludwig-nau","tag-manuel-mann","tag-marburger-burschenschaft-arminia","tag-marburger-jaeger","tag-markus-freund","tag-michael-franke","tag-michael-thiel","tag-nicht-ohne-uns","tag-nils-grunemann","tag-normania-leipzig-zu-marburg","tag-npd","tag-opos-records","tag-patrick-bass","tag-patrick-heck","tag-pegida","tag-piusbruderschaft","tag-rcds-marburg","tag-reinhard-schmidt-effing","tag-rheinfranken-marburg","tag-ronald-busch","tag-sandra-bender","tag-sebastian-ehricke","tag-simon-buessing","tag-simone-bolldorf","tag-steffi-seide","tag-stephan-ernst","tag-stephan-faltinksi","tag-theo-ronzheimer","tag-tim-schmerer","tag-ulrich-meissner","tag-uwe-hermann","tag-uwe-schulz","tag-violetta-winterberg","tag-weiterdenken-marburg","tag-werner-gosewinkel","tag-wilfried-kissel"],"_links":{"self":[{"href":"https:\/\/stadtlandvolk.net\/index.php?rest_route=\/wp\/v2\/posts\/607","targetHints":{"allow":["GET"]}}],"collection":[{"href":"https:\/\/stadtlandvolk.net\/index.php?rest_route=\/wp\/v2\/posts"}],"about":[{"href":"https:\/\/stadtlandvolk.net\/index.php?rest_route=\/wp\/v2\/types\/post"}],"author":[{"embeddable":true,"href":"https:\/\/stadtlandvolk.net\/index.php?rest_route=\/wp\/v2\/users\/1"}],"replies":[{"embeddable":true,"href":"https:\/\/stadtlandvolk.net\/index.php?rest_route=%2Fwp%2Fv2%2Fcomments&post=607"}],"version-history":[{"count":13,"href":"https:\/\/stadtlandvolk.net\/index.php?rest_route=\/wp\/v2\/posts\/607\/revisions"}],"predecessor-version":[{"id":633,"href":"https:\/\/stadtlandvolk.net\/index.php?rest_route=\/wp\/v2\/posts\/607\/revisions\/633"}],"wp:featuredmedia":[{"embeddable":true,"href":"https:\/\/stadtlandvolk.net\/index.php?rest_route=\/wp\/v2\/media\/627"}],"wp:attachment":[{"href":"https:\/\/stadtlandvolk.net\/index.php?rest_route=%2Fwp%2Fv2%2Fmedia&parent=607"}],"wp:term":[{"taxonomy":"category","embeddable":true,"href":"https:\/\/stadtlandvolk.net\/index.php?rest_route=%2Fwp%2Fv2%2Fcategories&post=607"},{"taxonomy":"post_tag","embeddable":true,"href":"https:\/\/stadtlandvolk.net\/index.php?rest_route=%2Fwp%2Fv2%2Ftags&post=607"}],"curies":[{"name":"wp","href":"https:\/\/api.w.org\/{rel}","templated":true}]}}