{"id":316,"date":"2018-06-07T23:52:00","date_gmt":"2018-06-07T21:52:00","guid":{"rendered":"https:\/\/stadtlandvolk.net\/?p=316"},"modified":"2020-09-15T16:19:11","modified_gmt":"2020-09-15T14:19:11","slug":"till-weckmueller-moritz-hermann-otto-georg-nieder-germania-marburg-geoutet","status":"publish","type":"post","link":"https:\/\/stadtlandvolk.net\/?p=316","title":{"rendered":"Till Weckm\u00fcller &#038; Moritz Hermann Otto Georg Nieder (Germania Marburg) geoutet"},"content":{"rendered":"\n<p class=\"has-text-align-right\"><em>07.06.2018<\/em><\/p>\n\n\n\n<h2 class=\"wp-block-heading\"><strong>Achtung Nazibursche: Till Weckm\u00fcller<\/strong><\/h2>\n\n\n\n<div class=\"wp-block-image\"><figure class=\"alignright\"><img decoding=\"async\" src=\"http:\/\/stadtlandvolk.noblogs.org\/files\/2018\/06\/Till-Weckmueller-150x150.jpg\" alt=\"\" class=\"wp-image-565\"\/><\/figure><\/div>\n\n\n\n<p><strong>Geb.: 15.12.1995<br>01578\/7182018<\/strong><\/p>\n\n\n\n<p><strong>tillweckm\u00fcller@yahoo.de<br>Germania Marburg<br>Studiengang: Jura<\/strong><\/p>\n\n\n\n<div class=\"wp-block-image\"><figure class=\"alignright\"><img decoding=\"async\" src=\"http:\/\/stadtlandvolk.noblogs.org\/files\/2018\/06\/till-beschnitten-1.jpg\" alt=\"\" class=\"wp-image-569\"\/><\/figure><\/div>\n\n\n\n<p>Als das erste Mal im Rheinfrankenleak \u00fcber Till Weckm\u00fcller berichtet wurde, war er Mitglied der Rheinfranken. 2016\/17 wurde er Aktiver der Germanen, vermutlich um seine Kontakte ins neurechte Millieu weiter auszubauen.<\/p>\n\n\n\n<p>Die Burschenschaft Germania geh\u00f6rt mit den Rheinfranken und der Normannia-Leipzig zu der ersten Adresse f\u00fcr studierende Neonazis in Marburg und gilt als Kaderschmiede extrem rechter Strukturen in Deutschland.<br>Till Weckm\u00fcller kommt aus Hahnheim, bei Rheinhessen. Seine Neonazi-Karriere begann er fr\u00fch. Mit 17 war er an einem Anschlag auf den Verein Arab Nil-Rhein in Mainz beteiligt, pflegt Kontakte zum Hooligan-Spektrum von Waldhof Mannheim und wurde bereits als Aktivist der Neonazi-Partei \u201eder Dritte Weg\u201c identifiziert, welche ma\u00dfgeblich die Strukturen der verbotenen Plattform \u201eFreies Netz S\u00fcd\u201c weiterf\u00fchrt.<br>In Marburg studiert er nun Jura. Die Rechtswissenschaften in Marburg fallen schon l\u00e4nger \u201eals Planschbecken f\u00fcr Burschenschafter\u201c auf. Zu Beginn des Wintersemesters 2017\/18 gab es z.B. Flyeraktionen in Jura-Vorlesungen sowie eine OE-Begr\u00fc\u00dfung im Schlosspark. Viele TeamerInnen f\u00fchrten ihre Ersties geziehlt zu Verbindungspartys. Das Jahr 2017 war f\u00fcr Till ein aufregendes Jahr. Am 11. Februar war er beim \u201eTag der Ehre\u201c in Budapest. Es handelt sich hierbei um eine Blood&amp;Honor-Veranstaltung, zum Gedenken an die \u201eheldenhafte Tat\u201c von Nazis, die versuchten sich im 2.Weltkrieg aus einer Belagerung der Roten Armee zu befreien. Sp\u00e4ter im Jahr war er bei gewaltt\u00e4tigen Angriffen beteiligt, die vom JALandeskongress gegen FotografInnen ausgingen.<\/p>\n\n\n\n<p>Bei Till Weckm\u00fcller handelt es sich um einen Burschenschafter, welcher Verbindungen zu auff\u00e4llig gewaltbereiten rechten Gruppierungen pflegt und unter anderem wegen seines Besuchs bei einer Blood&amp;Honor-Veranstaltung Kontakte zu rechtsterroristischen Vereinigungen vermuten l\u00e4sst.<\/p>\n\n\n\n<p><strong>Neonazis ihr Jura-Studium versauen!<\/strong><\/p>\n\n\n\n<p>&#8212;&#8212;&#8212;&#8212;&#8212;&#8212;&#8212;&#8212;&#8212;&#8212;&#8212;&#8212;&#8212;&#8212;&#8212;&#8212;&#8212;&#8212;-<\/p>\n\n\n\n<h2 class=\"wp-block-heading\"><strong>Vorsicht extrem rechter Bursche!<\/strong><\/h2>\n\n\n\n<p><strong><br>Moritz Hermann Otto Georg Nieder<br>Lutherstra\u00dfe 3<br>Marburg<br>Studiengang: Medizin<\/strong><\/p>\n\n\n\n<div class=\"wp-block-image\"><figure class=\"alignleft\"><img decoding=\"async\" src=\"http:\/\/stadtlandvolk.noblogs.org\/files\/2018\/06\/Nieder-vorneLinks-150x150.jpg\" alt=\"\" class=\"wp-image-564\"\/><\/figure><\/div>\n\n\n\n<p>Im Sommersemester 2017 war er Aktivensprecher der Marburger Burschenschaft Germania, die im Dachverband der Deutschen Burschenschaft (DB) aktiv ist.<br>Am 29.4.2017 war er einer der Beteiligten bei \u00dcbergriffen auf Antifaschist_innen in der Marburger Lutherstra\u00dfe, als diese den Landeskongress der Jungen Alternative (JA) Hessen dokumentierten. Mit Pfefferspray und Schl\u00e4gen griffen sie am hellichten Tag mehrfach Antifaschist_innen an. Immer wieder wurde Moritz Nieder beim Verkleben von Stickern der Identit\u00e4ren<br>Bewegung (IB) in der Marburger Innenstadt beobachtet.<\/p>\n\n\n\n<p>Auch Moritz Vater ist Burschenschafter und in der extremen Rechten aktiv. Achim Nieder (Oststra\u00dfe 5, 38272, Burgdorf) ist f\u00fcr die nieders\u00e4chsische AfD (Alternative f\u00fcr Deutschland) aktiv und sitzt f\u00fcr diese auch im lokalen Kreistag und stand auch auf deren Listenplatz 16 f\u00fcr die Bundestagswahl 2017. Des Weiteren ist er Alter Herr der Frankonia Erlangen. Diese ist f\u00fcr ihre N\u00e4he zur extremen Rechten bekannt und im gleichen Dachverband wie die Burschenschaft Germania Marburg, in der sein Sohn aktiv ist, organisiert. Die Frankonia Erlangen brachte immer wieder Kader der extremen Rechten, wie den NPD-Mann Frank Miksch hervor und f\u00e4llt in den letzten Monaten als Anlaufstelle f\u00fcr die IB im Raum Erlangen und N\u00fcrnberg auf.<\/p>\n\n\n\n<p>Die antifaschistische Kampagne &#8222;Stadt, Land, Volk&#8220; meint dazu: &#8222;Die Germania Marburg und Frankonia Erlangen sind beide ganz eindeutig Naziburschenschaften. Es ist also kein Zufall, dass Moritz Nieder bei der Germania Marburg gelandet ist.&#8220;<\/p>\n\n\n\n<p><strong>Moritz, du Otto, mit der Ruhe ist es jetzt vorbei!<\/strong><\/p>\n\n\n\n<p>Quelle: https:\/\/de.indymedia.org\/node\/21689<\/p>\n","protected":false},"excerpt":{"rendered":"<p>07.06.2018 Achtung Nazibursche: Till Weckm\u00fcller Geb.: 15.12.199501578\/7182018 tillweckm\u00fcller@yahoo.deGermania MarburgStudiengang: Jura Als das erste Mal im Rheinfrankenleak \u00fcber Till Weckm\u00fcller berichtet wurde, war er Mitglied der Rheinfranken. 2016\/17 wurde er Aktiver der Germanen, vermutlich um seine Kontakte ins neurechte Millieu weiter auszubauen. Die Burschenschaft Germania geh\u00f6rt mit den Rheinfranken und der Normannia-Leipzig zu der ersten Adresse f\u00fcr studierende Neonazis in Marburg und gilt als Kaderschmiede extrem rechter Strukturen in Deutschland.Till Weckm\u00fcller kommt aus Hahnheim, bei Rheinhessen. Seine Neonazi-Karriere begann er fr\u00fch. Mit 17 war er an einem Anschlag auf den Verein Arab Nil-Rhein in Mainz beteiligt, pflegt Kontakte zum Hooligan-Spektrum von Waldhof Mannheim und wurde bereits als Aktivist der Neonazi-Partei \u201eder Dritte Weg\u201c identifiziert, welche ma\u00dfgeblich die Strukturen der verbotenen Plattform \u201eFreies Netz S\u00fcd\u201c weiterf\u00fchrt.In Marburg studiert er nun Jura. Die Rechtswissenschaften in Marburg fallen schon l\u00e4nger \u201eals Planschbecken f\u00fcr Burschenschafter\u201c auf. Zu Beginn des Wintersemesters 2017\/18 gab es z.B. Flyeraktionen in Jura-Vorlesungen sowie eine OE-Begr\u00fc\u00dfung im Schlosspark. Viele TeamerInnen f\u00fchrten ihre Ersties geziehlt zu Verbindungspartys. Das Jahr 2017 war f\u00fcr Till ein aufregendes Jahr. Am 11. Februar war er beim \u201eTag der Ehre\u201c in Budapest. Es handelt sich hierbei um eine Blood&amp;Honor-Veranstaltung, zum Gedenken an die \u201eheldenhafte Tat\u201c von Nazis, [&#8230;]<\/p>\n","protected":false},"author":1,"featured_media":328,"comment_status":"closed","ping_status":"open","sticky":false,"template":"","format":"standard","meta":{"footnotes":""},"categories":[122],"tags":[138,10,474,151,11,145,139,146,27,69,38,137,126,92,14,473,149,472],"class_list":["post-316","post","type-post","status-publish","format-standard","has-post-thumbnail","hentry","category-outings-studentenverbindungen","tag-achim-nieder","tag-afd","tag-afd-niedersachsen","tag-bloodhonor","tag-deutsche-burschenschaft","tag-frank-miksch","tag-frankonia-erlangen","tag-freies-netz-sued","tag-identitaere","tag-iii-weg","tag-marburger-burschenschaft-germania","tag-moritz-nieder","tag-normania-leipzig-zu-marburg","tag-npd","tag-rheinfranken-marburg","tag-tag-der-ehre","tag-till-weckmueller","tag-waldhof-mannheim"],"_links":{"self":[{"href":"https:\/\/stadtlandvolk.net\/index.php?rest_route=\/wp\/v2\/posts\/316","targetHints":{"allow":["GET"]}}],"collection":[{"href":"https:\/\/stadtlandvolk.net\/index.php?rest_route=\/wp\/v2\/posts"}],"about":[{"href":"https:\/\/stadtlandvolk.net\/index.php?rest_route=\/wp\/v2\/types\/post"}],"author":[{"embeddable":true,"href":"https:\/\/stadtlandvolk.net\/index.php?rest_route=\/wp\/v2\/users\/1"}],"replies":[{"embeddable":true,"href":"https:\/\/stadtlandvolk.net\/index.php?rest_route=%2Fwp%2Fv2%2Fcomments&post=316"}],"version-history":[{"count":1,"href":"https:\/\/stadtlandvolk.net\/index.php?rest_route=\/wp\/v2\/posts\/316\/revisions"}],"predecessor-version":[{"id":317,"href":"https:\/\/stadtlandvolk.net\/index.php?rest_route=\/wp\/v2\/posts\/316\/revisions\/317"}],"wp:featuredmedia":[{"embeddable":true,"href":"https:\/\/stadtlandvolk.net\/index.php?rest_route=\/wp\/v2\/media\/328"}],"wp:attachment":[{"href":"https:\/\/stadtlandvolk.net\/index.php?rest_route=%2Fwp%2Fv2%2Fmedia&parent=316"}],"wp:term":[{"taxonomy":"category","embeddable":true,"href":"https:\/\/stadtlandvolk.net\/index.php?rest_route=%2Fwp%2Fv2%2Fcategories&post=316"},{"taxonomy":"post_tag","embeddable":true,"href":"https:\/\/stadtlandvolk.net\/index.php?rest_route=%2Fwp%2Fv2%2Ftags&post=316"}],"curies":[{"name":"wp","href":"https:\/\/api.w.org\/{rel}","templated":true}]}}