{"id":260,"date":"2020-04-28T18:22:00","date_gmt":"2020-04-28T16:22:00","guid":{"rendered":"https:\/\/stadtlandvolk.net\/?p=260"},"modified":"2020-09-15T16:28:41","modified_gmt":"2020-09-15T14:28:41","slug":"verein-bifroest-laedt-band-mit-nazifrontmann-ins-trauma-ein","status":"publish","type":"post","link":"https:\/\/stadtlandvolk.net\/?p=260","title":{"rendered":"Verein Bifroest l\u00e4dt Band mit Nazifrontmann ins Trauma ein!"},"content":{"rendered":"\n<p class=\"has-text-align-right\"><em>28.04.2020<\/em><\/p>\n\n\n\n<p>Am 18.04. sollte ein vom Verein Bifroest organisiertes Konzert mit der Band Cirith Gorgor im Cafe Trauma stattfinden. Das halten wir f\u00fcr nicht hinnehmbar, da der S\u00e4nger der Band auch noch S\u00e4nger einer hammerskinnahen Naziband ist. Das Konzert konnte nat\u00fcrlich aufgrund der aktuellen Situation nicht stattfinden, dennoch wollen wir das Ganze nicht unkommentiert lassen.<\/p>\n\n\n\n<div class=\"wp-block-image\"><figure class=\"alignleft\"><img decoding=\"async\" src=\"https:\/\/stadtlandvolk.noblogs.org\/files\/2020\/04\/Marburg-18-04-20-214x300.jpg\" alt=\"\" class=\"wp-image-876\"\/><\/figure><\/div>\n\n\n\n<p>Bei dem Konzert am 18.4 sollte die Band Cirith Gorgor als Headliner auftreten. Der S\u00e4nger ist Adrian van der Wal, alias Adri Pestus. Er ist zudem Mitbegr\u00fcnder und S\u00e4nger der National-Socialist-Hardcore Band Blindfolded, die dem Hammerskin-Netzwerks zuzurechnen war. Der Gitarrist von Blindfolded, Harm-Jan Smit, ist aktiver Hammerskin; der zweite S\u00e4nger, Marcel Flink, ist dem Hammerskin Supporter-Umfeld der Crew 38 zuzurechnen.<\/p>\n\n\n\n<figure class=\"wp-block-image\" id=\"attachment_878\"><img decoding=\"async\" src=\"https:\/\/stadtlandvolk.noblogs.org\/files\/2020\/04\/peter-adri-van-der-wal_blindfolded_23.-april-2016.jpg\" alt=\"Adrian van der Wal mit einem Shirt der Band 'Blutzeugen', fotografiert von Marie Dorant, die als H-Photography im Rechtsrockbuisness. Mehr zu ihr: https:\/\/exif-recherche.org\/?p=1919\" class=\"wp-image-878\"\/><figcaption>Adrian van der Wal mit einem Shirt der Band \u201aBlutzeugen\u2018, fotografiert von Marie Dorant, die mit H-Photography im Rechtsrockbuisness aktiv ist. Mehr zu ihr: https:\/\/exif-recherche.org\/?p=1919<\/figcaption><\/figure>\n\n\n\n<p>Die Band Blindfolded war Teil des Rechtsrockbuisness der Hammerskins. Ihre Platten ver\u00f6ffentlichen sie zum Teil beim Hammerskin-eigenen Label \u201eWewelsburg Records\u201c, nebenbei machen sie Werbung f\u00fcr die extrem Rechte Marke \u201eBreak Your Chains Clothing\u201c von franz\u00f6sischen Hammerskins. Ihre Konzerte spielen sie u. a. mit den Nazibands \u201eFlak\u201c in Kirchheim beim \u201eJoe Roawan Memorial\u201c der HS Franken, \u201eTerrorsph\u00e4ra\u201c bei den HS in Portugal und \u201eLemovice\u201c in der Schweiz bei den Schweizer HS. Blindfolded gab 2018 ihre Aufl\u00f6sung bekannt, von einer ideologischen Distanzierung kann allerdings keine Rede sein.<\/p>\n\n\n\n<figure class=\"wp-block-image\" id=\"attachment_877\"><img decoding=\"async\" src=\"https:\/\/stadtlandvolk.noblogs.org\/files\/2020\/04\/konzert-2015-in-kirchheim_blindfolded.png\" alt=\"\" class=\"wp-image-877\"\/><figcaption>Blindfolded in Kirchheim<\/figcaption><\/figure>\n\n\n\n<p>Die Hammerskins sich eine neonazistische Organisation die, \u00e4hnlich wie das verbotene Blood &amp; Honour-Netzwerk, \u00fcber Rechtsrock und die passende Infrastruktur Geld f\u00fcr die Szene einspielt und extrem rechte Erlebniswelten f\u00fcr BesucherInnen anbietet, dabei jedoch eher \u00f6ffentlichkeitsscheu ist. 2013 schrieb das <a href=\"https:\/\/www.antifainfoblatt.de\/artikel\/internationaler-hass\">Antifa Infoblatt<\/a> \u00fcber sie:<\/p>\n\n\n\n<p><em>\u201eJenseits des Rechtsrock-Business, dass einige deutsche Hammerskins professionell betreiben, war die \u00bbHammerskin-Nation\u00ab immer auch Sprachrohr und Kristallisationsort f\u00fcr bewaffneten Kampf und t\u00f6dliche Gewalt: Schie\u00df\u00fcbungen deutscher Hammerskins u.a. in der Schweiz und in den USA, Waffen, die schon in den 1990er Jahren \u00fcber Hammerskin-Verbindungslinien von der Schweiz an deutsche Neonazis gelangten, die Wehr\u00adsportgruppe um Sven Kr\u00fcger in Mecklenburg, sowie die N\u00e4he mutma\u00dflicher NSU-Unterst\u00fctzerInnen zu Hammerskin-Kreisen sprechen eine deutliche Sprache.\u201c<\/em><\/p>\n\n\n\n<p>Es scheint absurd: Obwohl Bifroest eine Band mit einem Neonazi als Frontmann einl\u00e4dt, ist auf dem Flyer zu dem Konzert ein durchgestrichenes Hakenkreuz zu sehen. Offensichtlich will der Verein mit einem organisierten Nazi ein Anti-Nazi-Konzert veranstalten.<\/p>\n\n\n\n<p>Anders als in den Grauzone-Debatten, die sonst rund um Black-Metal gef\u00fchrt werden, geht es also nicht um die Frage schwierige Inhalte, \u00c4sthetik oder Kontaktschuld. Eine Band mit einem organisierten Nazis aus dem Rechtsrockbusiness als Frontmann kann nicht als \u201eunpolitisches\u201c Nebenprojekt gewertet werden, sondern muss \u2013 besonders in einem Raum wie dem Trauma \u2013 politisch diskutiert werden und Konsequenzen nach sich ziehen.<\/p>\n\n\n\n<p>Das \u201aAnti-Rechts\u2018-Konzert mit Cirith Gorgor und Adrian van der Wal ist nicht das einzig problematische an Bifroest. 2014 ins Vereinsregister eingetragen, stellen Bifroest einen kulturellen Verein dar, dessen Zweck laut eigener Aussage die ideelle und materielle F\u00f6rderung von Nachwuchsmusikern und Kulturaustausch mit Musikern aus anderen L\u00e4ndern ist (s. Vereinssatzung Bifroest). Des Weiteren findet sich auf der offiziellen Homepage folgender Einleitungstext<em>: \u201eDer Verein wurde 2014 von Mitgliedern der Bifroest Eventagentur und Mitarbeitern des Ragnarock Open Air Festivals gegr\u00fcndet. Die offene Namensgebung des Vereins stellt bewusst die Kultur in den Mittelpunkt, ohne sich auf einen speziellen Bereich festzulegen.\u201c <\/em>Welche Kultur ist damit gemeint?<\/p>\n\n\n\n<p>Der Name Bifroest stammt aus der nordischen Mythologie und beschreibt eine dreistrahlige Regenbogenbr\u00fccke, die als Verbindung zwischen Midgard (Menschenwelt) und Asgard (Himmelsreich) fungiert<a href=\"https:\/\/stadtlandvolk.noblogs.org\/post\/2020\/04\/28\/bifroest\/#sdendnote1sym\"><sup>i<\/sup><\/a>. Offensichtlich soll die \u201eoffene Namensgebung\u201c also aufzeigen, dass hier gerne nordische Kultur in den Mittelpunkt gestellt wird.<\/p>\n\n\n\n<p>In der Vereinssatzung steht unter \u00a72 Abs. 5: \u201ePolitische und Religi\u00f6se Bet\u00e4tigungen sind f\u00fcr den Verein ausgeschlossen.\u201c Offensichtlich sollten Bifroest sich ihre eigene Satzung noch einmal genauer ansehen: Sp\u00e4testens bei der Einladung von Cirith Gorgor wird klar, dass es sehr wohl Positionierungen dahingehend gibt. So steht beispielsweise im Ank\u00fcndigungstext zur Band<em> \u201e[\u2026] the band have executed numerous live rituals throughout Europe. <\/em><em>These occult performances are characterized by an intens<\/em><em>r<\/em><em>e and ominous atmosphere as the band deliver their refined black metal with ice-cold precision.\u201d<\/em><\/p>\n\n\n\n<p>Gasbrand, die Vorband der Veranstaltung, besteht zudem zur H\u00e4lfte aus einem Bifroest-Mitglied, der in j\u00fcngster Vergangenheit schon durch sein mackriges Verhalten und seine dominante Redekultur auffiel. Kritik daran verglich er mit \u201eHexenjagd\u201c und \u201eDiktatur\u201c. Au\u00dferdem gab es Beschwerden dar\u00fcber, dass in R\u00e4umen mit bestehende politischen Ideologien vorherrschen, wodurch man Angst bek\u00e4me, etwas beizutragen. Es fehlt an einer klaren politischen Haltung, die immer wieder die Offenheit nach rechts erm\u00f6glicht. Laut Zeug*innenberichten bleiben NSBMler auch von Bifr\u00f6st-Veranstaltungen nicht fern und unterhalten sich bei diesen lautstark dar\u00fcber, dass es durchaus in Ordnung sei, die extrem rechte Black Metal Band Burzum zu h\u00f6ren.<\/p>\n\n\n\n<p>Neben Metalkonzerten organisiert der Verein auch immer wieder live-actions-role-plays (LARPs). Ein solches LARP veranstalteten sie am 7.M\u00e4rz in dem Naturfreundehaus Marburg. Zu diesem Event lud auch der AfD\u2018ler Sebastian Ehricke, Teil des Marburger Vorstand ein, der in der Vergangenheit <a href=\"https:\/\/stadtlandvolk.net\/?p=253\">mit Anschlagsphantasien auf sich aufmerksam machte<\/a>.<\/p>\n\n\n\n<div class=\"wp-block-image\"><figure class=\"aligncenter\"><img decoding=\"async\" src=\"https:\/\/stadtlandvolk.noblogs.org\/files\/2020\/04\/Ehricke-LARP.png\" alt=\"\" class=\"wp-image-875\"\/><\/figure><\/div>\n\n\n\n<p>Das Handeln von Bifroest ist exemplarisch f\u00fcr das Verhalten von Akteur*innen im sogenannten Grauzonen-Bereich verschiedener Subkulturen. Sie geben \u201aunpolitisch\u2018 und machen durchgestrichene Hakenkreuze auf ihre Flyer, laden dann aber trotzdem eine Band mit Neonazifrontmann als Headliner ein. Ihren (\u00fcberwiegend m\u00e4nnlichen) Fans bieten sie eine Erlebniswelt der \u201egeschlechtshierarchischen, heteronormativen, archaischen und k\u00f6rperbetonten M\u00e4nnlichkeit\u201c wie das Projekt grauzonen.info <a href=\"https:\/\/grauznen.inofo\/bezugspunkte\/Das%20Konstrukt%20der%20M%C3%A4nn)erwelt\">hier<\/a> analysiert. Gerade in Subkulturen, in denen H\u00e4rte, Kampf und St\u00e4rke so von Bedetung sind, braucht es einen reflektierten Umgang. Ob im Black Metal, im Hardcore, im Hiphop oder bei der Antifa.<\/p>\n\n\n\n<p>Es wird offenbar, dass Bifroest keine Verantwortung f\u00fcr den Raum tr\u00e4gt, in dem sie sich engagieren.<\/p>\n\n\n\n<p>Es ist nicht zu akzeptieren, dass im alternativen Cafe Trauma dieses Konzert veranstaltet wird! Genauso wenig ist es zu akzeptieren, dass die Gruppe Bifroest weiter dort anerkannt ist.<\/p>\n\n\n\n<p><strong>F\u00fcr eine Vielfalt an Subkultur \u2013 always antisexist, always antifascist!<\/strong><\/p>\n\n\n\n<p><a href=\"https:\/\/stadtlandvolk.noblogs.org\/post\/2020\/04\/28\/bifroest\/#sdendnote1anc\">i<\/a>Laut der Grimnismal (eines der G\u00f6tterlieder der Lieder-Edda) ist Bifr\u00f6st die erste aller Br\u00fccken und wird erst w\u00e4hrend Ragnar\u00f6k (Weltuntergang) von den Muspells\u00f6hnen (Muspell&nbsp;ist in der&nbsp;<a href=\"https:\/\/de.wikipedia.org\/wiki\/Nordische_Mythologie\">nordischen Mythologie<\/a>&nbsp;das durch einen Riesen&nbsp;<a href=\"https:\/\/de.wikipedia.org\/wiki\/Personifizierung\">personifizierte<\/a>&nbsp;Feuer. Der Riese tritt in der Zeit der&nbsp;<a href=\"https:\/\/de.wikipedia.org\/wiki\/Ragnar%C3%B6k\">Ragnar\u00f6k<\/a>&nbsp;als Feind der&nbsp;<a href=\"https:\/\/de.wikipedia.org\/wiki\/Ase\">G\u00f6tter<\/a> und ihrer Sch\u00f6pfung auf). Bewacht wird Bifr\u00f6st in der Mythologie vom G\u00f6tterw\u00e4chter Heimdall.<\/p>\n","protected":false},"excerpt":{"rendered":"<p>28.04.2020 Am 18.04. sollte ein vom Verein Bifroest organisiertes Konzert mit der Band Cirith Gorgor im Cafe Trauma stattfinden. Das halten wir f\u00fcr nicht hinnehmbar, da der S\u00e4nger der Band auch noch S\u00e4nger einer hammerskinnahen Naziband ist. Das Konzert konnte nat\u00fcrlich aufgrund der aktuellen Situation nicht stattfinden, dennoch wollen wir das Ganze nicht unkommentiert lassen. Bei dem Konzert am 18.4 sollte die Band Cirith Gorgor als Headliner auftreten. Der S\u00e4nger ist Adrian van der Wal, alias Adri Pestus. Er ist zudem Mitbegr\u00fcnder und S\u00e4nger der National-Socialist-Hardcore Band Blindfolded, die dem Hammerskin-Netzwerks zuzurechnen war. Der Gitarrist von Blindfolded, Harm-Jan Smit, ist aktiver Hammerskin; der zweite S\u00e4nger, Marcel Flink, ist dem Hammerskin Supporter-Umfeld der Crew 38 zuzurechnen. Adrian van der Wal mit einem Shirt der Band \u201aBlutzeugen\u2018, fotografiert von Marie Dorant, die mit H-Photography im Rechtsrockbuisness aktiv ist. Mehr zu ihr: https:\/\/exif-recherche.org\/?p=1919 Die Band Blindfolded war Teil des Rechtsrockbuisness der Hammerskins. Ihre Platten ver\u00f6ffentlichen sie zum Teil beim Hammerskin-eigenen Label \u201eWewelsburg Records\u201c, nebenbei machen sie Werbung f\u00fcr die extrem Rechte Marke \u201eBreak Your Chains Clothing\u201c von franz\u00f6sischen Hammerskins. Ihre Konzerte spielen sie u. a. mit den Nazibands \u201eFlak\u201c in Kirchheim beim \u201eJoe Roawan Memorial\u201c der HS Franken, \u201eTerrorsph\u00e4ra\u201c bei den HS in [&#8230;]<\/p>\n","protected":false},"author":1,"featured_media":261,"comment_status":"closed","ping_status":"open","sticky":false,"template":"","format":"standard","meta":{"footnotes":""},"categories":[121],"tags":[454,453,10,50,451,455,151,459,463,467,452,458,464,466,461,158,456,457,460,391,462],"class_list":["post-260","post","type-post","status-publish","format-standard","has-post-thumbnail","hentry","category-artikel-2020","tag-adri-pestus","tag-adrian-van-der-wal","tag-afd","tag-afd-marburg-biedenkopf","tag-bifroest","tag-blindfolded","tag-bloodhonor","tag-blutzeugen","tag-break-your-chains-clothing","tag-burzum","tag-cirith-gorgor","tag-crew-38","tag-flak","tag-gasbrand","tag-h-photography","tag-hammerskins","tag-harm-jan-smit","tag-marcel-flink","tag-marie-dorant","tag-sebastian-ehricke","tag-wewelsburg-records"],"_links":{"self":[{"href":"https:\/\/stadtlandvolk.net\/index.php?rest_route=\/wp\/v2\/posts\/260","targetHints":{"allow":["GET"]}}],"collection":[{"href":"https:\/\/stadtlandvolk.net\/index.php?rest_route=\/wp\/v2\/posts"}],"about":[{"href":"https:\/\/stadtlandvolk.net\/index.php?rest_route=\/wp\/v2\/types\/post"}],"author":[{"embeddable":true,"href":"https:\/\/stadtlandvolk.net\/index.php?rest_route=\/wp\/v2\/users\/1"}],"replies":[{"embeddable":true,"href":"https:\/\/stadtlandvolk.net\/index.php?rest_route=%2Fwp%2Fv2%2Fcomments&post=260"}],"version-history":[{"count":1,"href":"https:\/\/stadtlandvolk.net\/index.php?rest_route=\/wp\/v2\/posts\/260\/revisions"}],"predecessor-version":[{"id":262,"href":"https:\/\/stadtlandvolk.net\/index.php?rest_route=\/wp\/v2\/posts\/260\/revisions\/262"}],"wp:featuredmedia":[{"embeddable":true,"href":"https:\/\/stadtlandvolk.net\/index.php?rest_route=\/wp\/v2\/media\/261"}],"wp:attachment":[{"href":"https:\/\/stadtlandvolk.net\/index.php?rest_route=%2Fwp%2Fv2%2Fmedia&parent=260"}],"wp:term":[{"taxonomy":"category","embeddable":true,"href":"https:\/\/stadtlandvolk.net\/index.php?rest_route=%2Fwp%2Fv2%2Fcategories&post=260"},{"taxonomy":"post_tag","embeddable":true,"href":"https:\/\/stadtlandvolk.net\/index.php?rest_route=%2Fwp%2Fv2%2Ftags&post=260"}],"curies":[{"name":"wp","href":"https:\/\/api.w.org\/{rel}","templated":true}]}}