{"id":242,"date":"2019-08-13T00:27:37","date_gmt":"2019-08-12T22:27:37","guid":{"rendered":"https:\/\/stadtlandvolk.net\/?p=242"},"modified":"2020-09-15T16:26:52","modified_gmt":"2020-09-15T14:26:52","slug":"die-afd-in-marburg-eine-ansammlung-von-menschenfeinden","status":"publish","type":"post","link":"https:\/\/stadtlandvolk.net\/?p=242","title":{"rendered":"Die AfD in Marburg: Eine Ansammlung von Menschenfeinden"},"content":{"rendered":"\n<p class=\"has-text-align-right\"><em>13.08.2019<\/em><\/p>\n\n\n\n<p>Dieser Text befasst sich mit aktuellen Entwicklungen und vor allem Personalia der Stadt- und Kreis-AfD in Marburg. Bereits <a href=\"https:\/\/stadtlandvolk.net\/?page_id=121\">hier<\/a> und <a href=\"https:\/\/stadtlandvolk.net\/?p=132\">hier<\/a> haben wir \u00fcber ausgew\u00e4hlte Personen der Marburger AfD geschrieben, diesmal soll es ein wenig mehr in die Tiefe gehen. Auch wenn die \u00fcblichen Naziverbindungen nach wie vor regelm\u00e4\u00dfig Veranstaltungen organisieren, ist die AfD der lokale Akteur, der die relevantesten und \u00f6ffentlichkeitswirksamsten rechten Veranstaltungen organisiert, wie zuletzt die Veranstaltung mit Gauland in Bauerbach. An Gaulands Person kann man die Kontinuit\u00e4t rechter Veranstaltungen in Marburg festmachen, so sprach er noch im Sommersemester 2014 bei der Naziverbindung Rheinfranken. Neben Gauland sprach in Bauerbach auch Christine Anderson, prominenteste hessische Vertreterin des extrem rechten \u201aFl\u00fcgels\u2018 innerhalb der AfD rund und Bj\u00f6rn H\u00f6cke. In ihrer Rede beim Kyffh\u00e4usertreffen 2019 dankte sie H\u00f6cke, dass er die AfD davor bewahrt habe, eine Systempartei zu werden. Am 4.5. gr\u00fcndete sich der Stadtverband der Partei, einige Wochen zuvor w\u00e4hlte der Kreisverband einen neuen Vorstand. Ausgew\u00e4hlte AfD\u2018ler und eine AfD&#8217;lerin stellen wir euch nun hier vor.<\/p>\n\n\n\n<p>Vor kurzem erschien in der Oberhessischen Presse ein affirmativer Beitrag zum Stadtverband mit O-T\u00f6nen von Michael Franke. Darin \u00e4u\u00dferte dieser, dass AfD-Mitglieder Angst vor der Antifa h\u00e4tten und die lokale Arbeit der AfD durch diese behindert werde. Wir begr\u00fc\u00dfen dies ausdr\u00fccklich und rufen dazu auf, dass das weiterhin so bleibt.<\/p>\n\n\n\n<p>Fight fascism wherever you can!<\/p>\n\n\n\n<hr class=\"wp-block-separator\"\/>\n\n\n\n<div class=\"wp-block-image wp-image-787 size-thumbnail\"><figure class=\"alignleft\"><img decoding=\"async\" src=\"http:\/\/stadtlandvolk.noblogs.org\/files\/2019\/08\/Rieth4-150x150.png\" alt=\"Reinhard Rieth\" class=\"wp-image-787\"\/><figcaption>Reinhard Rieth<\/figcaption><\/figure><\/div>\n\n\n\n<div class=\"wp-block-image wp-image-784\"><figure class=\"alignright\"><img decoding=\"async\" src=\"http:\/\/stadtlandvolk.noblogs.org\/files\/2019\/08\/Rieth1.png\" alt=\"\" class=\"wp-image-784\"\/><figcaption>Frauenverachtung I<\/figcaption><\/figure><\/div>\n\n\n\n<p><strong>Reinhard Rieth<\/strong> ist stellvertretender Vorsitzender des AfD-Kreisverbands, war jedoch auch bei der Stadtverbandsgr\u00fcndung anwesend und ebenfalls aktiv an der Durchf\u00fchrung derselben beteiligt. Neben diversen AfD-Seiten gef\u00e4llt ihm auf Facebook auch ein Bild des NPDlers Patrick Wieschke, der wegen Verurteilungen aufgrund sexuellen Missbrauchs einer Minderj\u00e4hrigen und Misshandlung se-iner Mutter und Schwester unl\u00e4ngst aus dem Landes-<\/p>\n\n\n\n<div class=\"wp-block-image wp-image-785 size-medium\"><figure class=\"alignright\"><img decoding=\"async\" src=\"http:\/\/stadtlandvolk.noblogs.org\/files\/2019\/08\/Rieth2-300x247.png\" alt=\"\" class=\"wp-image-785\"\/><figcaption>Frauenverachtung II<\/figcaption><\/figure><\/div>\n\n\n\n<p>-vorstand der NPD Th\u00fcringen zur\u00fccktreten musste. Desweiteren gefallen ihm \u00fcberwiegend Selfies junger Frauen, die er jedoch zeitgleich mit Kommentaren wie \u201e<em>Weiber sind so Hell wie nen Kasten Schwarzbier&#8230; warum sonst suchen se <\/em><em>sicher immer diese Vollpfosten aus und schicken die in die W\u00fcste die aufrichtig sind <\/em><em>\ud83d\ude00<\/em><em> Einfach nur <\/em><em>beh\u00e4mmert das Weibliche Geschlecht <\/em><em>;-)\u201c<\/em> oder <em>\u201e<\/em><em>(<\/em><em>Wenn eine Frau weint<\/em><em>)<\/em><em> eine <\/em><em>hintern kopf klapsen und anschlie\u00dfend fragen &#8220; wie war das <\/em><em>mit dem starken Geschlecht&#8220;! also reis dich zusammen die Welt geht nicht unter ;-)\u201c <\/em>sexistisch abwertet und Gewalt gegen sie legitimiert. Physik scheint auch nicht seine St\u00e4rke zu sein, das zeigt sich an deutlich an seiner Anf\u00e4lligkeit f\u00fcr Verschw\u00f6rungsideologien.<\/p>\n\n\n\n<figure class=\"wp-block-image alignnone wp-image-786\"><img decoding=\"async\" src=\"http:\/\/stadtlandvolk.noblogs.org\/files\/2019\/08\/Rieth3-300x140.png\" alt=\"\" class=\"wp-image-786\"\/><figcaption>Freie Energie<\/figcaption><\/figure>\n\n\n\n<div class=\"wp-block-image wp-image-779 size-medium\"><figure class=\"alignleft\"><img decoding=\"async\" src=\"http:\/\/stadtlandvolk.noblogs.org\/files\/2019\/08\/Lauer1-113x300.jpg\" alt=\"Martin Lauer\" class=\"wp-image-779\"\/><figcaption>Martin Lauer<\/figcaption><\/figure><\/div>\n\n\n\n<p><strong>Martin Lauer <\/strong>(Beistitzer im Kreisvorstand) ist Militarist, Rassist sowie Mitglied der Marburger J\u00e4ger, au\u00dferdem ist er Mitglied im Kyffh\u00e4user Verband und im OSMTH-Orden (Ordo Supremus Militaris Templi Hierosolymitani) aktiv. Der Kyffh\u00e4userverband ist ein Militaristenverband mit zahlreichen Bez\u00fcgen in die extreme Rechte, der OSMTH-Orden ein seltsamer Templerorden, der sich in der Traditionslinie der Tempelritter sieht. Zudem war Martin Lauer mindestens bis Oktober 2018 Polizist, damals postete er ein Bild von sich in Polizistenuniform auf seinem Blog. An der Polizeiuniform trug er Patches vom Kyffh\u00e4userverband und dem OSMTH-Orden. Martin Lauer muss im Kontext der Neonaziumtriebe bei der hessischen Polizei gesehen und analysiert werden.&nbsp;<\/p>\n\n\n\n<figure class=\"wp-block-image\"><img decoding=\"async\" src=\"http:\/\/stadtlandvolk.noblogs.org\/files\/2019\/08\/Lauer3.jpg\" alt=\"\" class=\"wp-image-781\"\/><\/figure>\n\n\n\n<figure class=\"wp-block-image\"><img decoding=\"async\" src=\"http:\/\/stadtlandvolk.noblogs.org\/files\/2019\/08\/Lauer2-e1565709895325.jpg\" alt=\"\" class=\"wp-image-780\"\/><\/figure>\n\n\n\n<p>Daneben besitzt Martin Lauer die Jagdhundeschule Mittelhessen in Am\u00f6neburg. Auf dem (inzwischen nicht mehr \u00f6ffentlichem) Blog der Jagdschule finden sich zahlreiche rechte Postings, neben AfD-Inhalten finden sich auch Gedenkpostings, welche in neonazistischer Manier an &#8222;die Bombennacht von Dresden&#8220; erinnern sollen, an den Untergang der Gustloff oder positiv Bezug auf die rassistischen und gewaltt\u00e4tigen Demos in Chemnitz vergangenen Sp\u00e4tsommer nehmen, bei dem er einen Massenmord an Deutschen herbeifabuliert. Zudem wurde das extrem rechte und antisemitische Compact-Magazin \u00fcber den Shop vertrieben. Sein Facebookcontent besteht ebenfalls \u00fcberwiegend aus Beitr\u00e4gen mit AfD-Bezug, sowie mit rassistischen und sexistischen Inhalten, vor allem die Themen Migration, Gender und Anti-Abtreibung werden bedient.<\/p>\n\n\n\n<div class=\"wp-block-image wp-image-782 size-medium\"><figure class=\"alignleft\"><img decoding=\"async\" src=\"http:\/\/stadtlandvolk.noblogs.org\/files\/2019\/08\/Matthias-Pozzi-225x300.jpg\" alt=\"\" class=\"wp-image-782\"\/><figcaption>Matthias Pozzi<\/figcaption><\/figure><\/div>\n\n\n\n<p><strong>Matthias Pozzi<\/strong> ist Schriftf\u00fchrer des Stadtverbandes und dar\u00fcber hinaus bereits l\u00e4nger bekannt als Teil des Vorstands der F\u00f6rdergemeinschaft Marburger J\u00e4ger, einer rechten Reservistenkameradschaft, die Antifaschist*innen in Marburg hinl\u00e4nglichst bekannt sein sollte. Er ist mit Naziburschen <a href=\"https:\/\/stadtlandvolk.net\/?p=183\">Tobias Heuwi<\/a>nkel (link) und Marcel Gent, Rheinfranken Marburg, und Christopher Katzer, Chattia Marburg, pers\u00f6nlich bekannt und war mit ihnen zusammen bei der Enth\u00fcllung der Gedenktafel der Morde von Mechterst\u00e4dt \u2013 bei denen marburger Verbinder fliehende Arbeiter erschossen.<\/p>\n\n\n\n<div class=\"wp-block-image wp-image-767 size-thumbnail\"><figure class=\"alignleft\"><img decoding=\"async\" src=\"http:\/\/stadtlandvolk.noblogs.org\/files\/2019\/08\/Dirk-Winnebald-150x150.jpg\" alt=\"\" class=\"wp-image-767\"\/><figcaption>Dirk Winnebald<\/figcaption><\/figure><\/div>\n\n\n\n<div class=\"wp-block-image wp-image-789 size-thumbnail\"><figure class=\"alignright\"><img decoding=\"async\" src=\"http:\/\/stadtlandvolk.noblogs.org\/files\/2019\/08\/Winne2-150x150.png\" alt=\"\" class=\"wp-image-789\"\/><figcaption>Like f\u00fcr EinProzent<\/figcaption><\/figure><\/div>\n\n\n\n<p><strong>Dirk Winnebald<\/strong> hat keinen Posten innerhalb der AfD Marburg-Biedenkopf inne, ist aber aktives Mitglied und war beispielsweise Mitorganisator der Stadtverbandsgr\u00fcndung oder Wahlkampfhelfer 2018. Auf Facebook gefallen ihm neben Videos des Nazirappers Chris Ares auch die Seite des AfD-Antisemiten <a href=\"https:\/\/stadtlandvolk.net\/?page_id=119\">Martin Hohmann<\/a> und dem extrem rechten Geldsammelsverein EinProzent \u2013 gegr\u00fcndet vom marburger Germanen Phillip Stein. Richtig widerlich sind auch seine \u00fcbrigen Facebookaktivit\u00e4ten: Ein von der Nazi-Facebookseite Grauzonistische Reaktion (ebenfalls von ihm geliked) geteiltes Video, in dem ein brennendes Asylheim zu sehen ist, kommentiert er mit einem Meme mit dem dem Spruch \u201eHappy Ramadan ihr Turbanmuschis\u201c. Ein anderes rassistisches und menschenfeindliches Bild ist ihm immerhin ein Lachsmiley wert: Das Bild impliziert nicht nur, Asylanten w\u00fcrden deutsche Frauen vergewaltigen, sondern auch dass sie lieber Sex mit Eseln als Frauen haben w\u00fcrden.<\/p>\n\n\n\n<figure class=\"wp-block-image alignnone wp-image-790 size-full\"><img decoding=\"async\" src=\"http:\/\/stadtlandvolk.noblogs.org\/files\/2019\/08\/Winne3.png\" alt=\"\" class=\"wp-image-790\"\/><figcaption>Rassismus II<\/figcaption><\/figure>\n\n\n\n<figure class=\"wp-block-image alignnone wp-image-791 size-medium\"><img decoding=\"async\" src=\"http:\/\/stadtlandvolk.noblogs.org\/files\/2019\/08\/Winne4-300x225.png\" alt=\"\" class=\"wp-image-791\"\/><figcaption>Rassismus I<\/figcaption><\/figure>\n\n\n\n<div class=\"wp-block-image wp-image-792 size-medium\"><figure class=\"alignright\"><img decoding=\"async\" src=\"http:\/\/stadtlandvolk.noblogs.org\/files\/2019\/08\/Winnebald-Heiztechnik-Impressum-275x300.png\" alt=\"\" class=\"wp-image-792\"\/><figcaption>Impressum von Winnebald Heiztechnik<\/figcaption><\/figure><\/div>\n\n\n\n<p>Dass Dirk Winnebald keine Posten innerhalb der AfD hat, sondern mit der zweiten Reihe zufrieden ist, k\u00f6nnte daher kommen, dass er ein erfolgreiches mittelst\u00e4ndisches Unternehmen f\u00fchrt. Winnebald Heiztechnik hat seinen Sitz an der Hauptstra\u00dfe 2 in Biedenkopf-Breidenstein und Winnebald wurde im Rahmen seiner T\u00e4tigkeit dort sogar schon von der OP Interviewt. Dirk Winnebald wohnt ebenfalls in Biedenkopf-Breidenstein, seine Handynummer ist 01701662399.<\/p>\n\n\n\n<figure class=\"wp-block-image alignnone wp-image-796 size-full\"><img decoding=\"async\" src=\"http:\/\/stadtlandvolk.noblogs.org\/files\/2019\/08\/BildWahlkampf.png\" alt=\"\" class=\"wp-image-796\"\/><figcaption>Winnebald als Wahlkampfhelfer<\/figcaption><\/figure>\n\n\n\n<div class=\"wp-block-image wp-image-783 size-thumbnail\"><figure class=\"alignleft\"><img decoding=\"async\" src=\"http:\/\/stadtlandvolk.noblogs.org\/files\/2019\/08\/Michael-Franke2-150x150.jpg\" alt=\"\" class=\"wp-image-783\"\/><figcaption>Michael Franke<\/figcaption><\/figure><\/div>\n\n\n\n<p><strong>Michael Franke <\/strong>ist stellvertretender Sprecher des Stadtverbandes und liked in Facebook etliche AfD-Seiten, u.a. die \u201ePatriotische Plattform\u201c und einen Post des Ex-AfD\u2018lers Andre Poggenburg, welcher die Junge Alternativer trotz etlicher extrem rechter Aktivit\u00e4ten in Schutz nimmt. Daher ist es wenig verwunderlich, dass ihm auch Inhalte der Identit\u00e4ren (120db &amp; Defend Europe), sowie die Reichsb\u00fcrgerbewegung gefallen, er findet, dass M\u00e4nner gegen\u00fcber Frauen benachteiligt sind und glaubt, dass Nazi die Abk\u00fcrzung f\u00fcr \u201eNationaler Zionist\u201c sei.<\/p>\n\n\n\n<p>In seiner Freizeit trinkt dieser rechte AfD\u2018ler und Antisemit gerne Bier im Holzwurm.<\/p>\n\n\n\n<figure class=\"wp-block-image alignnone wp-image-769 size-full\"><img decoding=\"async\" src=\"http:\/\/stadtlandvolk.noblogs.org\/files\/2019\/08\/Frank2.png\" alt=\"\" class=\"wp-image-769\"\/><figcaption>Antisemitischer Facebook-Kommentar<\/figcaption><\/figure>\n\n\n\n<figure class=\"wp-block-image alignnone wp-image-771\"><img decoding=\"async\" src=\"http:\/\/stadtlandvolk.noblogs.org\/files\/2019\/08\/Franke4-300x238.png\" alt=\"\" class=\"wp-image-771\"\/><figcaption>Likes f\u00fcr Identit\u00e4re und AfD<\/figcaption><\/figure>\n\n\n\n<figure class=\"wp-block-image alignnone wp-image-770 size-medium\"><img decoding=\"async\" src=\"http:\/\/stadtlandvolk.noblogs.org\/files\/2019\/08\/Frank3-300x107.png\" alt=\"\" class=\"wp-image-770\"\/><figcaption>Angebliche Benachteiligung von M\u00e4nnern<\/figcaption><\/figure>\n\n\n\n<div class=\"wp-block-image wp-image-797 size-thumbnail\"><figure class=\"alignleft\"><img decoding=\"async\" src=\"http:\/\/stadtlandvolk.noblogs.org\/files\/2019\/08\/Johannes-Huehn-150x150.jpg\" alt=\"\" class=\"wp-image-797\"\/><figcaption>Johannes H\u00fchn&#8230;<\/figcaption><\/figure><\/div>\n\n\n\n<p><strong>Johannes H\u00fchn<\/strong> ist Sprecher des Stadtverbands und aus Bauerbach, daher auch ma\u00dfgeblich an der Organisatin der Veranstaltung und Diffamierung des antifaschistischen Gegenprotests beteiligt. In Facebook gef\u00e4llt ihm zB die Naziburschenschaft Normania Leizig zu Marburg. Weitere Facebookkommentare von ihm legen nicht nur Sympathien, sondern eine Mitgliedschaft in dieser DB-Verbindung nahe.<\/p>\n\n\n\n<figure class=\"wp-block-image alignnone wp-image-778 size-medium\"><img decoding=\"async\" src=\"http:\/\/stadtlandvolk.noblogs.org\/files\/2019\/08\/H\u00fch2-300x81.png\" alt=\"\" class=\"wp-image-778\"\/><figcaption>&#8230;gef\u00e4llt die Naziburschenschaft Normania Leipzig zu Marburg&#8230;<\/figcaption><\/figure>\n\n\n\n<div class=\"wp-block-image wp-image-813 size-full\"><figure class=\"alignright\"><img decoding=\"async\" src=\"http:\/\/stadtlandvolk.noblogs.org\/files\/2019\/08\/h\u00fchn4.png\" alt=\"\" class=\"wp-image-813\"\/><figcaption>&#8230;und l\u00e4sst sie Hochleben<\/figcaption><\/figure><\/div>\n\n\n\n<div class=\"wp-block-image wp-image-772 size-thumbnail\"><figure class=\"alignleft\"><img decoding=\"async\" src=\"http:\/\/stadtlandvolk.noblogs.org\/files\/2019\/08\/Gerhard-Rhiel-2-150x150.jpg\" alt=\"\" class=\"wp-image-772\"\/><figcaption><b>Gerhard Rhiel<\/b><\/figcaption><\/figure><\/div>\n\n\n\n<p><strong>Gerhard <\/strong><strong>Rhiel<\/strong> ist Beisitzer Kreisverband-Vorstand, will \u201edie Antifa\u201c als terroristische Vereinigung verbieten lassen, h\u00e4lt den hessischen Bildungsplan f\u00fcr \u201eindoktrinierte Sexualerziehung\u201c und liked die antifeministische Kampagne \u201efeminin statt feminismus\u201c der Jungen Alternative.<\/p>\n\n\n\n<hr class=\"wp-block-separator\"\/>\n\n\n\n<p><strong>Uni-Bedienstete<\/strong><\/p>\n\n\n\n<p>Wie die Stadt Marburg ist auch die Universit\u00e4t stolz auf ihre Weltoffenheit und Toleranz. Nicht desto trotz arbeiten gleich drei AfD-Vorstandsmitglieder f\u00fcr die Universit\u00e4t. Augen auf beim Studium!<\/p>\n\n\n\n<div class=\"wp-block-image wp-image-788 size-medium\"><figure class=\"alignleft\"><img decoding=\"async\" src=\"http:\/\/stadtlandvolk.noblogs.org\/files\/2019\/08\/Werner-Gosewinkel-193x300.jpg\" alt=\"\" class=\"wp-image-788\"\/><figcaption>Werner Gosewinkel<\/figcaption><\/figure><\/div>\n\n\n\n<p><strong>W<\/strong><strong>erner Gosewinkel <\/strong>ist Beisitzer im Vorstand des Stadtverbands und war auch bei der Gr\u00fcndung dessen in der Gartenlaube anwesend. Er war Sportlehrer der Uni und hatte 2011 sein 40j\u00e4hriges Dienstjubil\u00e4um, inzwischen ist er vermutlich im Ruhestand.<\/p>\n\n\n\n<div class=\"wp-block-image\"><figure class=\"alignright\"><img decoding=\"async\" src=\"http:\/\/stadtlandvolk.noblogs.org\/files\/2019\/08\/gose1-300x161.png\" alt=\"\" class=\"wp-image-793\"\/><\/figure><\/div>\n\n\n\n<div class=\"wp-block-image\"><figure class=\"alignright\"><img decoding=\"async\" src=\"http:\/\/stadtlandvolk.noblogs.org\/files\/2019\/08\/Gose2-300x145.png\" alt=\"\" class=\"wp-image-773\"\/><\/figure><\/div>\n\n\n\n<div class=\"wp-block-image\"><figure class=\"alignright\"><img decoding=\"async\" src=\"http:\/\/stadtlandvolk.noblogs.org\/files\/2019\/08\/Gose3-300x173.png\" alt=\"\" class=\"wp-image-774\"\/><\/figure><\/div>\n\n\n\n<div class=\"wp-block-image\"><figure class=\"alignright\"><img decoding=\"async\" src=\"http:\/\/stadtlandvolk.noblogs.org\/files\/2019\/08\/Gose4-272x300.png\" alt=\"\" class=\"wp-image-775\"\/><\/figure><\/div>\n\n\n\n<p>Auf Facebook \u00e4u\u00dfert sich Gosewinkel homophob und bezeichnet die Hochzeit zweier M\u00e4nner als \u201eAbnormit\u00e4t\u201c. Er kommentiert antisemitische Bilder die von \u201edenen da oben\u201c sprechen und dem \u201eundemokratischen und korrupten\u201c System hinter der demokratischen Fassade. Sein antisemitisches Weltbild wird dadurch vervollst\u00e4ndigt, dass er \u00fcberzeugt ist, dass der 2. Weltkrieg viele V\u00e4ter hatte \u2013 eine eindeutige Relativierung der deutschen Kriegsschuld. Er erz\u00e4hlt offen davon, bei Pegida-Demonstrationen in Dresden und M\u00fcnchen mitgelaufen zu sein und zeigt sich verst\u00e4ndnisvoll den \u201eDemonstranten\u201c gegen\u00fcber, er habe Menschen \u201ewie dich und mich\u201c kennengelernt. Auch die Identit\u00e4ren scheinen bei dem AfD\u2018ler f\u00fcr Begeisterung zu sorgen. So teilt er auf Facebook zwei Bilder einer Banneraktion der IB in Marburg und kommentiert mit \u201etolle Aktion der Identit\u00e4ren Bewegung\u201c. Als die Rheinfranken 2015 H\u00f6cke nach Marburg einladen wollten, k\u00fcndigte er auf Facebook \u00f6ffentlich seine Teilnahme an. Zudem ist er mit Klaus B\u00f6ckler von den Marburger J\u00e4gern und auf Facebook mit dem bekannten Rechtsextremisten und NPD\u2018ler Karl Richter aus M\u00fcnchen befreundet.<\/p>\n\n\n\n<div class=\"wp-block-image wp-image-776 size-full\"><figure class=\"aligncenter\"><img decoding=\"async\" src=\"http:\/\/stadtlandvolk.noblogs.org\/files\/2019\/08\/GosewinkelNonne.jpeg\" alt=\"Gosewinkel (links) mit Unipr\u00e4sident Fridhelm Nonne (rechts)\" class=\"wp-image-776\"\/><figcaption>Gosewinkel (links) mit Unipr\u00e4sident Fridhelm Nonne (rechts)<\/figcaption><\/figure><\/div>\n\n\n\n<figure class=\"wp-block-image\"><img decoding=\"async\" src=\"http:\/\/stadtlandvolk.noblogs.org\/files\/2019\/08\/Screenshot-Werner-Gosewinkel--e1566229426826.png\" alt=\"\" class=\"wp-image-812\"\/><\/figure>\n\n\n\n<div class=\"wp-block-image wp-image-794 size-full\"><figure class=\"aligncenter\"><img decoding=\"async\" src=\"http:\/\/stadtlandvolk.noblogs.org\/files\/2019\/08\/gose5.png\" alt=\"\" class=\"wp-image-794\"\/><figcaption>Gosewinkel feiert die Identit\u00e4ren<\/figcaption><\/figure><\/div>\n\n\n\n<figure class=\"wp-block-image alignnone wp-image-795 size-full\"><img decoding=\"async\" src=\"http:\/\/stadtlandvolk.noblogs.org\/files\/2019\/08\/gose6.png\" alt=\"\" class=\"wp-image-795\"\/><figcaption>Freundschaft mit Karl Richter und Klaus B\u00f6ckler<\/figcaption><\/figure>\n\n\n\n<div class=\"wp-block-image\"><figure class=\"alignleft\"><img decoding=\"async\" src=\"http:\/\/stadtlandvolk.noblogs.org\/files\/2019\/08\/Heike-Balzer-150x150.jpg\" alt=\"\" class=\"wp-image-777\"\/><\/figure><\/div>\n\n\n\n<p><strong>Heike Balzer <\/strong>ist gleich zweimal Schatzmeisterin f\u00fcr die AfD. Sie ist Verwaltungs-Mitarbeiterin in der Geographie der Uni Marburg (Umweltinformatik\/Physische Geographie) in der Deutschhausstra\u00dfe 21, Raum: 00A18 und zu erreichen unter +49 6421 28-25753 oder <a href=\"mailto:heike.balzer@geo.uni-marburg.de\">heike.balzer@geo.uni-marburg.de<\/a><\/p>\n\n\n\n<p><\/p>\n\n\n\n<div class=\"wp-block-image\"><figure class=\"alignleft\"><img decoding=\"async\" src=\"http:\/\/stadtlandvolk.noblogs.org\/files\/2019\/08\/Hatop.jpg\" alt=\"\" class=\"wp-image-814\"\/><\/figure><\/div>\n\n\n\n<p><strong>G\u00f6tz Hatop <\/strong>arbeitet in der Universit\u00e4tsbiblitothek. Zu erreichen ist er unter Tel.: +49 6421 28-22058 oder E-Mail: <a href=\"mailto:goetz.hatop@ub.uni-marburg.de\">goetz.hatop@ub.uni-marburg.de<\/a><\/p>\n\n\n\n<p><\/p>\n\n\n\n<div class=\"wp-block-image\"><figure class=\"alignleft\"><img decoding=\"async\" src=\"http:\/\/stadtlandvolk.noblogs.org\/files\/2019\/08\/Ehricke-1.jpg\" alt=\"\" class=\"wp-image-798\"\/><\/figure><\/div>\n\n\n\n<p><strong>Sebastin Ehricke<\/strong> ist Beisitzer im Stadtverbands-Vorstand, studiert aktuell Politikwissenschaft an der Uni Marburg.<\/p>\n\n\n\n<hr class=\"wp-block-separator\"\/>\n\n\n\n<p><\/p>\n\n\n\n<p><\/p>\n\n\n\n<p>Dass, wie in der OP berichtet, lokal aktuell keine Verstrickungen zu den Germanen bekannt sind liegt nicht an inhaltlichen Differenzen, <a href=\"https:\/\/stadtlandvolk.net\/?p=143\">sondern an antifaschistischer Skandalisierung<\/a>. Noch 2017 gr\u00fcndeten Germanen und AfD\u2018ler zusammen die Junge Alternative, wie <a href=\"https:\/\/stadtlandvolk.net\/?p=132\">hier<\/a> behandelt wurde, au\u00dferdem nutzen beide mit Vorliebe die <a href=\"https:\/\/stadtlandvolk.net\/?p=238\">Gartenlaube<\/a>. Mit der Veranstaltung in Bauerbach ist es der AfD nicht nur gelungen, eine eigene Veranstaltung in einem Marburger Ortsteil durchzuf\u00fchren, sondern auch, diese mit zwei VertreterInnen des extrem rechten AfD-Fl\u00fcgels abzuhalten. Dass sich die AfD Marburg sich nebst Gauland die \u201ehessische Galionsfigur des \u201aFl\u00fcgels\u2018\u201c (FAZ) und EU-Parlamentarierin Christine Anderson einl\u00e4dt, ist ein deutliches Zeichen, wie sich der Ortsverband in innerparteilichen Richtungsk\u00e4mpfen positioniert.<\/p>\n\n\n\n<p>Als Fazit bleibt festzuhalten, dass die Marburger AfD auf den ersten Blick aus \u201anormalen\u2018 Leuten \u201aaus der Mitte der Gesellschaft\u2018 &#8211; Uni-Angestellte, erfolgreiche Mittelst\u00e4ndler, mindestens ein Polizist \u2013 besteht. Sieht man jedoch genauer hin wird deutlich, was f\u00fcr eine menschenverachtende Gesinnung diese Menschen in sich haben: Offener Antisemitismus, extrem widerliche Homophobie und Sexismus, Bekanntschaft mit NPD\u2018lern und Likes f\u00fcr die Identit\u00e4ren. Die AfD ist bundesweit wie lokal sicherlich kein \u201aOrt der Aufkl\u00e4rung\u2018 oder eine \u201ademokratische Partei wie andere auch\u2018. Sie ist ein Verein von extrem rechten Menschenfeinden und so muss ihr auch begegnet werden. Die Gefahr von Faschisten wie Martin Lauer, der in Polizei- und Militaristenkreisen verkehrt, darf in Zeiten von Uniter, dem Nordkreuz und Morddrohungen aus Reihen der hessischen Polizei nicht \u00fcbersehen werden.<\/p>\n\n\n\n<p>Update 19.8.2019: Wir haben weitere Screenshots von Johannes H\u00fchn Facebook-Aktivit\u00e4ten analysiert (s.o.). Diese lassen den Schluss nahe, dass er Alter Herr der Normania-Leipzig zu Marburg ist.<\/p>\n","protected":false},"excerpt":{"rendered":"<p>13.08.2019 Dieser Text befasst sich mit aktuellen Entwicklungen und vor allem Personalia der Stadt- und Kreis-AfD in Marburg. Bereits hier und hier haben wir \u00fcber ausgew\u00e4hlte Personen der Marburger AfD geschrieben, diesmal soll es ein wenig mehr in die Tiefe gehen. Auch wenn die \u00fcblichen Naziverbindungen nach wie vor regelm\u00e4\u00dfig Veranstaltungen organisieren, ist die AfD der lokale Akteur, der die relevantesten und \u00f6ffentlichkeitswirksamsten rechten Veranstaltungen organisiert, wie zuletzt die Veranstaltung mit Gauland in Bauerbach. An Gaulands Person kann man die Kontinuit\u00e4t rechter Veranstaltungen in Marburg festmachen, so sprach er noch im Sommersemester 2014 bei der Naziverbindung Rheinfranken. Neben Gauland sprach in Bauerbach auch Christine Anderson, prominenteste hessische Vertreterin des extrem rechten \u201aFl\u00fcgels\u2018 innerhalb der AfD rund und Bj\u00f6rn H\u00f6cke. In ihrer Rede beim Kyffh\u00e4usertreffen 2019 dankte sie H\u00f6cke, dass er die AfD davor bewahrt habe, eine Systempartei zu werden. Am 4.5. gr\u00fcndete sich der Stadtverband der Partei, einige Wochen zuvor w\u00e4hlte der Kreisverband einen neuen Vorstand. Ausgew\u00e4hlte AfD\u2018ler und eine AfD&#8217;lerin stellen wir euch nun hier vor. Vor kurzem erschien in der Oberhessischen Presse ein affirmativer Beitrag zum Stadtverband mit O-T\u00f6nen von Michael Franke. Darin \u00e4u\u00dferte dieser, dass AfD-Mitglieder Angst vor der Antifa h\u00e4tten und die lokale Arbeit der AfD [&#8230;]<\/p>\n","protected":false},"author":1,"featured_media":293,"comment_status":"closed","ping_status":"open","sticky":false,"template":"","format":"standard","meta":{"footnotes":""},"categories":[120],"tags":[50,28,217,24,178,102,383,11,384,387,390,389,27,386,380,114,353,212,21,379,382,376,126,381,378,36,39,377,14,391,163,388],"class_list":["post-242","post","type-post","status-publish","format-standard","has-post-thumbnail","hentry","category-artikel-2019","tag-afd-marburg-biedenkopf","tag-alexander-gauland","tag-andre-poggenburg","tag-bjoern-hoecke","tag-chris-ares","tag-christine-anderson","tag-christopher-katzer","tag-deutsche-burschenschaft","tag-dirk-winnebald","tag-gerhard-riel","tag-goetz-hatop","tag-heike-balzer","tag-identitaere","tag-johannes-huehn","tag-kyffhaeuserverband","tag-landsmannschaft-chattia","tag-marburger-jaeger","tag-marcel-grauf","tag-martin-hohmann","tag-martin-lauer","tag-matthias-pozzi","tag-michael-franke","tag-normania-leipzig-zu-marburg","tag-osmth-orden","tag-patrick-wieschke","tag-patriotische-plattform","tag-philip-stein","tag-reinhard-rieth","tag-rheinfranken-marburg","tag-sebastian-ehricke","tag-tobias-heuwinkel","tag-werner-gosewinkel"],"_links":{"self":[{"href":"https:\/\/stadtlandvolk.net\/index.php?rest_route=\/wp\/v2\/posts\/242","targetHints":{"allow":["GET"]}}],"collection":[{"href":"https:\/\/stadtlandvolk.net\/index.php?rest_route=\/wp\/v2\/posts"}],"about":[{"href":"https:\/\/stadtlandvolk.net\/index.php?rest_route=\/wp\/v2\/types\/post"}],"author":[{"embeddable":true,"href":"https:\/\/stadtlandvolk.net\/index.php?rest_route=\/wp\/v2\/users\/1"}],"replies":[{"embeddable":true,"href":"https:\/\/stadtlandvolk.net\/index.php?rest_route=%2Fwp%2Fv2%2Fcomments&post=242"}],"version-history":[{"count":3,"href":"https:\/\/stadtlandvolk.net\/index.php?rest_route=\/wp\/v2\/posts\/242\/revisions"}],"predecessor-version":[{"id":246,"href":"https:\/\/stadtlandvolk.net\/index.php?rest_route=\/wp\/v2\/posts\/242\/revisions\/246"}],"wp:featuredmedia":[{"embeddable":true,"href":"https:\/\/stadtlandvolk.net\/index.php?rest_route=\/wp\/v2\/media\/293"}],"wp:attachment":[{"href":"https:\/\/stadtlandvolk.net\/index.php?rest_route=%2Fwp%2Fv2%2Fmedia&parent=242"}],"wp:term":[{"taxonomy":"category","embeddable":true,"href":"https:\/\/stadtlandvolk.net\/index.php?rest_route=%2Fwp%2Fv2%2Fcategories&post=242"},{"taxonomy":"post_tag","embeddable":true,"href":"https:\/\/stadtlandvolk.net\/index.php?rest_route=%2Fwp%2Fv2%2Ftags&post=242"}],"curies":[{"name":"wp","href":"https:\/\/api.w.org\/{rel}","templated":true}]}}