{"id":226,"date":"2018-09-01T22:50:42","date_gmt":"2018-09-01T20:50:42","guid":{"rendered":"https:\/\/stadtlandvolk.net\/?p=226"},"modified":"2020-09-15T16:33:04","modified_gmt":"2020-09-15T14:33:04","slug":"die-ideologie-zum-job-machen-mitarbeiterin-in-der-afd","status":"publish","type":"post","link":"https:\/\/stadtlandvolk.net\/?p=226","title":{"rendered":"Die Ideologie zum Job machen \u2013 MitarbeiterIn in der AfD"},"content":{"rendered":"\n<p class=\"has-text-align-right\"><em>01.09.2018<\/em><\/p>\n\n\n\n<p>Mit dem Einzug der AfD in mehrere Landesparlamente und den Bundestag, bietet die Partei sowohl ein politisches Wirkungsfeld, als auch Karriereoptionen. Die meisten Abgeordneten verf\u00fcgen gleich \u00fcber mehrere MitarbeiterInnen. F\u00fcr Aufsehen sorgte die Anstellung von Maximilian Tischer beim hessischen Bundestagsabgeordneten Jan Nolte. Zur Zeit seiner Einstellung wurde bereits gegen Tischer ermittelt, da er verd\u00e4chtigt wird, gemeinsam mit Franco Albrecht eine schwere staatsgef\u00e4hrdende Gewalttat vorbereitet zu haben. Tischer soll hierzu eine Liste geschrieben haben, bei der die <em>Bundesanwaltschaft<\/em> vermutet, sie k\u00f6nne m\u00f6gliche Anschlagsziele enthalten. Ein unbeschriebenes Blatt ist Tischer schon vorher nicht gewesen, so hatte der <em>Milit\u00e4rische Abschirmdienst<\/em> der Bundeswehr 2015 gegen ihn ermittelt, weil er eine Person ermuntert haben soll, \u201eetwas\u201c gegen Fl\u00fcchtlinge zu unternehmen. Zwei weitere Mitarbeiter waren bereits in der hessischen <em>AfD\/JA<\/em> Wegbegleiter von Nolte. Sowohl Jochen Roos als auch Gerry Kreutzer kennt Nolte aus der Zeit als diese noch im Kreisverband der <em>AfD<\/em> Offenbacher Land bzw. Wetterau aktiv war. Des weiteren besch\u00e4ftigt er den <em>Blaue Narzisse<\/em>-Autor Julian Islinger, der auch Mitglied in der Hamburger <em>Landsmannschaft Mecklenburgia-Rostock<\/em> ist, welche wiederum im Dachverband <em>Coburger Convent<\/em> organisiert ist.<\/p>\n\n\n\n<p>Mit Katrin Nolte arbeitet auch seine Frau in Berlin bei der <em>AfD-Fraktion<\/em>. Katrin Nolte ist als Moderatorin f\u00fcr <em>Compact-TV<\/em> bekannt geworden. <em>Compact-TV<\/em> ist das Video-Format der gleichnamigen <em>neurechten<\/em>, verschw\u00f6rungsideologischen Zeitschrift von J\u00fcrgen Els\u00e4sser. Nun ist sie Referentin, des ebenfalls aus Hessen stammenden Bundestagsabgeordneten Martin Hohmann. Hohmann war 2004 aus der CDU geflogen, nach dem er eine zutiefst antisemitische Rede gehalten hatte, in der er die These in den Raum stellte, die \u201eJuden mit einiger Berechtigung als \u2018T\u00e4tervolk\u2018\u201c bezeichnen zu k\u00f6nnten.&nbsp;<\/p>\n\n\n\n<div class=\"wp-block-image\"><figure class=\"alignright\"><img decoding=\"async\" src=\"http:\/\/stadtlandvolk.noblogs.org\/files\/2018\/11\/compactafd03_sw.jpg\" alt=\"\" class=\"wp-image-682\"\/><\/figure><\/div>\n\n\n\n<p><\/p>\n\n\n\n<p>Katrin Nolte bei Compact TV<\/p>\n\n\n\n<h2 class=\"wp-block-heading\">Karrieresprungbrett Junge Alternative<\/h2>\n\n\n\n<p>Neben Jochen Roos haben weitere Vertreter der hessischen <em>JA<\/em> in Berlin einen neuen Job bekommen. Der ehemalige Frankfurter <em>JA-Vorsitzende<\/em> Dominik Class ist bei Joana Cotar angestellt. Dar\u00fcber hinaus ist Jonas Batteiger nun Referent der ehemaligen Spitzenkandidatin aus Hessen Maria Harder-K\u00fchnel. Batteiger hat durch ein Video auf sich aufmerksam gemacht, in dem er seine \u201eErfahrungen\u201c aus einem antirassistischen Workshop an der Universit\u00e4t vorstellt und damit versuchte, den Referenten zu diskreditieren. Ebenfalls bei Harder-K\u00fchnel ist ein weiteres <em>JA-Hessen-Vorstandsmitglied<\/em> angestellt: Christan Rohde. Er geh\u00f6rte, wie auch Class und Batteiger, zu einer Gruppe von JAlern, die an der Uni Frankfurt Flugbl\u00e4tter verteilten, in denen sie dazu aufriefen linke oder nur kritische WissenschaftlerInnen zu melden.<\/p>\n\n\n\n<p><img loading=\"lazy\" decoding=\"async\" src=\"http:\/\/stadtlandvolk.noblogs.org\/files\/2018\/11\/23.01.2016Uniffm_sw.jpg\" alt=\"\" width=\"720\" height=\"960\">Class (li.), Batteiger (unten), Rohde (Brille) haben alle Jobs in der AfD bekommen<\/p>\n\n\n\n<h2 class=\"wp-block-heading\">Magdeburger Landtag &#8211; die AfD als Arbeitgeber f\u00fcr rechte Burschen aus Hessen<\/h2>\n\n\n\n<p>Nicht nur die <em>JA<\/em> profitiert von den neuen Karrierem\u00f6glichkeiten, auch f\u00fcr extrem Rechte Burschenschaftler bietet die Parlamentsarbeit eine neue Option. Aus der ehemals in Gie\u00dfen ans\u00e4ssigen Burschenschaft <em>Dresdensia-Rugia<\/em> zog es Matthias Ferdinand in den Landtag von Sachsen-Anhalt. Ferdinand studierte in Gie\u00dfen und geh\u00f6rt der <em>Dresdensia-Rugia<\/em> an, welche seit den 90er Jahren als Kaderschmiede der <em>NPD<\/em> bekannt ist. Zu den bekannten \u201eAlten Herren\u201c geh\u00f6ren unter anderem die ehemaligen s\u00e4chsischen <em>NPD-Landtagsabgeordneten<\/em> Arne Schimmer und J\u00fcrgen Gansel. Diese politische Ausrichtung legte die <em>Dresdensia-Rugia<\/em> auch zu Zeiten von Ferdinand nicht ab. Im Landtag in Magdeburg arbeitet er nun als Fraktionsreferent f\u00fcr die <em>AfD<\/em>.<\/p>\n\n\n\n<p><img loading=\"lazy\" decoding=\"async\" src=\"http:\/\/stadtlandvolk.noblogs.org\/files\/2018\/11\/mattias-ferdinand_sw_2.jpg\" alt=\"\" width=\"634\" height=\"359\">Matthias Ferdinand bei der Winterakademie des <em>Instituts f\u00fcr Staatspolitik<\/em> 2017 in Schnellroda<\/p>\n\n\n\n<p>Aber auch die Burschenschaftler der Marburger<em>Burschenschaft Germania<\/em> sind dem Ruf der <em>AfD<\/em> gefolgt. <a href=\"https:\/\/stadtlandvolk.net\/?p=139\">Die Germania Marburg gilt bereits als Knotenpunkt der extremen Rechten<\/a>. Eine Zugeh\u00f6rigkeit bei der DB-Burschenschaft scheint demnach zutr\u00e4glich bei der Vergabe von Referentenanstellungen. So gehen gleich mehrere \u201eBundesbr\u00fcder\u201c im Landtag von Sachsen-Anhalt in Magdeburg ein und aus. Darunter Robert Offermann, der allerdings nach einem kurzen Ausflug weiter nach Hamburg zog, wo er nun als Pressesprecher der <em>AfD-Fraktion<\/em> im Abgeordnetenhaus t\u00e4tig ist. Auch Andreas Graudin arbeitet aktuell f\u00fcr die <em>AfD<\/em> in Sachsen Anhalt. 2011 war er noch stellvertretender Vorsitzender in der extrem rechten Partei <em>Pro Deutschland<\/em> in Berlin und kandidierte im gleichen Jahr bei der Berliner Abgeordnetenhauswahl f\u00fcr die Partei. Ebenfalls eine zentrale Rolle hatte er in der <em>neurechten <\/em>Denkfabrik <em>Studienzentrum Weikersheim<\/em>, wo er dem Pr\u00e4sidium angeh\u00f6rte. Ein weiterer Germane in Magdeburg ist Ben Berressem, der neben seiner Landtagst\u00e4tigkeit, Beisitzer der <em>Friesen-Stiftung<\/em> &#8211; der Landesstiftung der <em>AfD Sachsen-Anhalt<\/em> \u2013 ist.<\/p>\n\n\n\n<p>Nicht nur nach Sachen-Anhalt zieht es die Burschenschaftler der <a href=\"https:\/\/stadtlandvolk.net\/?p=139\"><em>Germania<\/em><\/a>. Nach Th\u00fcringen hat es Torben Braga gezogen. Braga ist hier Pressesprecher des Landesverbandes und Teil des Landevorstands und dar\u00fcber hinaus Berater von Bj\u00f6rn H\u00f6cke. Marcel Grauf tat es ihm im Landtag in Baden W\u00fcrttemberg gleich. Er arbeitet dort seit geraumer Zeit f\u00fcr die <em>AfD-Abgeordneten<\/em> Christina Baum und Heiner Merz. Um Grauf gab es zuletzt wegen \u00c4u\u00dferungen aus einem internen Chat wirbel. Hier offenbarte er ein menschenverachtendes, zutiefst rassistisches und&nbsp;antisemitisches Weltbild. Dieses gipfelte darin, das er anmerkte: &#8222;Immerhin haben wir jetzt so viele Ausl\u00e4nder im Land, dass sich ein Holocaust mal wieder lohnen w\u00fcrde.&#8220; Konsequenzen hat so etwas in der <em>AfD<\/em> nicht, im Gegenteil, die Berichterstattung dar\u00fcber bezeichnet die Abgeordnete Christina Baum als Versuch, die <em>AfD<\/em> zu diskreditieren.<\/p>\n\n\n\n<p>Hier wird deutlich, dass sich die MitarbeiterInnen der <em>AfD<\/em> aus dem gesamten extrem rechten Netzwerk speisen. Die <em>AfD<\/em> macht sich dies zu nutze, da sie aus ihrer Sicht, auf diese Weise gut ausgebildetes und ideologisch geschultes Personal bekommt. Es ist davon auszugehen, dass nach der hessischen Landtagswahl weitere MitarbeiterInnen aus dem extrem rechten Verbindungs- und Burschenschaftsmilieu von der <em>AfD<\/em> angestellt werden. Im Kontext der fortschreitenden Radikalisierung der Partei und der zunehmend v\u00f6lkischen Ausrichtung ist dieser Schritt nicht aus der Not geboren, sondern geschieht aufgrund eines \u00fcbereinstimmenden Weltbildes.<\/p>\n","protected":false},"excerpt":{"rendered":"<p>01.09.2018 Mit dem Einzug der AfD in mehrere Landesparlamente und den Bundestag, bietet die Partei sowohl ein politisches Wirkungsfeld, als auch Karriereoptionen. Die meisten Abgeordneten verf\u00fcgen gleich \u00fcber mehrere MitarbeiterInnen. F\u00fcr Aufsehen sorgte die Anstellung von Maximilian Tischer beim hessischen Bundestagsabgeordneten Jan Nolte. Zur Zeit seiner Einstellung wurde bereits gegen Tischer ermittelt, da er verd\u00e4chtigt wird, gemeinsam mit Franco Albrecht eine schwere staatsgef\u00e4hrdende Gewalttat vorbereitet zu haben. Tischer soll hierzu eine Liste geschrieben haben, bei der die Bundesanwaltschaft vermutet, sie k\u00f6nne m\u00f6gliche Anschlagsziele enthalten. Ein unbeschriebenes Blatt ist Tischer schon vorher nicht gewesen, so hatte der Milit\u00e4rische Abschirmdienst der Bundeswehr 2015 gegen ihn ermittelt, weil er eine Person ermuntert haben soll, \u201eetwas\u201c gegen Fl\u00fcchtlinge zu unternehmen. Zwei weitere Mitarbeiter waren bereits in der hessischen AfD\/JA Wegbegleiter von Nolte. Sowohl Jochen Roos als auch Gerry Kreutzer kennt Nolte aus der Zeit als diese noch im Kreisverband der AfD Offenbacher Land bzw. Wetterau aktiv war. Des weiteren besch\u00e4ftigt er den Blaue Narzisse-Autor Julian Islinger, der auch Mitglied in der Hamburger Landsmannschaft Mecklenburgia-Rostock ist, welche wiederum im Dachverband Coburger Convent organisiert ist. Mit Katrin Nolte arbeitet auch seine Frau in Berlin bei der AfD-Fraktion. Katrin Nolte ist als Moderatorin f\u00fcr Compact-TV bekannt geworden. [&#8230;]<\/p>\n","protected":false},"author":1,"featured_media":282,"comment_status":"closed","ping_status":"open","sticky":false,"template":"","format":"standard","meta":{"footnotes":""},"categories":[105],"tags":[10,306,231,307,237,321,220,319,318,323,106,104,312,314,303,446,304,324,30,19,315,75,316,309,15,53,103,322,311,310,38,212,317,313,320,302,92,238,232,239,60],"class_list":["post-226","post","type-post","status-publish","format-standard","has-post-thumbnail","hentry","category-artikel-2018","tag-afd","tag-afd-offenbacher-land","tag-afd-sachsen-anhalt","tag-afd-wetterau","tag-andreas-graudin","tag-arne-schimmer","tag-blaue-narzisse","tag-burschenschaft-dresdensia-rugia","tag-christian-rohde","tag-christina-baum","tag-coburger-convent","tag-compact","tag-compact-tv","tag-dominik-class","tag-franco-albrecht","tag-friedrich-friesen-stiftung","tag-gerry-kreutzer","tag-heiner-merz","tag-institut-fuer-staatspolitik","tag-jan-nolte","tag-joana-cotar","tag-jochen-roos","tag-jonas-batteiger","tag-julian-islinger","tag-junge-alternative","tag-junge-alternative-hessen","tag-juergen-elsaesser","tag-juergen-gaensel","tag-katrin-nolte","tag-landsmannschaft-mecklenburgia-rostock","tag-marburger-burschenschaft-germania","tag-marcel-grauf","tag-maria-harder-kuehnel","tag-marin-hohmann","tag-matthias-ferdinand","tag-maximilian-tischer","tag-npd","tag-pro-deutschland","tag-robert-offermann","tag-studienzentrum-weikersheim","tag-torben-braga"],"_links":{"self":[{"href":"https:\/\/stadtlandvolk.net\/index.php?rest_route=\/wp\/v2\/posts\/226","targetHints":{"allow":["GET"]}}],"collection":[{"href":"https:\/\/stadtlandvolk.net\/index.php?rest_route=\/wp\/v2\/posts"}],"about":[{"href":"https:\/\/stadtlandvolk.net\/index.php?rest_route=\/wp\/v2\/types\/post"}],"author":[{"embeddable":true,"href":"https:\/\/stadtlandvolk.net\/index.php?rest_route=\/wp\/v2\/users\/1"}],"replies":[{"embeddable":true,"href":"https:\/\/stadtlandvolk.net\/index.php?rest_route=%2Fwp%2Fv2%2Fcomments&post=226"}],"version-history":[{"count":2,"href":"https:\/\/stadtlandvolk.net\/index.php?rest_route=\/wp\/v2\/posts\/226\/revisions"}],"predecessor-version":[{"id":228,"href":"https:\/\/stadtlandvolk.net\/index.php?rest_route=\/wp\/v2\/posts\/226\/revisions\/228"}],"wp:featuredmedia":[{"embeddable":true,"href":"https:\/\/stadtlandvolk.net\/index.php?rest_route=\/wp\/v2\/media\/282"}],"wp:attachment":[{"href":"https:\/\/stadtlandvolk.net\/index.php?rest_route=%2Fwp%2Fv2%2Fmedia&parent=226"}],"wp:term":[{"taxonomy":"category","embeddable":true,"href":"https:\/\/stadtlandvolk.net\/index.php?rest_route=%2Fwp%2Fv2%2Fcategories&post=226"},{"taxonomy":"post_tag","embeddable":true,"href":"https:\/\/stadtlandvolk.net\/index.php?rest_route=%2Fwp%2Fv2%2Ftags&post=226"}],"curies":[{"name":"wp","href":"https:\/\/api.w.org\/{rel}","templated":true}]}}