{"id":207,"date":"2017-03-25T17:59:00","date_gmt":"2017-03-25T16:59:00","guid":{"rendered":"https:\/\/stadtlandvolk.net\/?p=207"},"modified":"2020-09-15T16:22:37","modified_gmt":"2020-09-15T14:22:37","slug":"outing-maximilian-kolb","status":"publish","type":"post","link":"https:\/\/stadtlandvolk.net\/?p=207","title":{"rendered":"Outing Maximilian Kolb"},"content":{"rendered":"\n<div class=\"wp-block-image\"><figure class=\"alignright\"><img decoding=\"async\" src=\"http:\/\/stadtlandvolk.noblogs.org\/files\/2017\/03\/maxk-2-150x150.jpg\" alt=\"\" class=\"wp-image-99\"\/><\/figure><\/div>\n\n\n\n<p class=\"has-text-align-left\"><strong>Maximilian Kolb<\/strong><br><strong>17.06.1994<\/strong><br><strong>Lutherstra\u00dfe 3<\/strong><br><strong>Marburg<\/strong><br><strong>dermaxkolb@web.de<\/strong><br><strong>Studiengang:Philosophie<\/strong><\/p>\n\n\n\n<p>Max studiert in Marburg Philosophie im 5. Semester und ist Burschenschafter bei der \u201c<strong>Marburger Germania<\/strong>\u201d, welche in der <strong>Deutschen Burschenschaft<\/strong> (DB) organisiert ist. Au\u00dferdem ist er Beisitzer im Vorstand der <strong>Jungen Alternative Hessen<\/strong> (JA), der Jugendorganisation der Alternative f\u00fcr Deutschland (AfD) und war bei \u00f6ffentlichen Stammtischen der JA in Marburg zugegen.<br>Desweiteren nahm Max Kolb zusammen mit seinem Vater Werner Kolb (geb. 20.06.1961), am Bundesparteitag der AfD vom 30. April bis 01. Mai 2016 in Stuttgart teil. Beide sind AfD-Mitglieder und kommen aus Homberg (Plz. 34576), wo Werner Kolb auch immer noch Am Krachenberg 1 wohnt. Auf dem Festnetz ist er unter 05681 931596 erreichbar. Die Verstrickungen der \u201cMarburger Burschenschaft Germania\u201d mit Neonazis und anderen Rechtsradikalen ist seit langem bekannt. So im Rahmen von Vortragsveranstaltungen mit Bruno Burchardt im Januar 2013 \u00fcber die \u201cZukunft der deutschen Volksgruppe in Europa\u201d, eines Burschen der Olympia Wien, welche wegen eines Bombenanschlags kurzzeitig verboten war und sogar den Holocaustleugner David Irving zu sich einlud. Au\u00dferdem befinden sich in den Reihen der aktiven Germania Burschis verschiedene Neue Rechte und Neonazis. So zum Beispiel Philipp Stein der versucht, sich als neu-rechter Publizist einen Namen zu machen und j\u00fcngst einen eigenen Verlag \u201cJung Europa\u201d gr\u00fcndete. Zuvor schrieb er unz\u00e4hlige Artikel f\u00fcr neuechte Organe wie \u201cBlaue Narzisse\u201d und \u201cJunge Freiheit\u201d, sowie auch B\u00fccher mit dem neu-rechtem Netzwerk um G\u00f6tz Kubitschek. Mit diesem gr\u00fcndete er auch die \u201c1% f\u00fcr unser Land\u201d-Bewegung, einer Art NGO f\u00fcr \u201cDeutsche\u201d. Seine erste Ver\u00f6ffentlichung im eigenen Verlag wird passenderweise dem franz\u00f6sischen Faschisten Pierre Drieu la Rochelle gelten. Aber auch weniger intellektuelle Neonazis haben in der \u201cGermania\u201d ihren Platz, wie etwa Tobias Sauer und Patrick Bass, beides unter anderem Mitglieder der kameradschafts\u00e4hnlichen \u201cAG Schwaben\u201d, beide regelm\u00e4\u00dfige Nazi-Demog\u00e4nger, beide Protagonisten gewaltt\u00e4tiger \u00dcbergriffe.<br>Im Jahr 2015 hatte die \u201cGermania Marburg\u201d zudem den Vorsitz der Deutschen Burschenschaft inne und war damit wesentlich an der Ausrichtung und Au\u00dfendarstellung des v\u00f6lkisch-rassistischen Verbandes beteiligt. Vorsitzender war ihr Mitglied Torben Braga.<br>Es sollte offensichtlich sein, warum das Verbindungshaus der Marburger \u201cGermania\u201d ein wichtiger Treffpunkt der lokalen Neu-Rechten bis neonazistischen Szene ist und was es bedeutet dort zu wohnen und dazu noch wie Max Kolb, diesen Personenkreis zu seinen Freunden zu z\u00e4hlen. So liest sich auch Kolbs Freundesliste auf Facebook wie ein \u201cWho is who?\u201d der Marburger Neonazi und Verbindungsszene.<br>Umgekehrt ist Kolbs Bet\u00e4tigung in der JA ein weiterer Beweis f\u00fcr den hohen Stellenwert dieser, als Plattform zur Vernetzung und gemeinsamen Agieren in Politik und Gesellschaft f\u00fcr verschiedene rechte Akteure. Vollkommene Ignoranz der neonazistischen Bet\u00e4tigung von Kolb ist hierbei die freundlichste Lesart des Verhaltens der restlichen JA. Ebenso k\u00f6nnte dies Indiz daf\u00fcr sein, dass dort niemand was gegen Neonazis hat, bzw. Sie aufgrund ideologischer Gemeinsamkeiten dort sogar ihren rechten Platz haben, solange sie so seri\u00f6s wirken wie Kolb.<\/p>\n\n\n\n<p><strong>Mit der Seri\u00f6sit\u00e4t ist es jetzt vorbei! Nazi-Burschen Beine machen!<\/strong><\/p>\n\n\n\n<p><a href=\"http:\/\/stadtlandvolk.noblogs.org\/files\/2017\/03\/1997621796.pdf\">Download: Max Kolb Outing<\/a><\/p>\n","protected":false},"excerpt":{"rendered":"<p>Maximilian Kolb17.06.1994Lutherstra\u00dfe 3Marburgdermaxkolb@web.deStudiengang:Philosophie Max studiert in Marburg Philosophie im 5. Semester und ist Burschenschafter bei der \u201cMarburger Germania\u201d, welche in der Deutschen Burschenschaft (DB) organisiert ist. Au\u00dferdem ist er Beisitzer im Vorstand der Jungen Alternative Hessen (JA), der Jugendorganisation der Alternative f\u00fcr Deutschland (AfD) und war bei \u00f6ffentlichen Stammtischen der JA in Marburg zugegen.Desweiteren nahm Max Kolb zusammen mit seinem Vater Werner Kolb (geb. 20.06.1961), am Bundesparteitag der AfD vom 30. April bis 01. Mai 2016 in Stuttgart teil. Beide sind AfD-Mitglieder und kommen aus Homberg (Plz. 34576), wo Werner Kolb auch immer noch Am Krachenberg 1 wohnt. Auf dem Festnetz ist er unter 05681 931596 erreichbar. Die Verstrickungen der \u201cMarburger Burschenschaft Germania\u201d mit Neonazis und anderen Rechtsradikalen ist seit langem bekannt. So im Rahmen von Vortragsveranstaltungen mit Bruno Burchardt im Januar 2013 \u00fcber die \u201cZukunft der deutschen Volksgruppe in Europa\u201d, eines Burschen der Olympia Wien, welche wegen eines Bombenanschlags kurzzeitig verboten war und sogar den Holocaustleugner David Irving zu sich einlud. Au\u00dferdem befinden sich in den Reihen der aktiven Germania Burschis verschiedene Neue Rechte und Neonazis. So zum Beispiel Philipp Stein der versucht, sich als neu-rechter Publizist einen Namen zu machen und j\u00fcngst einen eigenen Verlag \u201cJung Europa\u201d gr\u00fcndete. [&#8230;]<\/p>\n","protected":false},"author":1,"featured_media":330,"comment_status":"closed","ping_status":"open","sticky":false,"template":"","format":"standard","meta":{"footnotes":""},"categories":[123,122],"tags":[10,72,220,211,82,11,40,31,15,53,224,66,38,37,70,39,67,68,60,135],"class_list":["post-207","post","type-post","status-publish","format-standard","has-post-thumbnail","hentry","category-outings-afd","category-outings-studentenverbindungen","tag-afd","tag-ag-schwaben","tag-blaue-narzisse","tag-bruno-burchardt","tag-david-irving","tag-deutsche-burschenschaft","tag-einprozent","tag-goetz-kubitschek","tag-junge-alternative","tag-junge-alternative-hessen","tag-junge-freiheit","tag-jungeuropa-verlag","tag-marburger-burschenschaft-germania","tag-maximilian-kolb","tag-patrick-bass","tag-philip-stein","tag-pierre-drieu-la-rochelle","tag-tobias-sauer","tag-torben-braga","tag-werner-kolb"],"_links":{"self":[{"href":"https:\/\/stadtlandvolk.net\/index.php?rest_route=\/wp\/v2\/posts\/207","targetHints":{"allow":["GET"]}}],"collection":[{"href":"https:\/\/stadtlandvolk.net\/index.php?rest_route=\/wp\/v2\/posts"}],"about":[{"href":"https:\/\/stadtlandvolk.net\/index.php?rest_route=\/wp\/v2\/types\/post"}],"author":[{"embeddable":true,"href":"https:\/\/stadtlandvolk.net\/index.php?rest_route=\/wp\/v2\/users\/1"}],"replies":[{"embeddable":true,"href":"https:\/\/stadtlandvolk.net\/index.php?rest_route=%2Fwp%2Fv2%2Fcomments&post=207"}],"version-history":[{"count":5,"href":"https:\/\/stadtlandvolk.net\/index.php?rest_route=\/wp\/v2\/posts\/207\/revisions"}],"predecessor-version":[{"id":354,"href":"https:\/\/stadtlandvolk.net\/index.php?rest_route=\/wp\/v2\/posts\/207\/revisions\/354"}],"wp:featuredmedia":[{"embeddable":true,"href":"https:\/\/stadtlandvolk.net\/index.php?rest_route=\/wp\/v2\/media\/330"}],"wp:attachment":[{"href":"https:\/\/stadtlandvolk.net\/index.php?rest_route=%2Fwp%2Fv2%2Fmedia&parent=207"}],"wp:term":[{"taxonomy":"category","embeddable":true,"href":"https:\/\/stadtlandvolk.net\/index.php?rest_route=%2Fwp%2Fv2%2Fcategories&post=207"},{"taxonomy":"post_tag","embeddable":true,"href":"https:\/\/stadtlandvolk.net\/index.php?rest_route=%2Fwp%2Fv2%2Ftags&post=207"}],"curies":[{"name":"wp","href":"https:\/\/api.w.org\/{rel}","templated":true}]}}