{"id":183,"date":"2017-12-14T23:26:15","date_gmt":"2017-12-14T22:26:15","guid":{"rendered":"https:\/\/stadtlandvolk.net\/?p=183"},"modified":"2020-09-19T14:30:12","modified_gmt":"2020-09-19T12:30:12","slug":"burschen-aktuell","status":"publish","type":"post","link":"https:\/\/stadtlandvolk.net\/?p=183","title":{"rendered":"Burschen-Aktuell"},"content":{"rendered":"\n<p class=\"has-text-align-right\"><em>14.12.2017<\/em><\/p>\n\n\n\n<p>Liebe Landesregierung,<\/p>\n\n\n\n<p>im Nachgang zu den \u00dcbergriffen auf Fotograf*innen rund um den Landeskongress im vergangenen April, wurde im August 2017 von der hessischen SPD-Landtagsfraktion eine <a href=\"http:\/\/www.fr.de\/rhein-main\/hessen-afd-kontakte-zu-rechtsextremen-bestaetigt-a-1335672\">kleine Anfrage<\/a> an die Landesregierung gestellt, welche Aufkl\u00e4rung \u00fcber die Verstrickung der Jungen Alternative mit verfassungsfeindlichen Gruppierungen, wie der Identit\u00e4ren Bewegung und Ein-Prozent, bringen sollte. Von der Landesregierung wurden daraufhin \u201evereinzelt Verbindungen in Form von Personen\u00fcberschneidungen zwischen rechtsextremistischen Gruppierungen und der, &#8222;Jungen Alternative&#8220; festgestellt&#8220;. Es kann jedoch bei einem Gro\u00dfteil der Angreifer, welche bei dem Angriff am hessischen JA-Landeskongress beteiligt waren, belegt werden, dass diese Teil der Identit\u00e4ren Bewegung sind oder eng mit dieser zusammenarbeiten.<br>Im Falle Philip Steins wurde von der Landesregierung von einem &#8222;ehemalige(n) Verbindungsstudent&#8220; gesprochen. Hier wurde ignoriert, dass es sich bei Burschenschaften um ein Lebensbundprinzip handelt. Das hei\u00dft, dass selbst Alte Herren sind noch Teil der jeweiligen Burschenschaft sind. Das Lebensbundprinzip ist eins der zentralen Prinzipien von Burschenschaften.<br>Philip Stein ist jedoch nicht einmal Alter Herr, sondern wird als Inaktiver gef\u00fchrt. Inaktive sind Teil der Aktivitas, welche tempor\u00e4r von ihrer universit\u00e4ren Pflicht freigestellt werden. In Entscheidungen sind diese weiterhin involviert, sie haben zu diesem Zeitpunkt den Hauptteil der burschenschaftlichen Pflichten weiterhin zu tragen.<\/p>\n\n\n\n<p>Die Landesregierung gl\u00e4nzte bei ihrer Antwort auf die Anfrage nicht gerade durch Kompetenz und auch von der SPD w\u00e4re zu erwarten gewesen, diese st\u00fcmperhafte Antwort nicht unwidersprochen hinzunehmen. Mag das Handeln der Landesregierung schon irgendwo zwischen Ignoranz und Vertuschung einzuordnen sein, l\u00e4sst die Nachl\u00e4ssigkeit der SPD einen nachdr\u00fccklichen Willen zur Aufkl\u00e4rung vermissen.<br>Dass staatliche Beh\u00f6rden rechte Aktuer_innen v\u00f6llig falsch einsch\u00e4tzen, ist mittlerweile ein alter Hut. In dem Fall, bei dieser Faktenlage, jedoch nocheinmal besonders herauszustellen.<\/p>\n\n\n\n<p>Es folgen nun Rechercheergebnisse zu Pesonen, welche bei dem \u00dcbergriff am Tag des JA-Landeskongresses beteiligt waren, als auch zu Personen, die daran zwar nicht beteiligt waren, jedoch zu den drei Marburger DB!Burschenschaften geh\u00f6ren aus welchen sich Kader der Identit\u00e4ren Bewegung, der Jungen Alternative sowie anderer extrem rechter Vereinigungen entwickeln. Die folgenden Personen sollte man in Marburg und auch \u00fcberregional kennen und im Auge behalten sollte.<\/p>\n\n\n\n<h2 class=\"wp-block-heading\">Burschenschaft Germania Marburg (Lutherstra\u00dfe 3)<\/h2>\n\n\n\n<p>Dass die Burschenschaft Germania Marburg kein Naziproblem hat sondern eines Naziproblem ist, wurde in den letzten Jahren schon an verschiedenen Stellen offengelegt. Die alten und die neuen Mitglieder best\u00e4tigen dies immer wieder. So auch in diesem Semester (weiterf\u00fchrende Links:<a href=\"https:\/\/wwnn.noblogs.org\/nazitreff-in-der-lutherstrase\/\"> 1<\/a> und <a href=\"https:\/\/naziwatchmarburg.noblogs.org\/warum-die-burschenschaft-germania-kein-naziproblem-hat-sondern-eines-ist\/\">2<\/a>).<\/p>\n\n\n\n<p><a href=\"https:\/\/stadtlandvolk.noblogs.org\/post\/2017\/06\/14\/achtung-nils-grunemann-nazibursche\/\"><\/a><\/p>\n\n\n\n<div class=\"wp-block-image\"><figure class=\"alignright\"><img decoding=\"async\" src=\"https:\/\/stadtlandvolk.noblogs.org\/files\/2017\/12\/Nils_Grunemann1-e1513261168338.jpg\" alt=\"\" class=\"wp-image-441\"\/><\/figure><\/div>\n\n\n\n<p><a href=\"https:\/\/stadtlandvolk.net\/?p=296\"><strong>Nils Grunemann<\/strong><\/a> tauchte bereits 2013 in den F\u00fchrungskreisen der Identit\u00e4ren Bewegung Deutschland auf. Mindestens seit 2015 ist er bei der Marburger Burschenschaft Germania untergekommen. Anfang des Jahres gr\u00fcndete er gemeinsam mit Simon B\u00fcssing und dem Marburger Bundestagskandidaten der AfD, Julian Schmidt ( weiterf\u00fchrende Links: <a href=\"https:\/\/stadtlandvolk.noblogs.org\/post\/2017\/09\/16\/bundestagswahlspezial\/\">1<\/a> und <a href=\"https:\/\/stadtlandvolk.noblogs.org\/post\/2017\/07\/17\/broschure-zum-bundestagswahlkampf\/\">2<\/a>), die <a href=\"https:\/\/stadtlandvolk.net\/?p=132\">Junge Alternative Marburg-Biedenkopf<\/a>.<\/p>\n\n\n\n<div class=\"wp-block-image\"><figure class=\"alignright\"><img decoding=\"async\" src=\"https:\/\/stadtlandvolk.noblogs.org\/files\/2017\/12\/max1-e1497461864268.jpg\" alt=\"\" class=\"wp-image-438\"\/><\/figure><\/div>\n\n\n\n<div class=\"wp-block-image\"><figure class=\"alignright\"><img decoding=\"async\" src=\"https:\/\/stadtlandvolk.noblogs.org\/files\/2017\/12\/max2-e1497461879287.jpg\" alt=\"\" class=\"wp-image-439\"\/><\/figure><\/div>\n\n\n\n<p><a href=\"https:\/\/stadtlandvolk.net\/?p=298\"><strong>Maximilian Kolb<\/strong><\/a>\u00a0 ist in der AfD und in der Jungen Alternative (JA) aktiv. F\u00fcr die JA sa\u00df er, bis zum Landeskongress am 28.10.2017, im Landesvorstand Hessen als <a href=\"https:\/\/stadtlandvolk.noblogs.org\/post\/2017\/06\/14\/max-kolb-nazibursche-und-nachwuchs-afdler\/\">Beisitzer<\/a>. F\u00fcr die Burschenschaft Germania Marburg trat er schon als <a href=\"http:\/\/www.faz.net\/aktuell\/politik\/inland\/die-jugend-wird-politischer-das-beispiel-marburg-14485530-p2.html\">Sprecher<\/a> auf. Am 29.4.2017 war er bei dem bewaffneten Angriff auf Fotograf_innen in der Lutherstra\u00dfe, die den <a href=\"https:\/\/stadtlandvolk.net\/?p=143\">Landeskongress der JA Hessen<\/a> dokumentierten, federf\u00fchrend. Maximilian Kolbs Vater, Werner Kolb, ist politisch ebenfalls rechts zu verorten. Er sitzt f\u00fcr die AfD als Abgeordneter im Kreistag Schwalm-Eder und auch der Bruder von Maximilian, Alexander Kolb, f\u00e4llt auf Facebook unteranderem durch IB-Likes auf. Hier liegt die \u00dcberzeugung f\u00fcr rechte Ideologie wohl in der Familie.<\/p>\n\n\n\n<p><\/p>\n\n\n\n<p><\/p>\n\n\n\n<p><a href=\"https:\/\/stadtlandvolk.noblogs.org\/post\/2017\/03\/25\/outing-maximilian-kolb\/\"><\/a><\/p>\n\n\n\n<div class=\"wp-block-image\"><figure class=\"alignright\"><img decoding=\"async\" src=\"http:\/\/stadtlandvolk.noblogs.org\/files\/2017\/12\/nieder.png\" alt=\"\" class=\"wp-image-643\"\/><\/figure><\/div>\n\n\n\n<div class=\"wp-block-image\"><figure class=\"alignright\"><img decoding=\"async\" src=\"http:\/\/stadtlandvolk.noblogs.org\/files\/2017\/12\/AchimNiederFrankoniaErlangen-e1513262927262.jpg\" alt=\"\" class=\"wp-image-445\"\/><\/figure><\/div>\n\n\n\n<p><strong>Moritz Hermann Otto Georg Nieder<\/strong> war zuletzt Aktivensprecher der Burschenschaft Germania Marburg. Auf seinen Wegen durch die Stadt verklebt er gerne Aufkleber der Identit\u00e4ren Bewegung. Wie bei Maximilian Kolb ist auch der Vater von Moritz, Achim Nieder (Oststra\u00dfe 5, 38272 Burgdorf), in der AfD. Er ist auf der Nieders\u00e4chsischen Landesliste der AfD f\u00fcr die Bundestagswahl auf Listenplatz 16 zu finden.<br>Achim Nieder ist Alter Herr der Frankonia Erlangen. Die Frankonia Erlangen hat, wie die Germania Marburg, die DB! als Dachverband. Im Jahr 2015 hat sie den <a href=\"http:\/\/nozwischentag.blogsport.de\">&#8222;Zwischentag&#8220;<\/a>, eine Messe extrem rechter Verlage und Organisationen, ausgerichtet. G\u00e4ste in diesem Jahr waren zum Beispiel der wegen Hetze zu einer Freiheitsstrafe auf Bew\u00e4hrung verurteilte Michael St\u00fcrzenberger, Esther Seitz vom Widerstand West-Ost und Karl-Heinz Hoffmann, welcher die Wehrsportgruppe Hoffmann gr\u00fcndete und f\u00fchrte. Philip Stein war in diesem Jahr ebenfalls bei der Messe und auch die Jahre zuvor waren Mitglieder der <a href=\"https:\/\/naziwatchmarburg.noblogs.org\/warum-die-burschenschaft-germania-kein-naziproblem-hat-sondern-eines-ist\/\">Marburger Burschenschaft Germania <\/a>dort vertreten.<br><a href=\"https:\/\/www.aida-archiv.de\/index.php\/chronik\/2790-18-februar-2012-2\">Frank Miksch<\/a>, ebenfalls bei der Frankonia Erlangen, ist NPD-Aktivist und arbeitete mit dem Freien Netz S\u00fcd zusammen. Er \u00fcbernahm am 18.Februar 2012 mit <a href=\"https:\/\/www.aida-archiv.de\/index.php\/chronik\/2790-18-februar-2012-2\">Matthias Fischer<\/a> die Demonstrationsleitung bei einer &#8222;Eilversammlung&#8220; mit dem Thema &#8222;gegen linke Gewalt&#8220;. Matthias Fischer war Teil der 2014 verbotenen Vereinigung <a href=\"http:\/\/www.belltower.news\/artikel\/schluss-mit-dem-freien-netz-s%C3%BCd-9604\">&#8222;Freies Netz S\u00fcd&#8220;<\/a>, nach dem Verbot ging das FNS in der Nachfolgeorganisation &#8222;Partei III.Weg&#8220; auf. Au\u00dferdem wurde er auf einer Kontaktliste von Uwe Mundlos als <a href=\"http:\/\/www.bayerische-staatszeitung.de\/staatszeitung\/politik\/detailansicht-politik\/artikel\/geschwaerzte-akten-zur-mordserie.html\">N\u00fcrnberger Kontakt<\/a> gef\u00fchrt.<br>Die Germania Marburg und Frankonia Erlangen sind beide ganz eindeutig Naziburschenschaften. Es ist also kein Zufall, dass Moritz Nieder bei der Germania Marburg gelandet ist. Moritz und sein Vater sind beides Naziburschenschafter und rechtspolitisch aktiv.<\/p>\n\n\n\n<div class=\"wp-block-image\"><figure class=\"alignright\"><img decoding=\"async\" src=\"http:\/\/stadtlandvolk.noblogs.org\/files\/2017\/12\/NiederVermummt_JA-Landeskongress-e1513263363187.jpg\" alt=\"\" class=\"wp-image-446\"\/><\/figure><\/div>\n\n\n\n<p>Der Vater sitzt, wie bei Maximilian Kolb, f\u00fcr die AfD im Kreistag, der Sohn ist Teil der Identit\u00e4ren Bewegung und geht mit seinen Bundesbr\u00fcdern, unteranderem mit Maximilian Kolb, auf Fotograf_innen los. Stark rechtes Gedankengut scheint auch bei der Familie Nieder Tradition zu haben.<\/p>\n\n\n\n<p><\/p>\n\n\n\n<p><\/p>\n\n\n\n<div class=\"wp-block-image\"><figure class=\"alignright\"><img decoding=\"async\" src=\"http:\/\/stadtlandvolk.noblogs.org\/files\/2017\/12\/heinrichMahling-e1513263880742.jpg\" alt=\"\" class=\"wp-image-447\"\/><\/figure><\/div>\n\n\n\n<p><a href=\"https:\/\/stadtlandvolk.net\/?p=314\"><strong>Heinrich Mahling<\/strong><\/a> war bis Sp\u00e4tsommer 2017 Mitglied der\u00a0Hasso Borussia (Friedrich-Siebert-Weg 1). Mitte Oktober wurde er in der Marburger Innenstadt als IB-ler geoutet. Im Outing noch als Mitglied der Hasso Borussia benannt, ist dieser nun zu der Burschenschaft Germania Marburg gewechselt.<\/p>\n\n\n\n<div class=\"wp-block-image\"><figure class=\"alignright\"><img decoding=\"async\" src=\"http:\/\/stadtlandvolk.noblogs.org\/files\/2017\/12\/Mahling-IBsticker-e1513264432251.jpg\" alt=\"\" class=\"wp-image-450\"\/><\/figure><\/div>\n\n\n\n<p>Mit Heinrich Mahling hat die Burschenschaft Germania nun den ersten \u00f6ffentlich auftretenden &#8222;Identit\u00e4ren&#8220; in ihren Reihen. Seit Heinrich Mahling in Marburg lebt, hat dieser Kontakt zu Mitgliedern der Germanen. Da kommt ein Wechsel zur Germania Marburg nur wenig \u00fcberraschend.<\/p>\n\n\n\n<div class=\"wp-block-image\"><figure class=\"alignright\"><img decoding=\"async\" src=\"http:\/\/stadtlandvolk.noblogs.org\/files\/2017\/12\/Till-Weckm\u00fcller-e1513264653957.jpg\" alt=\"\" class=\"wp-image-452\"\/><\/figure><\/div>\n\n\n\n<div class=\"wp-block-image\"><figure class=\"alignright\"><img decoding=\"async\" src=\"http:\/\/stadtlandvolk.noblogs.org\/files\/2017\/12\/WeckmuellerJA-Landeskongress-vermummt-e1513265015358.jpg\" alt=\"\" class=\"wp-image-455\"\/><\/figure><\/div>\n\n\n\n<p><strong>Till Weckm\u00fcller<\/strong> ist im Laufe des letzen Jahres von der Marburger Burschenschaft Rheinfranken zur Burschenschaft Germania Marburg gewechselt.<br>Geboren ist er am 19.12.1995. Seine Neonazikarriere begann er schon in Rheinhessen. Dort war er bei der Nazipartei Der Dritte Weg aktiv, hatte aber auch Kontakte zum Hooligan-Spektrum von Waldhof Mannheim und zu LuNaRa (Ludwigsburger Nazis und Rassisten). Till Weckm\u00fcller war ma\u00dfgeblich an einem<a href=\"http:\/\/www.fr.de\/rhein-main\/alle-gemeinden\/mainz\/arab-nil-rhein-verein-jugendlicher-gesteht-a-707366\"> Anschlag auf den Verein Arab Nil-Rhein in Mainz<\/a> beteiligt. In Marburg begann er ein Jurastudium und wurde Burschenschafter.<br>Jedes Jahr am 11. Februar findet in Budapest der sogenannte <a href=\"http:\/\/www.hagalil.com\/2010\/02\/budapest-2\/\">&#8222;Tag der Ehre&#8220;<\/a> statt. Der Anlass dieser Veranstaltung ist der am 11. Februar 1945 erfolgte Versuch deutscher und ungarischer Faschisten sich aus einem Kessel der Roten Armee zu befreien. Auch wenn nur wenige dies \u00fcberlebten, wird dieser als tapfer verkl\u00e4rte Befreiungsversuch von Neonazis gefeiert. Seit 1997 werden die Gedenkveranstaltungen vom ungarischen Blood&amp;Honor-Ableger veranstaltet. Es handelt sich hierbei um einen j\u00e4hrlich stattfindenden Treffpunkt europ\u00e4ischer Neonazis und Blood&amp;Honor Aktivisten.<br>Till Weckm\u00fcller nahm im Jahr 2017 an diesem Treffen teil, was die militante Auspr\u00e4gung seiner Ideologie veranschaulicht.<br>Diese zeigt sich neben dem Anschlag auf einen islamischen Kulturverein und dem Besuch von Blood&amp;Honor-Veranstaltungen, au\u00dferdem auch konkret in Marburg.<br>Auch Till Weckm\u00fcller war am 29.4.2017 am \u00dcbergriff auf Fotograf_innen am Rande des Landeskongress der Jungen Alternative Hessen in der Lutherstra\u00dfe beteiligt. Mit einem Ninjapulli vermummt, griff er diese mehrfach mit Tritten und Schl\u00e4gen an. Dass die Fotograf_innen hiervon nicht ernsthaft verletzt wurden, war ihr Gl\u00fcck. Till Weckm\u00fcller scheint nicht unge\u00fcbt im Kampfsport zu sein. Er wurde mehrfach in einem Kampfsportverein in Marburg gesehen.<\/p>\n\n\n\n<p>Die Marburger Burschenschaft Germania ist eine Kaderschmiede der extremen Rechten. Seit einigen Jahren versucht die Germania zunehmend durch eine altbekannte Inszenierung von ihrem Nazi-Image wegzukommen. Dies ist jedoch nicht als inhaltlicher Bruch misszuverstehen. Die Hinwendung zur &#8222;Neuen Rechten&#8220; hat taktische Gr\u00fcnde. So treiben sie den Ausbau der Identit\u00e4ren Bewegung voran und organisieren nach wie vor einschl\u00e4gige Vortr\u00e4ge, zuletzt \u00fcber Ernst J\u00fcnger, gehalten von Werner Br\u00e4uninger. Der Historiker ist vor allem f\u00fcr seine B\u00fccher und Texte \u00fcber den historischen Nationalsozialismus in der Kritik, in welchen er \u00fcber einen nicht-hitleristischen Fl\u00fcgel und Personen wie Stauffenberg den Nationalsozialismus als solchen zu retten versucht. Seit 2014 besucht die Germania j\u00e4hrlich die <a href=\"https:\/\/www.theguardian.com\/world\/2010\/jun\/06\/gay-rome-attack-alcohol-right\">Casa Pound<\/a> in Italien. Es handelt sich hier um eine italienische faschistische Organisation, die seit Jahren Menschen, welche nicht in ihr konstruiertes Bild einer italienischen Volksgemeinschaft passen, angreifen und t\u00f6ten. 2015 f\u00fchrte die Germania Marburg, als Vorsitzende der Deutschen Burschenschaft, mit der Casa Pound ein Interview, in welchem Philip Stein sich h\u00f6chst bewundernd \u00fcber diese \u00e4u\u00dfert. Dieses Interview wurde in den Burschenschaftlichen Bl\u00e4ttern 1\/2015, der Zeitung der DB!, abgedruckt. 2017 sprach Philip Stein \u00fcber &#8222;Das organische Weltbild und die \u00f6kologische Revolution&#8220; bei einem Autorentreffen der Nazizeitung Umwelt und Aktiv. In diesem Vortrag nennt er die Casa Pound als vorbildliche Bewegung, mit welcher er &#8222;in ganz gutem Kontakt&#8220; (min.31:39) stehe.<\/p>\n\n\n\n<h2 class=\"wp-block-heading\">Burschenschaft Rheinfranken Marburg (Lutherstra\u00dfe 5)<\/h2>\n\n\n\n<p>Auch die Marburger Burschenschaft Rheinfranken ist bekannt f\u00fcr ihr Dasein als akademische Nazikameradschaft. Am 24.11.2017 fand auf dem Haus der Rheinfranken ein Vortrag zu angeblich fehlerhafter Geschichtsschreibung, welche f\u00fcr nationaler Selbsverachtung verantwortlich sei, statt. Gehalten wurde dieser von <a href=\"http:\/\/www.faz.net\/aktuell\/feuilleton\/politik\/im-generalsblick-1135031.html\">Gerd Schultze-Rhonhof<\/a>.<br>Dieser spricht immer wieder vor Vertreter_innen der extremen Rechten, auch im Antaios-Verlag erschien schon eine Ver\u00f6ffentlichung eines Gespr\u00e4chs mit ihm und Kubitschek.<br>Er war auch schon mehrfach in Marburg zu Besuch. Zum Beispiel hielt er 1998 bei den Rheinfranken einen Vortrag mit dem Thema &#8222;Braucht der Soldat ein Vaterland?&#8220;. Am 03.02.2007 war er bei der Burschenschaft Germania und hielt einen Vortrag im Zuge der von den Germanen organisierten Vortragsreihe &#8222;Marburger Diskurs&#8220;, welche regelm\u00e4\u00dfig extrem rechten Referenten eine Plattform bot. Am 01.12.2009 referierte er dann zu &#8222;Das Tschechisch-Deutsche Drama von 1918 bis 1939&#8220;. Gerd Schultze Rhonhoff ist ein geschichtsrevisionistischer Gerneralmajor a.D., welcher das schreiben f\u00fcr sich entdeckt hat. In seinem Buch &#8222;Der Krieg, der viele V\u00e4ter hatte&#8220;, behauptet Gerd Schultze Rhonhof &#8222;, da\u00df in den Jahren von 1933 bis 1938 557.000 Juden ihr polnisches Heimatland verlassen (mussten) und Zuflucht im benachbarten Deutschland (&#8230;)&#8220; suchten (Schultze-Rhonhof 2017: 394). Grund hierf\u00fcr seien antisemitische Progrome in Polen gewesen (vgl.ebd.).<br>Dieses Beispiel zeigt den Versuch, die Geschichte umzuschreiben und die Schuld des NS-Zeit von den Deutschen zu nehmen. Geschichtsrevisionismus ist zentraler Teil einer extrem rechten Ideologie. Diese wiederholte Einladung von Gerd Schultze-Rhonhof zeigt mal wieder die politischen Gesinnung der Rheinfranken.<\/p>\n\n\n\n<div class=\"wp-block-image\"><figure class=\"alignright\"><img decoding=\"async\" src=\"http:\/\/stadtlandvolk.noblogs.org\/files\/2017\/12\/zerries-e1513265608631.png\" alt=\"\" class=\"wp-image-457\"\/><\/figure><\/div>\n\n\n\n<p><strong>Heinrich Theodor Zerri<\/strong><strong>es<\/strong> war schon als er noch in Brauenschweig lebte Mitglied einer Sch\u00fclerburschenschaft, ebenso wie Jens-Erik M\u00f6hle. Beide fanden gemeinsam mit Beginn des Studiums ihren Weg zur Marburger Burschenschaft Rheinfranken. Neben seinem BWL Studium verfolgt Heinrich Theodor Zerries sein Engagement f\u00fcr extrem rechte Positionen auch in Marburg weiter. So ist es kein Wunder, dass er bei der Marburger Burschenschaft Rheinfranken gelandet ist, wo sich Nazis seit eh und je wohlf\u00fchlen.<br><img loading=\"lazy\" decoding=\"async\" src=\"http:\/\/stadtlandvolk.noblogs.org\/files\/2017\/12\/101_6363-e1513265760239.jpg\" alt=\"\" width=\"500\" height=\"374\"><em>Zerries auf Klassenfahrt in Griechenland<\/em><\/p>\n\n\n\n<figure class=\"wp-block-image\"><img decoding=\"async\" src=\"http:\/\/stadtlandvolk.noblogs.org\/files\/2017\/12\/101_6370-e1513265842763.jpg\" alt=\"\" class=\"wp-image-459\"\/><\/figure>\n\n\n\n<div class=\"wp-block-image\"><figure class=\"alignright\"><img decoding=\"async\" src=\"http:\/\/stadtlandvolk.noblogs.org\/files\/2017\/12\/Roth-e1513266018148.jpg\" alt=\"\" class=\"wp-image-461\"\/><\/figure><\/div>\n\n\n\n<p><strong>Lars Roth<\/strong> ist der Konkneipant der Rheinfranken. Begonnen hat seine Nazikarriere im Umfeld der Berserkern Kirtorf und der Division Mittelhessen. Hessen- und auch deutschlandweit ist Lars Roth mit Neonazis und Faschist_innen jeglicher Coleur, gut vernetzt. Er hat Kontakte zu militanten Neonazigruppierungen wie den Hammerskins und Blood&amp;Honor, besuchte ein von den Hammerskins organisiertes Konzert und trat als Ordner beim Eichsfelder Heimattag 2013 auf, welcher von dem Blood&amp;Honor-Aktivisten Thorsten Heise organisiert wurde.<br>In den Jahren 2015 und 2016 war er in die Organisation des Rechtsrockfestivals &#8222;Rock f\u00fcr Identit\u00e4t&#8220; involviert. Auch 2017 war er in Themar bei der Veranstaltung &#8222;Rock gegen \u00dcberfremdung&#8220; anwesend.<\/p>\n\n\n\n<p><img loading=\"lazy\" decoding=\"async\" src=\"http:\/\/stadtlandvolk.noblogs.org\/files\/2017\/12\/Roth2017_06_15_Ramaswamy-Themar_3931.jpg\" alt=\"\" width=\"6000\" height=\"4000\"><em>Lars Roth in Themar <\/em>\u00a9<em>Ramaswamy<\/em><\/p>\n\n\n\n<p>Lars Roth attackierte gemeinsam mit Luis Wehweck, beide mit Schl\u00e4gst\u00f6cken bewaffnet, Fotograf_innen am Rande des <a href=\"https:\/\/stadtlandvolk.net\/?p=143\">JA Hessen Landeskongesses<\/a> Ende April 2017 in der Marburger Lutherstra\u00dfe.<\/p>\n\n\n\n<div class=\"wp-block-image\"><figure class=\"alignright\"><img decoding=\"async\" src=\"http:\/\/stadtlandvolk.noblogs.org\/files\/2017\/12\/TitusTeichmann-e1513266587415.jpg\" alt=\"\" class=\"wp-image-463\"\/><\/figure><\/div>\n\n\n\n<p><strong>Titus Vinzenz Teichmann<\/strong> ist wohl seit 2014 bei den Rheinfranken. Er ist der Leibbursche von Lars Roth. Am Anfang einer jeden Burschenschafter-laufbahn w\u00e4hlt der Fux einen der vollberechtigten Mitglieder aus, welcher ihn durch seine Fuxenzeit begleitet und ihm in allen Angelegenheiten zur Seite gestellt ist. In den meisten F\u00e4llen haben der Leibbursch und der Leibfux ein sehr inniges Verh\u00e4ltnis zu einander, so auch Titus Teichmann und Lars Roth.<\/p>\n\n\n\n<figure class=\"wp-block-image\"><img decoding=\"async\" src=\"http:\/\/stadtlandvolk.noblogs.org\/files\/2017\/12\/LarsRothundTitusteichmann-Leibverh\u00e4ltnis.jpg\" alt=\"\" class=\"wp-image-464\"\/><\/figure>\n\n\n\n<p>Schon vor seiner Zeit bei den Rheinfranken fiel er mehrfach als Nazi auf. So war er zum Beispiel am <a href=\"http:\/\/www.recherche-nord.com\/gallery\/2013.03.23.html\">23.03.2013 in Kirchweye<\/a> bei einem Naziaufmarsch beteiligt, bei dem unter anderem die Holocaustl\u00e4ugnerin Ursula Haverbeck anwesend war (aktualisiert: 16.03.18). Seine Facebook-Likes best\u00e4tigen dies nocheinmal. Ihm gefallen zum Beispiel &#8222;Phalanx Europa&#8220;, &#8222;Jugend f\u00fcr das Leben&#8220;, &#8222;IB Niedersachsen&#8220; und &#8222;The Conservative Revolution&#8220;<\/p>\n\n\n\n<figure class=\"wp-block-image\"><img decoding=\"async\" src=\"http:\/\/stadtlandvolk.noblogs.org\/files\/2017\/12\/TitusTeichmannPhalanx.jpg\" alt=\"\" class=\"wp-image-466\"\/><\/figure>\n\n\n\n<figure class=\"wp-block-image\"><img decoding=\"async\" src=\"http:\/\/stadtlandvolk.noblogs.org\/files\/2017\/12\/TitusTeichmanJugendfurdasLeben.jpg\" alt=\"\" class=\"wp-image-465\"\/><\/figure>\n\n\n\n<figure class=\"wp-block-image\"><img decoding=\"async\" src=\"http:\/\/stadtlandvolk.noblogs.org\/files\/2017\/12\/TitusTeich-IBNiedersachsen.jpg\" alt=\"\" class=\"wp-image-469\"\/><\/figure>\n\n\n\n<figure class=\"wp-block-image\"><img decoding=\"async\" src=\"http:\/\/stadtlandvolk.noblogs.org\/files\/2017\/12\/Titusteichmann-coservatiRev.jpg\" alt=\"\" class=\"wp-image-470\"\/><\/figure>\n\n\n\n<div class=\"wp-block-image\"><figure class=\"alignright\"><img decoding=\"async\" src=\"http:\/\/stadtlandvolk.noblogs.org\/files\/2017\/12\/Lukas-Reuter-Dortmund-2013-August-e1513268418537.jpg\" alt=\"\" class=\"wp-image-471\"\/><\/figure><\/div>\n\n\n\n<p><strong>Lukas Reuter<\/strong> fiel schon als Jugendlicher durch die Verbreitung von extrem rechtem Gedankengut auf. Er nahm an mehreren Naziaufm\u00e4rschen teil z.B. 2013 in Dortmund und Gr\u00fcnberg. 2014 tauchte Lukas Reuter dann bei der Marburger Burschenschaft Rheinfranken auf. Der aus Rauschholzhausen stammende Lukas war am 3.6.2016 an einem Angriff auf die linke Kneipe Havanna Acht in Marburg beteiligt, bei dem eine Flasche durch eine Scheibe geworfen wurde.<\/p>\n\n\n\n<div class=\"wp-block-image\"><figure class=\"alignright\"><img decoding=\"async\" src=\"http:\/\/stadtlandvolk.noblogs.org\/files\/2017\/12\/sebastianspahnMensur-e1513268717656.jpg\" alt=\"\" class=\"wp-image-473\"\/><\/figure><\/div>\n\n\n\n<p><strong>Sebastian Spahn<\/strong> wohnte mit Benjamin Haasis in einer gemeinsamen Wohnung, als beide schon Aktive der Burschenschaft Rheinfranken Marburg waren. Sebastian Spahn scheint ebenso wie alle anderen Rheinfranken an nationalsozialistischen Ideen interessiert zu sein. So posierte er gemeinsam mit seinem damaligen Mitbewohner Benjamin Haasis in einem Militariamuseum begeistert vor einer Hakenkreuzfahne.<\/p>\n\n\n\n<p><img loading=\"lazy\" decoding=\"async\" src=\"http:\/\/stadtlandvolk.noblogs.org\/files\/2017\/12\/Benjamin-Haasis-und-Sebastian-Spahn.jpg\" alt=\"\" width=\"960\" height=\"720\"><em>Benjamin und Sebastian im Militariamuseum<\/em><\/p>\n\n\n\n<div class=\"wp-block-image\"><figure class=\"alignright\"><img decoding=\"async\" src=\"http:\/\/stadtlandvolk.noblogs.org\/files\/2017\/12\/TobiasHeuwinkel-e1513268881109.jpg\" alt=\"\" class=\"wp-image-475\"\/><\/figure><\/div>\n\n\n\n<p><strong>Tobias Heuwinkel<\/strong> kommt aus 32758 Detmold und ist vermutlich seit 2016 bei den Rheinfranken. Er studiert Arch\u00e4ologie und ist regelm\u00e4\u00dfig in der Philosophischen Fakult\u00e4t anzutreffen. Er besuchte am 03.06.2016 den Vortrag von Dubravko Mandic auf dem Rheinfrankenhaus. Der AfD-Funktion\u00e4r Dubravko Mandic ist dem v\u00f6lkischen Fl\u00fcgel der AfD zuzurechnen. Gegen ihn lief ein internes Parteiausschlussverfahren, wegen seiner offen neonazistischen und rassistischen \u00c4u\u00dferungen. Zu dem Zeitpunkt des Vortrages war Tobias Heuwinkel noch kein Rheinfranke, denen er sich im Wintersemester 2016 anschloss. Dass er diesen Vortrag besuchte und sich letztendlich f\u00fcr die Burschenschaft Rheinfranken entschied, ist nicht verwunderlich. Die Facebookseite von Tobias Heuwinkel (Tobias von Stroheck) zeigt, wie bei seinen Bundesbr\u00fcdern, ebenfalls eine extrem rechte Gesinnung. Ihm gef\u00e4llt unter anderem die <a href=\"https:\/\/www.antifainfoblatt.de\/artikel\/heil-thessalia-heil-munichia\">Burschenschaft Thessalia Prag zu Bayreuth<\/a>.<\/p>\n\n\n\n<figure class=\"wp-block-image\"><img decoding=\"async\" src=\"http:\/\/stadtlandvolk.noblogs.org\/files\/2017\/12\/TobiasHeuwinkel-Thessalia.jpg\" alt=\"\" class=\"wp-image-476\"\/><\/figure>\n\n\n\n<p>Diese war ma\u00dfgeblich f\u00fcr den 2011 gestellten &#8222;Arier-Antrag&#8220; verantwortlich, welchen die Burschenschaft Raczek zu Bonn letztendlich \u00f6ffentlich machte und damit den Austritt mehrerer Burschenschaften provozierte, sowie f\u00fcr eine Hinentwicklung zu einer \u00f6ffentlicheren Radikalisierung und Bekenntnis zu extrem rechten Positionen der Burschenschaften innerhalb der DB!. Au\u00dferdem wurde bekannt, dass Mario Brehme, einer der engsten Vertrauten und Unterst\u00fctzer des NSU, jahrelang auf dem Haus der Burschenschaft Thessalia Prag zu Bayreuth lebte und Teil dieser war.<br>Auch die<a href=\"http:\/\/buendnisgegenrechts.net\/2017\/06\/13\/offener-brief-die-tu-braunschweig-kein-ort-fuer-neu-rechte-propaganda-und-vernetzung\/\"> Burschenschaft Thuringia Braunschweig<\/a>, welche Tobias Heuwinkel zu gefallen scheint, geh\u00f6rt zu den extrem rechten Burschenschaften.<\/p>\n\n\n\n<figure class=\"wp-block-image\"><img decoding=\"async\" src=\"http:\/\/stadtlandvolk.noblogs.org\/files\/2017\/12\/TobiasHeuwinkel-thuringia.jpg\" alt=\"\" class=\"wp-image-477\"\/><\/figure>\n\n\n\n<p>Zurzeit ist sie die Vorsitzende der Deutschen Burschenschaft. Seit 1988 veranstaltet die Burschenschaft Thuringia Braunschweig das &#8222;Deutschlandseminar&#8220;. Hierbei handelt es sich um ein Vernetzungtreffen der extremen Rechten.<br>Damit nicht genug referierte Anfang 2017 Klaus Grotjahn auf dem Haus der Thuringia, seine Autobiografie &#8222;Von der 8,8 cm-Flak zur SS-Division Nordland. Im Endkampf um Berlin&#8220;. Diesen Vortrag hielt dieser auch schon beim &#8222;Dritten Weg&#8220; und der Partei &#8222;Die Rechte&#8220;. Aktivisten der &#8222;Identit\u00e4ren Bewegung&#8220;, &#8222;Junge Nationaldemokraten&#8220;, AfD-ler und Mitglieder der Jungen Alternative sind immer wieder G\u00e4ste auf dem Haus der Thuringia.<br>Dieses Semester ist Tobias Heuwinkel nun auch ganz bei den Rheinfranken angekommen. Er lud f\u00fcr den Vortrag von Gerd Schultze-Rhonhoff am 24.11.2017 auf das Rheinfrankenhaus ein.<\/p>\n\n\n\n<p>Die Marburger Burschenschaft Rheinfranken ist ein Sammelbecken f\u00fcr Neonazis sowohl aus dem Marburger Umland als auch aus dem restlichen Bundesgebiet. Der sogenannte Rheinfranken-Leak, der aktuell leider nicht mehr im Internet zu finden ist, legte unteranderem den antisemitischen Grundkonsens der Rheinfranken offen. Die <a href=\"https:\/\/rheinfranken.noblogs.org\/files\/2016\/12\/Fuxenkladde.pdf\">Fuxenkladde<\/a> der Rheinfranken ist jedoch online noch zu finden. Im Internet existieret zurzeit kein vern\u00fcnftiger Artikel zu dem gesamten Leak. In der Ausgabe 65 des Lotta-Magazins kann jedoch mehr dar\u00fcber gelesen werden (Lotta#65, 34f.). Ihre Mitglieder waren in den letzten Jahren an mehreren Angriffen auf politische Gegner_innen, wie am <a href=\"https:\/\/stadtlandvolk.net\/?p=143\">29.4.2017<\/a> oder auch an Angriffen auf das Havanna Acht beteiligt.<\/p>\n\n\n\n<h2 class=\"wp-block-heading\">Burschenschaft Normannia Leipzig zu Marburg (Barf\u00fc\u00dferstra\u00dfe 14)<\/h2>\n\n\n\n<p>Mindestens seit Ende des Sommersemesters 2016 und dem Anfang des darauf folgenden Wintersemesters begannen die Burschenschaften Germania Marburg und Rheinfranken Marburg (beide Deutsche Burschenschaft) mit der Rettung der dritten noch in Marburg bestehenden DB Verbindung die Burschenschaft Normannia Leipzig zu Marburg. Nach dem Kristopher M\u00fcller (ehmaliger Sprecher der Normannia Leipzig) sein Studium beendet hatte und dem Aktivendasein bei der Normannia Leipzig zu Marburg den R\u00fccken kehrte, stand diese wohl wegen mangelnden Nachwuchs vor dem aus.<\/p>\n\n\n\n<div class=\"wp-block-image\"><figure class=\"alignright\"><img decoding=\"async\" src=\"http:\/\/stadtlandvolk.noblogs.org\/files\/2017\/12\/luisWehweck-vortrag-e1513271054278.png\" alt=\"\" class=\"wp-image-480\"\/><\/figure><\/div>\n\n\n\n<p><strong>Luis Wehweck<\/strong> war bis&nbsp;Mitte des Jahres 2016 bei der Marburger Burschenschaft Germania zuhause. Doch trat er der Burschenschaft Normannia Leipzig zu Marburg bei, als diese wegen Personalmangel vor dem Aus stand. Luis Wehweck tat sich am Rande des Landeskongres der Jungen Alternative Hessen ende April 2017 auf dem Haus der Marburger Burschenschaft Germania durch seine Beteiligung an mindestens zwei \u00dcbergriffen auf Fotograf_innen hervor, wobei er mit einem Teleskopschlagstock bewaffnet Jagd auf diese machte.<img loading=\"lazy\" decoding=\"async\" src=\"http:\/\/stadtlandvolk.noblogs.org\/files\/2017\/12\/LuisWehweck-Landeskongress.png\" alt=\"\" width=\"650\" height=\"689\"> Luis Wehweck ist auch Teil der Ortsgruppe der Identit\u00e4ren Bewegung. Am 13. Oktober traf sich die IB-Ortsgruppe Marburg auf dem Germanenhaus. An diesem Abend war Luis Wehweck ebenfalls auf dem Haus zu Besuch. Seine Facebooklikes (Facebookname: Arthur Weber) zeigen au\u00dferdem die Sympathien Wehwecks gegen\u00fcber der Identit\u00e4ren Bewegung. Seine Likes reichen von &#8222;Reconquista Germanica&#8220; und dem IB-Rapper &#8222;Komplott&#8220;(Patrick Bass, Germania Marburg, Bundesbruder) \u00fcber &#8222;Kontrakultur Halle&#8220; und &#8222;Generation Identitaire&#8220;.<\/p>\n\n\n\n<figure class=\"wp-block-image\"><img decoding=\"async\" src=\"http:\/\/stadtlandvolk.noblogs.org\/files\/2017\/12\/LuisWehweck-reconquistaGermanica.jpg\" alt=\"\" class=\"wp-image-483\"\/><\/figure>\n\n\n\n<figure class=\"wp-block-image\"><img decoding=\"async\" src=\"http:\/\/stadtlandvolk.noblogs.org\/files\/2017\/12\/luisWehweck-komplott.jpg\" alt=\"\" class=\"wp-image-484\"\/><\/figure>\n\n\n\n<figure class=\"wp-block-image\"><img decoding=\"async\" src=\"http:\/\/stadtlandvolk.noblogs.org\/files\/2017\/12\/luisWehweck-kontrakulturHalle.jpg\" alt=\"\" class=\"wp-image-485\"\/><\/figure>\n\n\n\n<figure class=\"wp-block-image\"><img decoding=\"async\" src=\"http:\/\/stadtlandvolk.noblogs.org\/files\/2017\/12\/luisWehweck-GenerationIdentitaire.jpg\" alt=\"\" class=\"wp-image-486\"\/><\/figure>\n\n\n\n<div class=\"wp-block-image\"><figure class=\"alignright\"><img decoding=\"async\" src=\"http:\/\/stadtlandvolk.noblogs.org\/files\/2017\/12\/AdrienVolkmannHoch-e1513272046176.jpg\" alt=\"\" class=\"wp-image-488\"\/><\/figure><\/div>\n\n\n\n<p>Sp\u00e4testens im Herbst 2016 zog auch der Rheinfranke<strong> Adrien Volkmann<\/strong> zur Burschenschaft Normannia Leipzig. Wie sich Adrien politisch verortet, wird an einem Sticker auf seinem Auto offensichtlich. Auf diesem prangte l\u00e4ngere Zeit ein Aufkleber mit dem Logo der &#8222;Artgemeinschaft- Germanische Glaubensgemeinschaft&#8220;.<\/p>\n\n\n\n<p><img loading=\"lazy\" decoding=\"async\" src=\"http:\/\/stadtlandvolk.noblogs.org\/files\/2017\/12\/VolkmannKarre.jpg\" alt=\"\" width=\"4928\" height=\"3264\"><em>Logo der Artgemeinschaft: Adler erlegt Fisch<\/em><\/p>\n\n\n\n<p>Dies ist eine germanisch-heidnische Sekte, welche v\u00f6lkische Ideologie, rechtsextreme Politik und heidnischen Glauben vereint um gegen die moderne Welt vorzugehen. Axel Schunk war bis 2015 Leiter des Vereins und unteranderem bei der heute verbotenen Wiking Jugend aktiv. Aktueller Leiter der Artgemeinschaft ist Jens Bauer aus Elsteraue\/Bornitz.<\/p>\n\n\n\n<p>Andr\u00e9 Eminger, einer der Angeklagten im Verfahren gegen den NSU-Komplex hat an Treffen teilgenommen und auch aus der verbotenen Struktur &#8222;Blood&amp;Honor&#8220; sind regelm\u00e4\u00dfig Personen anwesend. Es handelt sich bei der &#8222;<a href=\"https:\/\/www.antifainfoblatt.de\/artikel\/die-artgemeinschaft-mehr-als-braune-heiden\">Artgemeinschaft-Germanische Glaubensgemeinschaft<\/a>&#8220; um einen Verein, welcher eng mit rechtsterroristischen Strukturen Deutschlands verwoben ist.<br>Es ist festzustellen, dass Adrien Volkmann nicht der einzige in seiner Familie ist, welcher von extrem rechter Ideologie \u00dcberzeugt ist. Wie bei Maximilian Kolb und Moritz Nieder ist auch in der Familie Volkmann die Weltanschauung von Adrien nichts besonderes.<\/p>\n\n\n\n<p>Die Mutter von Adrien, Sigrid Volkmann wohnhaft in 72660 Beuren im Zeilackerweg 49, ist AfD-Sympathisantin und von der IB begeistert. Au\u00dferdem scheint ihr der IB-Rapper Chris Ares zu gefallen, der mit Lines wie &#8222;mein opa er lehrte mich ehre und stolz, ich k\u00e4mpf bis zum tod mit nem herzen aus gold&#8220; oder &#8222;wir gehen schon viel zu lange geb\u00fcckt (&#8230;) wir machen uns gerade f\u00fcr das Land unserer Ahnen, ja wir k\u00e4mpfen f\u00fcr die Ahnen hier im Land&#8220; auff\u00e4llt.<\/p>\n\n\n\n<figure class=\"wp-block-image\"><img decoding=\"async\" src=\"http:\/\/stadtlandvolk.noblogs.org\/files\/2017\/12\/SigridVolkmann-ChrisAres.jpg\" alt=\"\" class=\"wp-image-490\"\/><\/figure>\n\n\n\n<p>Sigrid Volkmann hat au\u00dferdem ein Foto von der ehemaligen NPD-Funktion\u00e4rin Sigrid Sch\u00fc\u00dfler geliked, welche 2016 wegen Volksverhetzung verurteilt wurde. Auf dem Foto ist auch Bj\u00f6rn Clemens zu sehen. Dieser ist Alter Herr der Rheinfranken, verdient als Neonazianwalt sein Geld und fungiert als Rechtsbeistand mancher Aktivitas.<\/p>\n\n\n\n<p><img loading=\"lazy\" decoding=\"async\" src=\"http:\/\/stadtlandvolk.noblogs.org\/files\/2017\/12\/SigridVolkmann-Schuessler.jpg\" alt=\"\" width=\"943\" height=\"458\"><em>1.vli. Bj\u00f6rn Clemens, 2.v.li Sigrid Sch\u00fc\u00dfler<\/em><\/p>\n\n\n\n<p>Auch der Vater, J\u00fcrgen Volkmann, ist AfD-Sympathisant.<\/p>\n\n\n\n<figure class=\"wp-block-image\"><img decoding=\"async\" src=\"https:\/\/stadtlandvolk.noblogs.org\/files\/2017\/12\/juergenVolkmannAfD-e1599081834156.jpg\" alt=\"\" class=\"wp-image-492\"\/><\/figure>\n\n\n\n<p>Adrien Volkmann ist also noch ein Marburger DB!Bursche, dessen extrem rechtes Gedankengut wohl schon im Kinder- oder Jugendalter ausgebildet wurde.<br>Adrien Volkmann war am 13.Oktober, wie Luis Wehweck, ebenfalls auf dem Germanenhaus.<br>Auf Facebook zeigt er au\u00dferdem Interesse an einem &#8222;Kriegsverdienstkreuz&#8220; mit eingelassenem Hakenkreuz<\/p>\n\n\n\n<div class=\"wp-block-image\"><figure class=\"aligncenter\"><img decoding=\"async\" src=\"http:\/\/stadtlandvolk.noblogs.org\/files\/2017\/12\/AdrienVolkmann-hknrz.jpg\" alt=\"\" class=\"wp-image-493\"\/><\/figure><\/div>\n\n\n\n<p>und mit etwas Gl\u00fcck kann man ihn in der Barf\u00fc\u00dferstra\u00dfe 14 auch ab und an mit einem Nazishirt, (zum Beispiel von FSN TV) am Fenster sehen.<\/p>\n\n\n\n<p>Sp\u00e4testens im Fr\u00fchjahr 2017 folgte der Rheinfranke<strong> Benjamin Haasis<\/strong> seinem Freund Adrien Volkmann zur Burschenschaft Normannia Leipzig zu Marburg. Benjamin ist seit seiner Jugend in der Neonaziszene verankert, was bereits im Rheinfranken Leak (der zur Zeit nicht im Internet zu finden ist: mehr dazu in der Lotta Ausgabe 65) ausf\u00fchrlich durchleuchtet wurde. Er pflegt eine sehr ausgepr\u00e4gte Begeisterung f\u00fcr das Kaiserreich und die NS-Zeit. Schon auf Klassenfahrten war er in Rechtsrock-shirts unterwegs.<\/p>\n\n\n\n<p><img loading=\"lazy\" decoding=\"async\" src=\"http:\/\/stadtlandvolk.noblogs.org\/files\/2017\/12\/HaasisRechtsrockshirtMitPizza.jpg\" alt=\"\" width=\"2048\" height=\"1536\"><em>Benjamin Haasis auf Klassenfahrt<\/em><\/p>\n\n\n\n<p>Die Marburger Burschenschaften Germania und Rheinfranken sind ihren Bundesbr\u00fcdern der Normannia Leipzig zu Marburg helfend zurseite getreten um deren Nachwuchsproblem aufzufangen und eine warscheinliche Aufl\u00f6sung der Burschenschaft Normannia Leizig zu Marburg vorerst zu verhindern. Ob Adrien Volkmann, Benjamin Haasis und Luis Wehweck nun Teil der Aktivitas der Normannia Leipzig zu Marburg sind ist bis dato unklar, eventuell handelt es sich bei ihnen auch um St\u00fctzburschen(1). Es ist offensichtlich, dass die drei Verbindungen der Deutschen Burschenschaft in Marburg sowohl im Kampf um die Stra\u00dfe in einer Reihe stehen, als sich auch in dem Erhalt und Ausbau ihrer Strukturen tatkr\u00e4ftig unterst\u00fctzen.<\/p>\n\n\n\n<p><img loading=\"lazy\" decoding=\"async\" src=\"http:\/\/stadtlandvolk.noblogs.org\/files\/2017\/12\/WechselDiagramm.png\" alt=\"\" width=\"793\" height=\"793\"><em>Wechsel in den Marburger DB!Burschenschaften<\/em><\/p>\n\n\n\n<h2 class=\"wp-block-heading\">Alles Nazis und S\u00f6hne von Nazis&#8230;<\/h2>\n\n\n\n<p>Die Geschehnisse in diesem und in den letzten Jahren zeigen, bei allen drei DB! Verbindungen gibt es kein Naziproblem sondern sie sind das Naziproblem. Die Tatsache, dass ein Landeskongress der Jungen Alternative auf dem Haus einer solchen Burschenschaft stattfinden und Mitglieder der JA und Germania Marburg am Tag des Landeskongresses gemeinsam mit Personen der Rheinfranken Marburg und der Normannia-Leipzig zu Marburg auf Fotograf*innen losgehen, zeigt die Verwobenheit der Jungen Alternative mit extrem rechten Burschenschaftern. Bei fast allen Mitgliedern der drei Marburger DB! Burschenschaften k\u00f6nnen extrem rechte Umtriebe und die dazugeh\u00f6rige Ideologie festgestellt und belegt werden. Die Junge Alternative ist also mit Burschenschaftern vernetzt, welche Teil von verfassungsfeindlichen Organisationen (wie unter anderem die SPD das nennen w\u00fcrde) wie der Identit\u00e4ren Bewegung sind. Diese Verpflechtungen wurden im Laufe der Kampagne Stadt.Land.Volk immer wieder thematisert. Sp\u00e4testens nach dem JA-Landeskongress am 29.04. sollte dies endg\u00fcltig offensichtlich geworden sein. Statt dem Netzwerk (neu-)rechter Aktuer_innen jedoch ernsthaft auf den Grund zu gehen lie\u00df sich die SPD mit einer d\u00fcrftigen Antwort seitens der Landesregierung abspeisen.<br>Die AfD noch immer nicht als Teil der extremen Rechten zu erkennen und stattdessen als legitimen Teil einer parlamentarischen Demokratie anzuerkennen, halten wir f\u00fcr fatal.<\/p>\n\n\n\n<p>Wir fordern deshalb die AfD und die JA endlich als das zu benennen, was sie ist: eine v\u00f6lkisch, rassistische Kraft die den parlamentarischen Arm eines extrem rechten Projekts darstellt.<\/p>\n","protected":false},"excerpt":{"rendered":"<p>14.12.2017 Liebe Landesregierung, im Nachgang zu den \u00dcbergriffen auf Fotograf*innen rund um den Landeskongress im vergangenen April, wurde im August 2017 von der hessischen SPD-Landtagsfraktion eine kleine Anfrage an die Landesregierung gestellt, welche Aufkl\u00e4rung \u00fcber die Verstrickung der Jungen Alternative mit verfassungsfeindlichen Gruppierungen, wie der Identit\u00e4ren Bewegung und Ein-Prozent, bringen sollte. Von der Landesregierung wurden daraufhin \u201evereinzelt Verbindungen in Form von Personen\u00fcberschneidungen zwischen rechtsextremistischen Gruppierungen und der, &#8222;Jungen Alternative&#8220; festgestellt&#8220;. Es kann jedoch bei einem Gro\u00dfteil der Angreifer, welche bei dem Angriff am hessischen JA-Landeskongress beteiligt waren, belegt werden, dass diese Teil der Identit\u00e4ren Bewegung sind oder eng mit dieser zusammenarbeiten.Im Falle Philip Steins wurde von der Landesregierung von einem &#8222;ehemalige(n) Verbindungsstudent&#8220; gesprochen. Hier wurde ignoriert, dass es sich bei Burschenschaften um ein Lebensbundprinzip handelt. Das hei\u00dft, dass selbst Alte Herren sind noch Teil der jeweiligen Burschenschaft sind. Das Lebensbundprinzip ist eins der zentralen Prinzipien von Burschenschaften.Philip Stein ist jedoch nicht einmal Alter Herr, sondern wird als Inaktiver gef\u00fchrt. Inaktive sind Teil der Aktivitas, welche tempor\u00e4r von ihrer universit\u00e4ren Pflicht freigestellt werden. In Entscheidungen sind diese weiterhin involviert, sie haben zu diesem Zeitpunkt den Hauptteil der burschenschaftlichen Pflichten weiterhin zu tragen. Die Landesregierung gl\u00e4nzte bei ihrer Antwort auf die Anfrage [&#8230;]<\/p>\n","protected":false},"author":1,"featured_media":189,"comment_status":"closed","ping_status":"open","sticky":false,"template":"","format":"standard","meta":{"footnotes":""},"categories":[41],"tags":[138,172,10,136,130,174,77,156,180,151,166,165,152,178,11,56,157,164,40,141,145,139,146,154,173,158,109,155,27,69,176,45,15,51,170,181,143,169,71,98,171,107,74,76,161,150,38,167,147,37,140,137,44,126,92,131,70,100,39,14,162,179,177,42,159,168,149,160,163,153,83,148,144,135,142,175],"class_list":["post-183","post","type-post","status-publish","format-standard","has-post-thumbnail","hentry","category-artikel-2017","tag-achim-nieder","tag-adrien-volkmann","tag-afd","tag-alexander-kolb","tag-andre-emminger","tag-axel-schunk","tag-benjamin-haasis","tag-berserker-kirtorf","tag-bjoern-clemens","tag-bloodhonor","tag-burschenschaft-raczek-zu-bonn","tag-burschenschaft-thessalia-prag-zu-bayreuth","tag-casapound","tag-chris-ares","tag-deutsche-burschenschaft","tag-die-rechte","tag-division-mittelhessen","tag-dubravko-mandic","tag-einprozent","tag-esther-seiz","tag-frank-miksch","tag-frankonia-erlangen","tag-freies-netz-sued","tag-gerd-schultze-rhonhof","tag-germanische-artgemeinschaft","tag-hammerskins","tag-heinrich-mahling","tag-heinrich-zerries","tag-identitaere","tag-iii-weg","tag-jens-bauer","tag-julian-schmidt","tag-junge-alternative","tag-junge-alternative-marburg-biedenkopf","tag-junge-nationaldemokraten","tag-juergen-volkmann","tag-karl-heinz-hoffmann","tag-klaus-grotjahn","tag-komplott","tag-kontrakultur-halle","tag-kristopher-mueller","tag-landsmannschaft-hasso-borussia","tag-lars-roth","tag-luis-wehweck","tag-lukas-reuter","tag-lunara","tag-marburger-burschenschaft-germania","tag-mario-brehme","tag-matthias-fischer","tag-maximilian-kolb","tag-michael-stuerzenberger","tag-moritz-nieder","tag-nils-grunemann","tag-normania-leipzig-zu-marburg","tag-npd","tag-nsu","tag-patrick-bass","tag-phalanx-europa","tag-philip-stein","tag-rheinfranken-marburg","tag-sebastian-spahn","tag-sigrid-schuessler","tag-sigrid-volkmann","tag-simon-buessing","tag-thorsten-heise","tag-thuringia-braunschweig","tag-till-weckmueller","tag-titus-teichmann","tag-tobias-heuwinkel","tag-umwelt-und-aktiv","tag-ursula-haverbeck","tag-uwe-mundlos","tag-wehrsportgruppe-hoffmann","tag-werner-kolb","tag-widerstand-west-ost","tag-wiking-jugend"],"_links":{"self":[{"href":"https:\/\/stadtlandvolk.net\/index.php?rest_route=\/wp\/v2\/posts\/183","targetHints":{"allow":["GET"]}}],"collection":[{"href":"https:\/\/stadtlandvolk.net\/index.php?rest_route=\/wp\/v2\/posts"}],"about":[{"href":"https:\/\/stadtlandvolk.net\/index.php?rest_route=\/wp\/v2\/types\/post"}],"author":[{"embeddable":true,"href":"https:\/\/stadtlandvolk.net\/index.php?rest_route=\/wp\/v2\/users\/1"}],"replies":[{"embeddable":true,"href":"https:\/\/stadtlandvolk.net\/index.php?rest_route=%2Fwp%2Fv2%2Fcomments&post=183"}],"version-history":[{"count":9,"href":"https:\/\/stadtlandvolk.net\/index.php?rest_route=\/wp\/v2\/posts\/183\/revisions"}],"predecessor-version":[{"id":413,"href":"https:\/\/stadtlandvolk.net\/index.php?rest_route=\/wp\/v2\/posts\/183\/revisions\/413"}],"wp:featuredmedia":[{"embeddable":true,"href":"https:\/\/stadtlandvolk.net\/index.php?rest_route=\/wp\/v2\/media\/189"}],"wp:attachment":[{"href":"https:\/\/stadtlandvolk.net\/index.php?rest_route=%2Fwp%2Fv2%2Fmedia&parent=183"}],"wp:term":[{"taxonomy":"category","embeddable":true,"href":"https:\/\/stadtlandvolk.net\/index.php?rest_route=%2Fwp%2Fv2%2Fcategories&post=183"},{"taxonomy":"post_tag","embeddable":true,"href":"https:\/\/stadtlandvolk.net\/index.php?rest_route=%2Fwp%2Fv2%2Ftags&post=183"}],"curies":[{"name":"wp","href":"https:\/\/api.w.org\/{rel}","templated":true}]}}