{"id":168,"date":"2017-11-22T22:30:45","date_gmt":"2017-11-22T21:30:45","guid":{"rendered":"https:\/\/stadtlandvolk.net\/?p=168"},"modified":"2020-09-19T14:26:14","modified_gmt":"2020-09-19T12:26:14","slug":"rueckblick-und-analyse-der-antifa-mittelhessen-zum-vorgehen-gegen-den-bundestagswahlkampf-der-afd","status":"publish","type":"post","link":"https:\/\/stadtlandvolk.net\/?p=168","title":{"rendered":"R\u00fcckblick und Analyse der Antifa Mittelhessen zum Vorgehen gegen den Bundestagswahlkampf der AfD"},"content":{"rendered":"\n<p class=\"has-text-align-right\"><em>22.11.2017<\/em><\/p>\n\n\n\n<p class=\"has-text-align-left\"><br>Hessische Antifaschist*innen haben sich die M\u00fche gemacht im Rahmen eines R\u00fcckblicks mal zusammenzutragen, was so an Gegenaktivit\u00e4ten in der Region gegen den Bundestagswahlkampf der AfD lief.<\/p>\n\n\n\n<p>Dabei wurden wir mehrfach mit unsere Recherchen und Analysen der faschistischen &#8222;neuen&#8220; Rechten um AfD\/JA\/IB und Burschenschafter erw\u00e4hnt. Auch ansonsten ein sehr lesenwerter Artikel, den wir euch hiermit ans Herz legen wollen:<\/p>\n\n\n\n<p><strong>Konterwahlkampf<\/strong><\/p>\n\n\n\n<p>&#8222;Nach fast zwei Jahren Arbeit gegen das Netzwerk der &#8222;neuen&#8220; Rechten in Marburg und Umland, blicken wir auf verschiedene Initiativen, Kampagnen und Aktionen zur\u00fcck. Nachdem sich die AfD Marburg-Biedenkopf im Herbst 2015 formierte ist viel passiert. Einerseits wurde \u00fcber verschiedene Akteure der AfD im Landkreis bei Aktionen aller Art aufgekl\u00e4rt . Im Verlauf dessen haben einige Akteure der Jungen Alternative (JA) und AfD, den Parteiorganisationen im letzten Jahr den R\u00fccken gekehrt. Weiterhin konnte laut lokaler AfD kaum eine Veranstalltung ohne Gegenaktionen durchgef\u00fchrt werden. [&#8230;]&#8220;<\/p>\n\n\n\n<p>Ein Blick Zur\u00fcck<\/p>\n\n\n\n<p>Nach fast zwei Jahren Arbeit gegen das Netzwerk der &#8222;neuen&#8220; Rechten in Marburg und Umland, blicken wir auf verschiedene Initiativen, Kampagnen und Aktionen zur\u00fcck.<\/p>\n\n\n\n<p>Nachdem sich die AfD Marburg-Biedenkopf im Herbst 2015 formierte ist viel passiert. Einerseits wurde \u00fcber verschiedene Akteure der AfD im Landkreis bei Aktionen aller Art aufgekl\u00e4rt z.B. <a href=\"https:\/\/stadtlandvolk.net\/?page_id=119\">hier<\/a> und <a href=\"https:\/\/stadtlandvolk.net\/?p=153\">hier<\/a>. Im Verlauf dessen haben einige Akteure der Jungen Alternative (JA) und AfD, den Parteiorganisationen im letzten Jahr den R\u00fccken gekehrt.\u00a0 Weiterhin konnte laut lokaler AfD kaum einehttps:\/\/stadtlandvolk.noblogs.org\/post\/2017\/04\/18\/die-burschenschaft-germania-marburg-und-ihr-extrem-rechtes-netzwerk\/ Veranstalltung ohne Gegenaktionen durchgef\u00fchrt werden. Diese reichten von Kundgebungen bis hin zu Angriffen gegen Lokalit\u00e4ten, welche der AfD R\u00e4ume \u00fcberlie\u00dfen, sowie mitunter auch auf Privateigentum lokaler AfD Funktion\u00e4r_innen.<\/p>\n\n\n\n<p>Einige Fotos aus der AfD-Mimimi-Galerie:<\/p>\n\n\n\n<figure class=\"wp-block-image\"><img decoding=\"async\" src=\"https:\/\/de.indymedia.org\/sites\/default\/files\/20246340_1435942573153902_4963964761415038982_n.jpg\" alt=\"\"\/><\/figure>\n\n\n\n<figure class=\"wp-block-image\"><img decoding=\"async\" src=\"https:\/\/de.indymedia.org\/sites\/default\/files\/20245695_1435943289820497_1262694417099449037_n.jpg\" alt=\"\"\/><\/figure>\n\n\n\n<figure class=\"wp-block-image\"><img decoding=\"async\" src=\"https:\/\/de.indymedia.org\/sites\/default\/files\/15442175_1435946346486858_6737885978447001429_n.jpg\" alt=\"\"\/><\/figure>\n\n\n\n<p>Extrem rechtes Netzwerk der Marburger Burschenschaft Germania (Lutherstra\u00dfe 3)<\/p>\n\n\n\n<p>Von AfD &amp; JA \u00fcber die Identit\u00e4re &#8222;Bewegung&#8220; (IB) bis zur EinProzent-Initative und dem Institut f\u00fcr Staatspolitik: Burschen der Marburger Burschenschaft Germania (Deutsche Burschenschaft (DB)), nehmen in vielen &#8222;Neurechten&#8220; Organisationen zentrale Rollen ein, wie die Kampange Stadt Land Volk offen legte, so etwa <a href=\"https:\/\/stadtlandvolk.net\/?p=139\">hier<\/a> oder <a href=\"https:\/\/stadtlandvolk.net\/?p=132\">hier.<\/a><\/p>\n\n\n\n<p>JA Landeskongress 29.4.2017 Marburg<\/p>\n\n\n\n<p>Am Rande des JA Hessen Landeskongress, der in Marburg auf dem Haus der Burschenschaft Germania stattfand, griffen Marburger Burschenschafter der Germania, Rheinfranken und Normania Leipzig zu Marburg, mehrfach Fotograf_innen an.&nbsp; Dass die JA Hessen sich nicht zu Schade ist, f\u00fcr ihren Landeskongress die weit \u00fcber Marburg hinaus, als &#8222;Nazivilla Germania&#8220; bekannte Imobilie zu nutzen, wurde an diesem Tag offensichtlich. Das der Spitzenfunktioni\u00e4r und MdB Jan Nolte, den Neonazi Lars Roth (Rheinfranken) mit Handschlag begr\u00fc\u00dfte, passt da gut ins Bild. Dass die JA Hessen und Burschen \u00fcber die Dokumentation ihres Treffens nicht begeistert waren wurde schnell klar, als diese sich mehrfach an gewaltt\u00e4tigen \u00dcbergriffen versuchten. Sp\u00e4ter behaupteten Naziburschen und JA Hessen, dass sie von Antifas auf dem Grundst\u00fcck der Burschenschaft Germania Marburg angegriffen worden seien, was sich nach einer Ver\u00f6ffentlichung der antifaschistischen Kampange Stadt Land Volk als glatte L\u00fcge herausstellte. Die Ereignisse des 29.4.2017 und die antifaschistischen Ver\u00f6ffentlichungen hinterlie\u00dfen offensichtlich Spuren.<\/p>\n\n\n\n<p><a href=\"https:\/\/stadtlandvolk.net\/?p=143\">Bilder zum Tagegeschehen<\/a>&nbsp;<\/p>\n\n\n\n<p>Auszug aus dem betreffenden Polizeibericht:<\/p>\n\n\n\n<p>&#8222;Die Kripo Marburg ermittelt nach einer Auseinandersetzung am Samstag, 29. April, gegen 16.40 Uhr,an einem Verbindungshaus in der Lutherstra\u00dfe. Zwei M\u00e4nner erlitten leichtere Verletzungen. Vier M\u00e4nner fl\u00fcchteten. Nach ersten Ermittlungen soll es in dem Gerangel zu einem Einsatz einer Dachlatte und von Pfefferspray gekommen sein. Die Fahndung nach den gefl\u00fcchteten M\u00e4nnern blieb ebenso erfolglos wie die Suche nach den eventuell entsorgten Tatmitteln. Grund der Auseinandersetzung war nach ersten Erkenntnissen ein eskalierter Streit nachdem Berechtigte des Hauses die fotografierenden Personen zur Rede stellten.&#8220;<\/p>\n\n\n\n<p>Die Frankfurter Rundschau berichtete sowohl <a href=\"http:\/\/www.fr.de\/rhein-main\/junge-alternative-schlagende-verbindungen-a-1279461\">nach den ersten Ver\u00f6ffentlichungen<\/a>, sowie \u00fcber das&nbsp;<a href=\"http:\/\/www.fr.de\/rhein-main\/hessen-afd-kontakte-zu-rechtsextremen-bestaetigt-a-1335672\">Nachspiel im Landtag.<\/a><\/p>\n\n\n\n<p>Nur einige Wochen sp\u00e4ter gr\u00fcndete sich in Marburg eine Ortsgruppe der Identit\u00e4ren Bewegung. Zur Vorbereitung ihrer Aktionen nutzten sie genauso wie die JA Hessen, die Nazivilla der Germania.<\/p>\n\n\n\n<p>Einige Monate sp\u00e4ter, nach dem Landeskongress am 28.10.2017 ist kein Vertreter aus Marburg mehr im hessischen Landesvorstand der JA zu finden. Au\u00dferdem wird auch der JA Kreisverband Marburg Biedenkopf nach diesem Landeskongress nicht mehr als JA Kreisverband auf deren Internetpr\u00e4senz angezeigt. Allerdings besteht die Facebookseite des Kreisverbands noch immer.<\/p>\n\n\n\n<p>Angriffe durch Marburger Naziburschen wie am 29.4.2017, unteranderem durch Maximilian Kolb (Germania Marburg und zu dieser Zeit JA Hessen Vorstandsbeisitzer), waren auch f\u00fcr die JA Hessen kein Grund auf Distanz zu Nazischl\u00e4gern zu gehen. Stattdessen hat man anscheinend den jetzigen Landeskongress genutzt um diese still und heimlich abzuw\u00e4hlen und sich nun wieder als unverf\u00e4nglich pr\u00e4sentieren zu k\u00f6nnen.<\/p>\n\n\n\n<p>Die Marburger Burschenschaft Germania ist in den letzten Monaten verst\u00e4rkt durch das Verbreiten von IB Propaganda aufgefallen. Ihre Mitglieder verkleben Sticker der Identit\u00e4ren Bewegung in und um Marburg. Desweiteren wurden auf ihrem Haus Transparentaktionen vorbereitet. Ein F\u00fchrungskader der Lokalen IB Gruppe, Heinrich Mahling (angeblich nun ein ehemaliger der Hasso Borussia Marburg) hat dort auch seit Jahren einen R\u00fcckzugsraum gefunden.<\/p>\n\n\n\n<p>In Marburg konnte sich die lokale AfD kaum \u00f6ffentlichen Raum nehmen. Auch die Wahlergebnise der Bundestagswahl 2017 zeigen, dass die AfD im Marburger Stadtgebiet relativ schwach ist, in einigen Vierteln nichteinmal \u00fcber 5% hinauskommen, wobei hierbei zu beachten ist, dass dies l\u00e4ngst nicht auf alle Stadtteile zutrifft. Allerdings f\u00e4llt auf, dass die AfD im Umland im Gro\u00dfen und Ganzen st\u00e4rker abschneidet. Der Anfang des Jahres ger\u00fcndete JA Kreisverband konnte sich nicht lange halten und kam nicht \u00fcber ein paar Facebookposts hinaus. Der Zusammenschluss von Burschen und AfD im Jugendverband der Partei hat in dieser Form nicht lange gehalten. Das militante Auftreten und die zahlreichen Gegenaktionen durch Marburger Antifaschist_innen zeigten offenbar Wirkung. Selbst wenn Gewalt gegen Nazis im gesamtgesellschaftlichen Diskurs verachtet wird und durch staatliche Organe kriminalisiert wird, ist sie dennoch wirksam. Der Buchautor Horst Sch\u00f6ppner betrachtet diese Wirkung historisch und kommt zu dem Schluss: <a href=\"https:\/\/www.neues-deutschland.de\/artikel\/1012881.debatte-gewalt-gegen-nazis.html\">Je st\u00e4rker sich antifaschistische Strukturen gegen rechtes Gedankengut stellen, desto weniger wirksam k\u00f6nnen Nazis in der \u00d6ffentlichkeit agieren<\/a>.&nbsp;<\/p>\n\n\n\n<p>Auch wenn dank militanter Antifaschist_innen Strukturen extrem rechter Netzwerke offen- und lahmgelegt werden konnten, bestehen diese in der Masse dennoch weiter. Die Marburger DB-Verbindungen und ihre Unterst\u00fctzer_innen versuchen weiter in Marburg Gruppenstrukturen wie die IB Ortsgruppe zu etablieren. Dies fiel zuletzt in den Abendstunden vom 08. November auf, als sich Heinrich Mahling nach <a href=\"https:\/\/stadtlandvolk.net\/?p=314\">seinem Outing<\/a> (<a href=\"https:\/\/stadtlandvolk.net\/?p=157\">und einem Recherchetext<\/a>) durch Antifaschist_innen, nun auch selbst outete.<\/p>\n\n\n\n<p>Dies ist eine g\u00e4ngige Strategie der Identit\u00e4ren Bewegung, wie sie sich unter anderem schon in Halle oder Wien beobachten lie\u00df. Mit dem Schritt der ersten Reihe der (zumeist ohnehin schon &#8222;verbrannten&#8220;) Kader der Identit\u00e4ren Bewegung soll die zweite Reihe gesch\u00fctzt werde. Auch wenn der JA Kreisverband von der Bildfl\u00e4che verschwunden ist, bestehen die Kontakte genauso wie Parteimitgliedschaften in der AfD weiter. Parallel dazu konnte die AfD sich in der Provinz um Marburg herum in den letzten Jahren festsetzen.<\/p>\n\n\n\n<p>Deswegen bleibt festzustellen, dass es weiterhin von immenser Bedeutung ist sich aktiv und militant den extrem rechten Netzwerken entgegen zu stellen und sie \u00fcberall zu sabotieren wo sie versuchen sich zu etablieren und aufzutreten.<\/p>\n\n\n\n<figure class=\"wp-block-gallery columns-3 is-cropped wp-block-gallery-1 is-layout-flex wp-block-gallery-is-layout-flex\"><ul class=\"blocks-gallery-grid\"><li class=\"blocks-gallery-item\"><figure><img loading=\"lazy\" decoding=\"async\" width=\"720\" height=\"960\" src=\"https:\/\/stadtlandvolk.net\/wp-content\/uploads\/2020\/09\/20264891_1435939016487591_3019918184300731854_n.jpg\" alt=\"\" data-id=\"176\" data-full-url=\"https:\/\/stadtlandvolk.net\/wp-content\/uploads\/2020\/09\/20264891_1435939016487591_3019918184300731854_n.jpg\" data-link=\"https:\/\/stadtlandvolk.net\/?attachment_id=176\" class=\"wp-image-176\" srcset=\"https:\/\/stadtlandvolk.net\/wp-content\/uploads\/2020\/09\/20264891_1435939016487591_3019918184300731854_n.jpg 720w, https:\/\/stadtlandvolk.net\/wp-content\/uploads\/2020\/09\/20264891_1435939016487591_3019918184300731854_n-225x300.jpg 225w\" sizes=\"auto, (max-width: 720px) 100vw, 720px\" \/><\/figure><\/li><li class=\"blocks-gallery-item\"><figure><img loading=\"lazy\" decoding=\"async\" width=\"960\" height=\"960\" src=\"https:\/\/stadtlandvolk.net\/wp-content\/uploads\/2020\/09\/20246340_1435942573153902_4963964761415038982_n.jpg\" alt=\"\" data-id=\"175\" data-full-url=\"https:\/\/stadtlandvolk.net\/wp-content\/uploads\/2020\/09\/20246340_1435942573153902_4963964761415038982_n.jpg\" data-link=\"https:\/\/stadtlandvolk.net\/?attachment_id=175\" class=\"wp-image-175\" srcset=\"https:\/\/stadtlandvolk.net\/wp-content\/uploads\/2020\/09\/20246340_1435942573153902_4963964761415038982_n.jpg 960w, https:\/\/stadtlandvolk.net\/wp-content\/uploads\/2020\/09\/20246340_1435942573153902_4963964761415038982_n-300x300.jpg 300w, https:\/\/stadtlandvolk.net\/wp-content\/uploads\/2020\/09\/20246340_1435942573153902_4963964761415038982_n-150x150.jpg 150w, https:\/\/stadtlandvolk.net\/wp-content\/uploads\/2020\/09\/20246340_1435942573153902_4963964761415038982_n-768x768.jpg 768w\" sizes=\"auto, (max-width: 960px) 100vw, 960px\" \/><\/figure><\/li><li class=\"blocks-gallery-item\"><figure><img loading=\"lazy\" decoding=\"async\" width=\"960\" height=\"960\" src=\"https:\/\/stadtlandvolk.net\/wp-content\/uploads\/2020\/09\/20245695_1435943289820497_1262694417099449037_n.jpg\" alt=\"\" data-id=\"174\" data-full-url=\"https:\/\/stadtlandvolk.net\/wp-content\/uploads\/2020\/09\/20245695_1435943289820497_1262694417099449037_n.jpg\" data-link=\"https:\/\/stadtlandvolk.net\/?attachment_id=174\" class=\"wp-image-174\" srcset=\"https:\/\/stadtlandvolk.net\/wp-content\/uploads\/2020\/09\/20245695_1435943289820497_1262694417099449037_n.jpg 960w, https:\/\/stadtlandvolk.net\/wp-content\/uploads\/2020\/09\/20245695_1435943289820497_1262694417099449037_n-300x300.jpg 300w, https:\/\/stadtlandvolk.net\/wp-content\/uploads\/2020\/09\/20245695_1435943289820497_1262694417099449037_n-150x150.jpg 150w, https:\/\/stadtlandvolk.net\/wp-content\/uploads\/2020\/09\/20245695_1435943289820497_1262694417099449037_n-768x768.jpg 768w\" sizes=\"auto, (max-width: 960px) 100vw, 960px\" \/><\/figure><\/li><li class=\"blocks-gallery-item\"><figure><img loading=\"lazy\" decoding=\"async\" width=\"960\" height=\"960\" src=\"https:\/\/stadtlandvolk.net\/wp-content\/uploads\/2020\/09\/20245577_1435942689820557_4376223530010441926_n.jpg\" alt=\"\" data-id=\"173\" data-full-url=\"https:\/\/stadtlandvolk.net\/wp-content\/uploads\/2020\/09\/20245577_1435942689820557_4376223530010441926_n.jpg\" data-link=\"https:\/\/stadtlandvolk.net\/?attachment_id=173\" class=\"wp-image-173\" srcset=\"https:\/\/stadtlandvolk.net\/wp-content\/uploads\/2020\/09\/20245577_1435942689820557_4376223530010441926_n.jpg 960w, https:\/\/stadtlandvolk.net\/wp-content\/uploads\/2020\/09\/20245577_1435942689820557_4376223530010441926_n-300x300.jpg 300w, https:\/\/stadtlandvolk.net\/wp-content\/uploads\/2020\/09\/20245577_1435942689820557_4376223530010441926_n-150x150.jpg 150w, https:\/\/stadtlandvolk.net\/wp-content\/uploads\/2020\/09\/20245577_1435942689820557_4376223530010441926_n-768x768.jpg 768w\" sizes=\"auto, (max-width: 960px) 100vw, 960px\" \/><\/figure><\/li><li class=\"blocks-gallery-item\"><figure><img loading=\"lazy\" decoding=\"async\" width=\"960\" height=\"720\" src=\"https:\/\/stadtlandvolk.net\/wp-content\/uploads\/2020\/09\/20245377_1435943053153854_1805747115600450799_n.jpg\" alt=\"\" data-id=\"172\" data-full-url=\"https:\/\/stadtlandvolk.net\/wp-content\/uploads\/2020\/09\/20245377_1435943053153854_1805747115600450799_n.jpg\" data-link=\"https:\/\/stadtlandvolk.net\/?attachment_id=172\" class=\"wp-image-172\" srcset=\"https:\/\/stadtlandvolk.net\/wp-content\/uploads\/2020\/09\/20245377_1435943053153854_1805747115600450799_n.jpg 960w, https:\/\/stadtlandvolk.net\/wp-content\/uploads\/2020\/09\/20245377_1435943053153854_1805747115600450799_n-300x225.jpg 300w, https:\/\/stadtlandvolk.net\/wp-content\/uploads\/2020\/09\/20245377_1435943053153854_1805747115600450799_n-768x576.jpg 768w, https:\/\/stadtlandvolk.net\/wp-content\/uploads\/2020\/09\/20245377_1435943053153854_1805747115600450799_n-80x60.jpg 80w\" sizes=\"auto, (max-width: 960px) 100vw, 960px\" \/><\/figure><\/li><li class=\"blocks-gallery-item\"><figure><img loading=\"lazy\" decoding=\"async\" width=\"720\" height=\"960\" src=\"https:\/\/stadtlandvolk.net\/wp-content\/uploads\/2020\/09\/20228905_1435939176487575_3351827080493059782_n.jpg\" alt=\"\" data-id=\"171\" data-full-url=\"https:\/\/stadtlandvolk.net\/wp-content\/uploads\/2020\/09\/20228905_1435939176487575_3351827080493059782_n.jpg\" data-link=\"https:\/\/stadtlandvolk.net\/?attachment_id=171\" class=\"wp-image-171\" srcset=\"https:\/\/stadtlandvolk.net\/wp-content\/uploads\/2020\/09\/20228905_1435939176487575_3351827080493059782_n.jpg 720w, https:\/\/stadtlandvolk.net\/wp-content\/uploads\/2020\/09\/20228905_1435939176487575_3351827080493059782_n-225x300.jpg 225w\" sizes=\"auto, (max-width: 720px) 100vw, 720px\" \/><\/figure><\/li><li class=\"blocks-gallery-item\"><figure><img loading=\"lazy\" decoding=\"async\" width=\"800\" height=\"600\" src=\"https:\/\/stadtlandvolk.net\/wp-content\/uploads\/2020\/09\/20228663_1435946149820211_9143265772942769811_n.jpg\" alt=\"\" data-id=\"170\" data-full-url=\"https:\/\/stadtlandvolk.net\/wp-content\/uploads\/2020\/09\/20228663_1435946149820211_9143265772942769811_n.jpg\" data-link=\"https:\/\/stadtlandvolk.net\/?attachment_id=170\" class=\"wp-image-170\" srcset=\"https:\/\/stadtlandvolk.net\/wp-content\/uploads\/2020\/09\/20228663_1435946149820211_9143265772942769811_n.jpg 800w, https:\/\/stadtlandvolk.net\/wp-content\/uploads\/2020\/09\/20228663_1435946149820211_9143265772942769811_n-300x225.jpg 300w, https:\/\/stadtlandvolk.net\/wp-content\/uploads\/2020\/09\/20228663_1435946149820211_9143265772942769811_n-768x576.jpg 768w, https:\/\/stadtlandvolk.net\/wp-content\/uploads\/2020\/09\/20228663_1435946149820211_9143265772942769811_n-80x60.jpg 80w\" sizes=\"auto, (max-width: 800px) 100vw, 800px\" \/><\/figure><\/li><li class=\"blocks-gallery-item\"><figure><img loading=\"lazy\" decoding=\"async\" width=\"800\" height=\"600\" src=\"https:\/\/stadtlandvolk.net\/wp-content\/uploads\/2020\/09\/15442175_1435946346486858_6737885978447001429_n.jpg\" alt=\"\" data-id=\"169\" data-full-url=\"https:\/\/stadtlandvolk.net\/wp-content\/uploads\/2020\/09\/15442175_1435946346486858_6737885978447001429_n.jpg\" data-link=\"https:\/\/stadtlandvolk.net\/?attachment_id=169\" class=\"wp-image-169\" srcset=\"https:\/\/stadtlandvolk.net\/wp-content\/uploads\/2020\/09\/15442175_1435946346486858_6737885978447001429_n.jpg 800w, https:\/\/stadtlandvolk.net\/wp-content\/uploads\/2020\/09\/15442175_1435946346486858_6737885978447001429_n-300x225.jpg 300w, https:\/\/stadtlandvolk.net\/wp-content\/uploads\/2020\/09\/15442175_1435946346486858_6737885978447001429_n-768x576.jpg 768w, https:\/\/stadtlandvolk.net\/wp-content\/uploads\/2020\/09\/15442175_1435946346486858_6737885978447001429_n-80x60.jpg 80w\" sizes=\"auto, (max-width: 800px) 100vw, 800px\" \/><\/figure><\/li><\/ul><\/figure>\n\n\n\n<p>Zu finden unter: <a href=\"https:\/\/de.indymedia.org\/node\/15358\">https:\/\/de.indymedia.org\/node\/15358<\/a><\/p>\n","protected":false},"excerpt":{"rendered":"<p>22.11.2017 Hessische Antifaschist*innen haben sich die M\u00fche gemacht im Rahmen eines R\u00fcckblicks mal zusammenzutragen, was so an Gegenaktivit\u00e4ten in der Region gegen den Bundestagswahlkampf der AfD lief. Dabei wurden wir mehrfach mit unsere Recherchen und Analysen der faschistischen &#8222;neuen&#8220; Rechten um AfD\/JA\/IB und Burschenschafter erw\u00e4hnt. Auch ansonsten ein sehr lesenwerter Artikel, den wir euch hiermit ans Herz legen wollen: Konterwahlkampf &#8222;Nach fast zwei Jahren Arbeit gegen das Netzwerk der &#8222;neuen&#8220; Rechten in Marburg und Umland, blicken wir auf verschiedene Initiativen, Kampagnen und Aktionen zur\u00fcck. Nachdem sich die AfD Marburg-Biedenkopf im Herbst 2015 formierte ist viel passiert. Einerseits wurde \u00fcber verschiedene Akteure der AfD im Landkreis bei Aktionen aller Art aufgekl\u00e4rt . Im Verlauf dessen haben einige Akteure der Jungen Alternative (JA) und AfD, den Parteiorganisationen im letzten Jahr den R\u00fccken gekehrt. Weiterhin konnte laut lokaler AfD kaum eine Veranstalltung ohne Gegenaktionen durchgef\u00fchrt werden. [&#8230;]&#8220; Ein Blick Zur\u00fcck Nach fast zwei Jahren Arbeit gegen das Netzwerk der &#8222;neuen&#8220; Rechten in Marburg und Umland, blicken wir auf verschiedene Initiativen, Kampagnen und Aktionen zur\u00fcck. Nachdem sich die AfD Marburg-Biedenkopf im Herbst 2015 formierte ist viel passiert. Einerseits wurde \u00fcber verschiedene Akteure der AfD im Landkreis bei Aktionen aller Art aufgekl\u00e4rt z.B. hier und [&#8230;]<\/p>\n","protected":false},"author":1,"featured_media":175,"comment_status":"closed","ping_status":"open","sticky":false,"template":"","format":"standard","meta":{"footnotes":""},"categories":[41],"tags":[10,50,11,40,109,27,19,15,53,51,74,38,37,126,14],"class_list":["post-168","post","type-post","status-publish","format-standard","has-post-thumbnail","hentry","category-artikel-2017","tag-afd","tag-afd-marburg-biedenkopf","tag-deutsche-burschenschaft","tag-einprozent","tag-heinrich-mahling","tag-identitaere","tag-jan-nolte","tag-junge-alternative","tag-junge-alternative-hessen","tag-junge-alternative-marburg-biedenkopf","tag-lars-roth","tag-marburger-burschenschaft-germania","tag-maximilian-kolb","tag-normania-leipzig-zu-marburg","tag-rheinfranken-marburg"],"_links":{"self":[{"href":"https:\/\/stadtlandvolk.net\/index.php?rest_route=\/wp\/v2\/posts\/168","targetHints":{"allow":["GET"]}}],"collection":[{"href":"https:\/\/stadtlandvolk.net\/index.php?rest_route=\/wp\/v2\/posts"}],"about":[{"href":"https:\/\/stadtlandvolk.net\/index.php?rest_route=\/wp\/v2\/types\/post"}],"author":[{"embeddable":true,"href":"https:\/\/stadtlandvolk.net\/index.php?rest_route=\/wp\/v2\/users\/1"}],"replies":[{"embeddable":true,"href":"https:\/\/stadtlandvolk.net\/index.php?rest_route=%2Fwp%2Fv2%2Fcomments&post=168"}],"version-history":[{"count":5,"href":"https:\/\/stadtlandvolk.net\/index.php?rest_route=\/wp\/v2\/posts\/168\/revisions"}],"predecessor-version":[{"id":411,"href":"https:\/\/stadtlandvolk.net\/index.php?rest_route=\/wp\/v2\/posts\/168\/revisions\/411"}],"wp:featuredmedia":[{"embeddable":true,"href":"https:\/\/stadtlandvolk.net\/index.php?rest_route=\/wp\/v2\/media\/175"}],"wp:attachment":[{"href":"https:\/\/stadtlandvolk.net\/index.php?rest_route=%2Fwp%2Fv2%2Fmedia&parent=168"}],"wp:term":[{"taxonomy":"category","embeddable":true,"href":"https:\/\/stadtlandvolk.net\/index.php?rest_route=%2Fwp%2Fv2%2Fcategories&post=168"},{"taxonomy":"post_tag","embeddable":true,"href":"https:\/\/stadtlandvolk.net\/index.php?rest_route=%2Fwp%2Fv2%2Ftags&post=168"}],"curies":[{"name":"wp","href":"https:\/\/api.w.org\/{rel}","templated":true}]}}