{"id":157,"date":"2017-11-22T18:08:34","date_gmt":"2017-11-22T17:08:34","guid":{"rendered":"https:\/\/stadtlandvolk.net\/?p=157"},"modified":"2020-09-15T16:38:16","modified_gmt":"2020-09-15T14:38:16","slug":"unpolitisch-sympathien-und-doppelmitgliedschaften-von-verbindern-des-coburger-convents-und-der-identitaeren-bewegung-sowie-extrem-rechtes-gedankengut-an-beispielen-aus-marburg","status":"publish","type":"post","link":"https:\/\/stadtlandvolk.net\/?p=157","title":{"rendered":"Unpolitisch? Sympathien und Doppelmitgliedschaften von Verbindern des Coburger Convents und der Identit\u00e4ren Bewegung sowie extrem rechtes Gedankengut &#8211; an Beispielen aus Marburg"},"content":{"rendered":"\n<p class=\"has-text-align-right\"><em>22.11.2017<\/em><\/p>\n\n\n\n<p>Im Zuge der Stadt.Land.Volk-Kampagne wurde ausf\u00fchrlich von den Verkn\u00fcpfungen der Deutschen Burschenschaft zur Alternative f\u00fcr Deutschland (AfD) und Junger Alternative (JA), sowie zur \u201eIdentit\u00e4ren Bewegung\u201c berichtet. Die Marburger Burschenschaften Rheinfranken und Germania sind jedoch nicht die einzigen Korporationen, welchen diese <a href=\"https:\/\/stadtlandvolk.net\/?p=139\">Verflechtung zu extrem rechten Strukturen<\/a> bewiesen werden kann.<br>Obwohl Verbindungen und Landsmannschaften, welche nicht der Deutschen Burschenschaft angeh\u00f6ren, darauf bedacht sind, ein vergleichsweise liberales, sich von jeglichen Formen des Extremismus distanzierendes Bild abzugeben, lassen die folgenden Aktivit\u00e4ten erheblichen Zweifel an der Ernsthaftigkeit dieser Bem\u00fchungen aufkommen.<\/p>\n\n\n\n<h2 class=\"wp-block-heading\">Landsmannschaft Hasso-Borussia (Friedrich-Siebert-Weg 1):<\/h2>\n\n\n\n<figure class=\"wp-block-image\"><img decoding=\"async\" src=\"http:\/\/stadtlandvolk.noblogs.org\/files\/2017\/10\/borussia-haus-e1508431050427.jpg\" alt=\"\" class=\"wp-image-357\"\/><\/figure>\n\n\n\n<h2 class=\"wp-block-heading\"><img loading=\"lazy\" decoding=\"async\" src=\"http:\/\/stadtlandvolk.noblogs.org\/files\/2017\/10\/Wappen_Hasso-Borussia-e1508429470776.png\" alt=\"\" width=\"150\" height=\"222\"><\/h2>\n\n\n\n<p>Obwohl die Landsmannschaft Hasso Borussia auf ihrer Internetpr\u00e4senz schreibt: \u201eBei uns ist jedermann, egal welcher Nationalit\u00e4t, Hautfarbe, Konfession und politischer Einstellung willkommen, der diese Toleranz selbst leisten kann &#8211; Extremismus jeder Couleur schlie\u00dft das kategorisch aus.\u201c, gibt es Verbindungen zu der&nbsp; faschistischen und vom Verfassungsschutz beobachteten \u201eIdentit\u00e4ren Bewegung\u201c.<\/p>\n\n\n\n<div class=\"wp-block-image\"><figure class=\"alignleft\"><img decoding=\"async\" src=\"http:\/\/stadtlandvolk.noblogs.org\/files\/2017\/10\/774152_102518976594900_1606918537_o-e1508430882492.jpg\" alt=\"\" class=\"wp-image-359\"\/><\/figure><\/div>\n\n\n\n<p><em>Heinrich Mahling<\/em> ist mindestens seit 2015 bei der Hasso Borussia und bewegt sich seit Jahren im Dunstkreis der als<\/p>\n\n\n\n<p>Naziburschenschaften bekannt gewordenen Marburger Germanen und Rheinfranken. Er ist Gr\u00fcndungsmitglied der Marburger Ortsgruppe der Identit\u00e4ren Bewegung, die sich <a href=\"https:\/\/stadtlandvolk.net\/?p=143\">Anfang Mai auf dem Haus der B!Germania gr\u00fcndete<\/a>. Au\u00dferdem nimmt er eine Art Ortsgruppensprecherposition ein. Er unterzeichnet Mails der IB-Ortsgruppe Marburg und ist, als \u00f6ffentlich bekanntes Mitglied der IB, die Kontaktperson f\u00fcr neue Mitglieder. Nachdem der \u00f6ffentlich beworbende Stammtisch in Marburg nicht stattfand, erschien er wenige Tage sp\u00e4ter um interessierte Personen bei Vortreffen in Empfang zu nehmen. Nachdem keine Interessenten auftauchten, begab er sich direkt zum Haus der B!Germania, auf deren Haus damals auch schon die ersten IB-Aktionen vorbereitet wurden<\/p>\n\n\n\n<p>Der aus Spremberg stammende Mahling hat sich schon als Jugendlicher politisch in der extremen Rechten verortet, wie Likes f\u00fcr die NPD, sowie Tommy Frenck (Neonazikader, der sich u.a. f\u00fcr das gr\u00f6\u00dfte Neonazikonzert der BRD 2017 &#8222;Rock gegen \u00dcberfremdung&#8220; verantwortlich zeichnet) auf einem veralteten und von ihm nicht mehr gepflegtem Facebookprofil zeigen.<\/p>\n\n\n\n<figure class=\"wp-block-image\"><img decoding=\"async\" src=\"http:\/\/stadtlandvolk.noblogs.org\/files\/2017\/10\/likes.png\" alt=\"\" class=\"wp-image-362\"\/><\/figure>\n\n\n\n<div class=\"wp-block-image\"><figure class=\"alignleft\"><img decoding=\"async\" src=\"http:\/\/stadtlandvolk.noblogs.org\/files\/2017\/10\/hMahling-ibDemo.jpg\" alt=\"\" class=\"wp-image-349\"\/><\/figure><\/div>\n\n\n\n<div class=\"wp-block-image\"><figure class=\"alignright\"><img decoding=\"async\" src=\"http:\/\/stadtlandvolk.noblogs.org\/files\/2017\/10\/hMahling-justizministerium.jpg\" alt=\"\" class=\"wp-image-350\"\/><\/figure><\/div>\n\n\n\n<p>\u00d6ffentliche IB-Aktionen, an welchen er teilnahm, waren die Demos 2016 und 2017 in Berlin, <a href=\"https:\/\/www.antifa-berlin.info\/recherche\/1369-19052017---identitren-aktion-am-innenministerium\">die kl\u00e4glich gescheiterte Besetzung des Justizgeb\u00e4udes 2017<\/a> (Fotos mit Sonnenbrille), \u00f6ffentliches Plakatieren f\u00fcr die IB im Lahn-Dill-Kreis 2017 und eine IB-Aktion am 22. September in Gie\u00dfen. Des Weiteren ist Mahling auf einem Bild als Besucher eines Vortrags des IfS-Vorsitzenden Lichert auf der Nazivilla Germania zu erkennen.<\/p>\n\n\n\n<div class=\"wp-block-image\"><figure class=\"alignleft\"><img decoding=\"async\" src=\"http:\/\/stadtlandvolk.noblogs.org\/files\/2017\/10\/plakatieren.jpg\" alt=\"\" class=\"wp-image-368\"\/><\/figure><\/div>\n\n\n\n<p><img loading=\"lazy\" decoding=\"async\" src=\"http:\/\/stadtlandvolk.noblogs.org\/files\/2017\/10\/Merkel-Gie\u00dfen-IB-1.jpg\" alt=\"\" width=\"960\" height=\"640\">(rot: Mahling, orange: vmtl. Pranschke)<\/p>\n\n\n\n<div class=\"wp-block-image\"><figure class=\"alignleft\"><img decoding=\"async\" src=\"http:\/\/stadtlandvolk.noblogs.org\/files\/2017\/10\/ludwigPraschke.png\" alt=\"\" class=\"wp-image-355\"\/><\/figure><\/div>\n\n\n\n<p>Heinrich Mahling ist nicht die einzige Person innerhalb der Hasso Borussia, welche zweifelhaften Aktivit\u00e4ten nachgeht. Auch sein Bundesbruder <em>Ludwig Pranschke<\/em> ist der Identit\u00e4ren Bewegung zuzurechnen.<\/p>\n\n\n\n<div class=\"wp-block-image\"><figure class=\"alignright\"><img decoding=\"async\" src=\"http:\/\/stadtlandvolk.noblogs.org\/files\/2017\/10\/freundeskreisantaiospranksche-e1508434037119.jpg\" alt=\"\" class=\"wp-image-369\"\/><\/figure><\/div>\n\n\n\n<p>Er ist Mitglied der einschl\u00e4gigen Facebook-Gruppe \u201eVerlag Antaios Freundeskreis\u201c, welche sich aus Verbindern zusammensetzt, die allesamt entweder dem Teil des v\u00f6lkischen Fl\u00fcgels der AfD oder der IB angeh\u00f6ren.<\/p>\n\n\n\n<p>Da Ludwig Pranschke keine Posten in der AfD innehat, geh\u00f6rt er wohl zu den IB-Aktivisten in der Gruppe. Der Verlag Antaios, bildet den literarisch-propagandistischen Teil des extrem rechten Netzwerkes rund um den faschistischen Verleger und Autor G\u00f6tz Kubitschek. Dieses ist ma\u00dfgeblich f\u00fcr den Aufbau der Identit\u00e4ren Bewegung in Deutschland verantwortlich.<br>Au\u00dferdem ist auf einem Foto der letzten IB-Aktion in Gie\u00dfen Mahling gemeinsam mit einer Person zu sehen, deren Haaransatz dem Ludwig Pranschkes verwechselnd \u00e4hnlich sieht (s.o). Dies und die Zuge\u00f6rigkeit zu der Antaios-Gruppe l\u00e4sst stark vermuten, dass auch Ludwig Pranschke Teil der Marburger IB-Ortsgruppe ist.<\/p>\n\n\n\n<p>Zusammengefasst: Heinrich Mahling agiert seit Monaten offen als Kader der faschistischen Identit\u00e4ren und pflegt engen Kontakt zu den in Teilen dezidiert neonazistischen B!Germania und B!Rheinfranken. Zudem ist er mit wenigen Klicks im Internet als Neonazisymphatisant seit Schultagen identifizierbar. Die Tatsache dass sich in der Hasso Borussia Marburg niemand an seinen v\u00f6lkisch-faschistischen Untrieben st\u00f6rt, im Gegenteil, er mit Ludwig Pranschke dort nicht einmal als Einzelfall zu betrachten ist, zeigt wie unglaubw\u00fcrdig die Abgrenzungsversuche der Hasso Borussia gegen\u00fcber extrem rechter Gesinnung und Bet\u00e4tigung in diesem Geiste sind.<\/p>\n\n\n\n<h2 class=\"wp-block-heading\">Landsmannschaft Chattia (Lutherstra\u00dfe 15):<\/h2>\n\n\n\n<div class=\"wp-block-image\"><figure class=\"alignleft\"><img decoding=\"async\" src=\"http:\/\/stadtlandvolk.noblogs.org\/files\/2017\/10\/chattia-e1508435288570.jpg\" alt=\"\" class=\"wp-image-371\"\/><\/figure><\/div>\n\n\n\n<div class=\"wp-block-image\"><figure class=\"alignright\"><img decoding=\"async\" src=\"http:\/\/stadtlandvolk.noblogs.org\/files\/2017\/10\/magamaxeise-e1508435170714.jpg\" alt=\"\" class=\"wp-image-370\"\/><\/figure><\/div>\n\n\n\n<p><em>Max Eise<\/em>, war am 23. Juni im Vorfeld des Vortrags von Andreas Lichert (AfD-Hessen Vorsitz und Unterst\u00fctzer der Identi\u00e4ren Bewegung, <a href=\"http:\/\/www.fr.de\/rhein-main\/afd-hessen-hauskauf-fuer-die-identitaeren-a-1340398\">f\u00fcr deren Ortrsgruppe Kontrakultur er in Halle auch j\u00fcnst als Bevollm\u00e4chtigter im Hauskauf auftrat<\/a>), auf dem Germanenhaus anwesend, verlie\u00df dieses jedoch wieder, als sich eine Kundgebung gegen diese Veranstaltung formierte. Was wohl aber nicht alle aus der Chattia taten. Trotz ihres Stiftungsfestes am selben Wochenende im Welcome Hotel (Pilgrimstein 29) ist auf einem von der Burschenschaft Germania ver\u00f6ffentlichen Bild der Veranstaltung mindestens eine Person mit blau, wei\u00df, orange farbiger Sch\u00e4rpe zu erkennen. Bei dieser Farbkombination handelt es sich um die Farben der L!Chattia Marburg. Dies legt die Vermutung nahe, dass bei dem Vortrag auch Personen der Chattia Marburg anwesend waren.<img loading=\"lazy\" decoding=\"async\" src=\"http:\/\/stadtlandvolk.noblogs.org\/files\/2017\/10\/lichertvortrag.jpg\" alt=\"\" width=\"960\" height=\"539\"><\/p>\n\n\n\n<p>(Mahling hinten links im Bild, die Farben der Chattia sind im Vordergrund links zu sehen)<\/p>\n\n\n\n<h2 class=\"wp-block-heading\">Landsmannschaft Hasso-Guestfalia (Rothenberg 1c):<\/h2>\n\n\n\n<div class=\"wp-block-image\"><figure class=\"alignleft\"><img decoding=\"async\" src=\"http:\/\/stadtlandvolk.noblogs.org\/files\/2017\/10\/danielchristoph-e1508435767158.jpg\" alt=\"\" class=\"wp-image-372\"\/><\/figure><\/div>\n\n\n\n<p><br><em>Daniel Christoph<\/em> von der Hasso Guestphalia schreibt zu einem Video mit dem Titel &#8222;<a href=\"https:\/\/www.facebook.com\/plugins\/video.php?href=https%3A%2F%2Fwww.facebook.com%2Fshaunking%2Fvideos%2F954551514583767%2F\">Black man murdered by the San Franzisco PD<\/a>\u201c, auf dem ein geistig verwirrter Schwarzer ohne Not von dutzenden Polizeikugeln durchl\u00f6chert wird: \u201eDer hat sich wahrscheinlich im Bus nach vorne gesetzt\u201c. , womit er offensichtlich auf die rassistische Gesetzgebung zu Seiten der Segregation in den USA anspielt, in deren Rahmen es Schwarzen nur erlaubt war in den hinteren Teilen von Nahverkehrsbussen zu sitzen.<br>Ein Foto des Coburger Convents kommentierte er mit \u201eOhne B\u00fccher macht das ja auch nur halb so viel Spa\u00df\u201c.<\/p>\n\n\n\n<figure class=\"wp-block-image\"><img decoding=\"async\" src=\"http:\/\/stadtlandvolk.noblogs.org\/files\/2017\/10\/daniel-christoph-silversterknaller-1-e1508435897911.png\" alt=\"\" class=\"wp-image-364\"\/><\/figure>\n\n\n\n<figure class=\"wp-block-image\"><img decoding=\"async\" src=\"http:\/\/stadtlandvolk.noblogs.org\/files\/2017\/10\/danielCristopCoburgerConventB\u00fccher-1-e1508435924637.png\" alt=\"\" class=\"wp-image-365\"\/><\/figure>\n\n\n\n<div class=\"wp-block-image\"><figure class=\"alignleft\"><img decoding=\"async\" src=\"http:\/\/stadtlandvolk.noblogs.org\/files\/2017\/10\/DanielChristoph.gef\u00e4lltKontrakultur-e1508436655587.png\" alt=\"\" class=\"wp-image-346\"\/><\/figure><\/div>\n\n\n\n<p>Der erste aufgef\u00fchrte Kommentar zeigt eine eiskalt menschenverachtende, rassistische Gesinnung. Am zweiten Kommentar ist deutlich zu sehen, dass Daniel Christoph auch vor einer Verherrlichung der B\u00fccherverbrennung w\u00e4hrend des Nationalsozialismus nicht zur\u00fcck schreckt. Der Coburger Convent l\u00e4uft bekannterma\u00dfen bei seinen j\u00e4hrlichem Pfingstkonvent in SA-Tradition, mit Fackeln ebene jene Route, welche schon die Nazis nahmen. Es gibt keinen Zweifel, worauf der Guestphale hier anspielt.<br>Au\u00dferdem gefallen ihm Beitr\u00e4ge der Identit\u00e4ren Bewegung wie zum Beispiel die &#8222;Willkommensaktion&#8220; der Kontrakultur Halle.<br>Wenn auch keine Belege existieren, dass Daniel Christoph, wie Mahling, in der IB-Marburg aktiv ist, scheint er zumindest Sympathisant dieser zu sein, in jedem Falle \u00fcbertrifft er diese in Punkto Menschenfeindlichkeit mit seiner h\u00f6hnisch-rassistischen Rechtfertigung verst\u00f6rend-krasser Polizeigewalt.<\/p>\n\n\n\n<h2 class=\"wp-block-heading\">Landsmannschaft Nibelungia (Hainweg 20):<\/h2>\n\n\n\n<div class=\"wp-block-image\"><figure class=\"alignleft\"><img decoding=\"async\" src=\"http:\/\/stadtlandvolk.noblogs.org\/files\/2017\/10\/nibleungiawappen-e1508436914255.jpg\" alt=\"\" class=\"wp-image-373\"\/><\/figure><\/div>\n\n\n\n<p><br>Auch andere CC Verbindungen fallen immer wieder durch eine N\u00e4he zu extrem rechtem Gedankengut auf. Wie zum Beispiel die Landsmannschaft Nibelungia. So t\u00f6nt bei abendlichem Lagerfeuer ganz gerne mal das Lied \u201eDeutschland den Deutschen\u201c von der Naziband \u201eAhnenblut\u201c aus ihrem Garten. So geschehen am 2. August 2017.<\/p>\n\n\n\n<p>Ein Blick in die Satzung des Marburger Waffenrings, ein Zusammenschluss schlagender Verbindungen in Marburg, zeigt zudem noch einmal die Zusammenarbeit der Landsmann- und Turnerschaften aus dem Coburger Convent mit der Deutschen Burschenschaft.<\/p>\n\n\n\n<p>Extrem rechte Postionen sind bei Studentenverbindungen kein Alleinstellungsmerkmal der Deutschen Burschenschaft. Zwar sticht dort die Dichte dieser Weltanschauungen heraus, dennoch tummeln sich auch im CC Nazis und Faschisten verschiedenster Pr\u00e4gungen. Auch wenn der CC sich gern von rechten Positionen abgrenzt, sprechen die Aktivit\u00e4ten der Mitglieder eine andere Sprache.<\/p>\n\n\n\n<p>Die Verbindung des CC&#8217;s in Marburg sollten sich auch im Kontext von <a href=\"https:\/\/www.antifainfoblatt.de\/artikel\/schlagkr%C3%A4ftige-rechte-netzwerke-marburg\">gewaltt\u00e4tigen \u00dcbergriffen durch die \u00f6rtliche Burschenschaft, wie auf dem diesj\u00e4hrigen Landeskongress der JA bei der B!Germania<\/a> die Frage stellen, ob sie wirklich die Konsequenzen (antifaschistische Intervention, krititische \u00d6ffentlichkeit, staatliche Repression*) daf\u00fcr tragen wollen, sich in diese v\u00f6lkisch-faschistische Front einzureihen!<\/p>\n\n\n\n<hr class=\"wp-block-separator\"\/>\n\n\n\n<p>*wobei es als Studentenverbindung&nbsp; fast unm\u00f6glich ist in den Fokus von Sicherheitsbeh\u00f6rden zu geraten wie zuletzt <a href=\"http:\/\/www.fr.de\/rhein-main\/hessen-afd-kontakte-zu-rechtsextremen-bestaetigt-a-1335672\">im Rahmen einer SPD-Anfrage im hessischen Landtag als Folge unserer Recherchen zum JA-Landeskongress bekannt wurde<\/a><\/p>\n\n\n\n<p><em>Zur Erinnerung: So sah es aus als die Burschen der Germania und der Beteiligung ihres Sprechers Maximilian Kolb (rot) und Sprechers a.D. Philip Stein (orange), versuchten Jagd auf Beobachter*innen machten, eben jener Personenkreis mit denen verschiedene Verbinder des CC&#8217;s in Marburg zunehmend kl\u00fcngeln.<\/em><\/p>\n\n\n\n<figure class=\"wp-block-image\"><img decoding=\"async\" src=\"http:\/\/stadtlandvolk.noblogs.org\/files\/2017\/09\/Kolb-und-Stein-e1505588706989.jpg\" alt=\"\" class=\"wp-image-335\"\/><\/figure>\n\n\n\n<hr class=\"wp-block-separator\"\/>\n\n\n\n<p>F\u00fcr weitere Informationen \u00fcber den Coburger Convent:<\/p>\n\n\n\n<p>coburgerconvent.blogsport.de\/<br>www.falsch-verbunden.net<\/p>\n\n\n\n<figure class=\"wp-block-embed\"><div class=\"wp-block-embed__wrapper\">\nhttps:\/\/www.antifainfoblatt.de\/artikel\/coburg-und-sein-convent-%E2%80%93-rechter-konsens-aktion\n<\/div><\/figure>\n","protected":false},"excerpt":{"rendered":"<p>22.11.2017 Im Zuge der Stadt.Land.Volk-Kampagne wurde ausf\u00fchrlich von den Verkn\u00fcpfungen der Deutschen Burschenschaft zur Alternative f\u00fcr Deutschland (AfD) und Junger Alternative (JA), sowie zur \u201eIdentit\u00e4ren Bewegung\u201c berichtet. Die Marburger Burschenschaften Rheinfranken und Germania sind jedoch nicht die einzigen Korporationen, welchen diese Verflechtung zu extrem rechten Strukturen bewiesen werden kann.Obwohl Verbindungen und Landsmannschaften, welche nicht der Deutschen Burschenschaft angeh\u00f6ren, darauf bedacht sind, ein vergleichsweise liberales, sich von jeglichen Formen des Extremismus distanzierendes Bild abzugeben, lassen die folgenden Aktivit\u00e4ten erheblichen Zweifel an der Ernsthaftigkeit dieser Bem\u00fchungen aufkommen. Landsmannschaft Hasso-Borussia (Friedrich-Siebert-Weg 1): Obwohl die Landsmannschaft Hasso Borussia auf ihrer Internetpr\u00e4senz schreibt: \u201eBei uns ist jedermann, egal welcher Nationalit\u00e4t, Hautfarbe, Konfession und politischer Einstellung willkommen, der diese Toleranz selbst leisten kann &#8211; Extremismus jeder Couleur schlie\u00dft das kategorisch aus.\u201c, gibt es Verbindungen zu der&nbsp; faschistischen und vom Verfassungsschutz beobachteten \u201eIdentit\u00e4ren Bewegung\u201c. Heinrich Mahling ist mindestens seit 2015 bei der Hasso Borussia und bewegt sich seit Jahren im Dunstkreis der als Naziburschenschaften bekannt gewordenen Marburger Germanen und Rheinfranken. Er ist Gr\u00fcndungsmitglied der Marburger Ortsgruppe der Identit\u00e4ren Bewegung, die sich Anfang Mai auf dem Haus der B!Germania gr\u00fcndete. Au\u00dferdem nimmt er eine Art Ortsgruppensprecherposition ein. Er unterzeichnet Mails der IB-Ortsgruppe Marburg und ist, als \u00f6ffentlich bekanntes [&#8230;]<\/p>\n","protected":false},"author":1,"featured_media":158,"comment_status":"closed","ping_status":"open","sticky":false,"template":"","format":"standard","meta":{"footnotes":""},"categories":[41],"tags":[10,20,113,106,117,11,31,109,27,30,15,98,114,107,116,118,108,38,119,115,37,92,39,14,112],"class_list":["post-157","post","type-post","status-publish","format-standard","has-post-thumbnail","hentry","category-artikel-2017","tag-afd","tag-andreas-lichert","tag-antaios-verlag","tag-coburger-convent","tag-daniel-christoph","tag-deutsche-burschenschaft","tag-goetz-kubitschek","tag-heinrich-mahling","tag-identitaere","tag-institut-fuer-staatspolitik","tag-junge-alternative","tag-kontrakultur-halle","tag-landsmannschaft-chattia","tag-landsmannschaft-hasso-borussia","tag-landsmannschaft-hasso-guestfalia","tag-landsmannschaft-nibelungia","tag-ludwig-pranschke","tag-marburger-burschenschaft-germania","tag-marburger-waffenring","tag-max-eise","tag-maximilian-kolb","tag-npd","tag-philip-stein","tag-rheinfranken-marburg","tag-tommy-frenck"],"_links":{"self":[{"href":"https:\/\/stadtlandvolk.net\/index.php?rest_route=\/wp\/v2\/posts\/157","targetHints":{"allow":["GET"]}}],"collection":[{"href":"https:\/\/stadtlandvolk.net\/index.php?rest_route=\/wp\/v2\/posts"}],"about":[{"href":"https:\/\/stadtlandvolk.net\/index.php?rest_route=\/wp\/v2\/types\/post"}],"author":[{"embeddable":true,"href":"https:\/\/stadtlandvolk.net\/index.php?rest_route=\/wp\/v2\/users\/1"}],"replies":[{"embeddable":true,"href":"https:\/\/stadtlandvolk.net\/index.php?rest_route=%2Fwp%2Fv2%2Fcomments&post=157"}],"version-history":[{"count":3,"href":"https:\/\/stadtlandvolk.net\/index.php?rest_route=\/wp\/v2\/posts\/157\/revisions"}],"predecessor-version":[{"id":182,"href":"https:\/\/stadtlandvolk.net\/index.php?rest_route=\/wp\/v2\/posts\/157\/revisions\/182"}],"wp:featuredmedia":[{"embeddable":true,"href":"https:\/\/stadtlandvolk.net\/index.php?rest_route=\/wp\/v2\/media\/158"}],"wp:attachment":[{"href":"https:\/\/stadtlandvolk.net\/index.php?rest_route=%2Fwp%2Fv2%2Fmedia&parent=157"}],"wp:term":[{"taxonomy":"category","embeddable":true,"href":"https:\/\/stadtlandvolk.net\/index.php?rest_route=%2Fwp%2Fv2%2Fcategories&post=157"},{"taxonomy":"post_tag","embeddable":true,"href":"https:\/\/stadtlandvolk.net\/index.php?rest_route=%2Fwp%2Fv2%2Ftags&post=157"}],"curies":[{"name":"wp","href":"https:\/\/api.w.org\/{rel}","templated":true}]}}