{"id":143,"date":"2017-05-14T21:26:56","date_gmt":"2017-05-14T19:26:56","guid":{"rendered":"https:\/\/stadtlandvolk.net\/?p=143"},"modified":"2020-09-15T16:45:07","modified_gmt":"2020-09-15T14:45:07","slug":"landeskongress-der-jungen-alternative-hessen-auf-dem-haus-der-marburger-burschenschaft-germania","status":"publish","type":"post","link":"https:\/\/stadtlandvolk.net\/?p=143","title":{"rendered":"Landeskongress der Jungen Alternative Hessen auf dem Haus der Marburger Burschenschaft Germania"},"content":{"rendered":"\n<h2 class=\"wp-block-heading\">Bewaffnete gewaltt\u00e4tige \u00dcbergriffe von Naziburschen und AfD-Funktion\u00e4ren \u2013 Gr\u00fcndung der IB-Ortsgruppe Marburg<\/h2>\n\n\n\n<p>In Marburg haben Antifaschist_innen den Landeskongress der Jungen Alternative Hessen dokumentiert. Die Veranstaltung fand in der Lutherstra\u00dfe 3 auf dem Haus der Burschenschaft Germania Marburg statt. Anwesend waren neben den JA Vertreter_innen auch Torben Braga (AfD T\u00fchringen und Berater von Bj\u00f6rn H\u00f6cke), welcher mit Philipp Stein (EinProzent Bewegung) angereist war. Die gewaltt\u00e4tigen \u00dcbergriffe waren aber wom\u00f6glich nicht das einzige pikante Ereignis an diesem Tag.<\/p>\n\n\n\n<p>Wie EinProzent Bewegung, Identit\u00e4re Bewegung, JA, AfD und die Burschenschaft Germania Marburg verzahnt sind <a href=\"https:\/\/stadtlandvolk.noblogs.org\/post\/2017\/04\/18\/die-burschenschaft-germania-marburg-und-ihr-extrem-rechtes-netzwerk\/\">berichteten wir bereits<\/a>, sowie auch \u00fcber die lokalen Verbindungen von Burschen zur <a href=\"https:\/\/stadtlandvolk.noblogs.org\/post\/2017\/03\/30\/ja-marburg-biedenkopf-eine-analyse\/\">JA Marburg<\/a>. Am 29.4.2017 trafen sich auf dem Haus der Germania Marburg extrem Rechte Akteure aus dem AfD-Parteispektrum, wie auch au\u00dferparlamentarischen Zusammenh\u00e4ngen. Zwei Wochen sp\u00e4ter kam es in Marburg zu verschiedenen Aktionen einer sogenannten Ortsgruppe der IB in Marburg. Um 6 Uhr morgens posierten einige Faschisten auf dem Marburger Schloss mit einem Transparent, ein weiteres wurden an einer Lahnbr\u00fccke angebracht. Gestaltet wurden die IB Transparente in den selben R\u00e4umen in welchen sich noch am 29.4. die JA Hessen zu ihrem Landeskongress traf, im Haus der Germania Marburg (wenn man sich den Boden auf den beiden folgenden Bildern anschaut, wird dies offensichtlich.):<\/p>\n\n\n\n<figure class=\"wp-block-image\"><img decoding=\"async\" src=\"https:\/\/stadtlandvolk.noblogs.org\/files\/2017\/05\/identit\u00e4re-malen-transpi.jpg\" alt=\"\" class=\"wp-image-216\"\/><\/figure>\n\n\n\n<figure class=\"wp-block-image\"><img decoding=\"async\" src=\"https:\/\/stadtlandvolk.noblogs.org\/files\/2017\/05\/JA-Landeskongress.jpg\" alt=\"\" class=\"wp-image-217\"\/><\/figure>\n\n\n\n<p>Unklar bleibt, inwiefern eben jener Kongress als Gr\u00fcndungsereignis der IB-Marburg Ortsgruppe gedient hat.<\/p>\n\n\n\n<p>Es wird immer offensichtlicher, dass die von uns bereits anhand von Einzelpersonen nachgezeichnete Zusammenarbeit von hessischen AfD-Strukturen mit v\u00f6lkischen Gruppierungen wie den obengenannten Burschenschaften oder der IB, vielmehr fl\u00e4chendeckend stattfindet.<\/p>\n\n\n\n<p>Eine Entwicklung, wie sie sich ganz \u00e4hnlich auch in Hamburg, Halle oder Magdeburg abspielt.<\/p>\n\n\n\n<p><em>Es folgt der Beitrag einiger Antifaschist_innen, der uns im Rahmen der StadtLandVolk-Kampagne zugesendet wurde:<\/em><\/p>\n\n\n\n<h1 class=\"wp-block-heading\"><strong>Landeskongress der Jungen Alternative Hessen auf dem Haus der Marburger Burschenschaft Germania \u2013 Bewaffnete gewaltt\u00e4tige \u00dcbergriffe von Naziburschen und AfD-Funktion\u00e4ren<\/strong><\/h1>\n\n\n\n<p>Bereits am Samstag, dem 29.04.2017, fand der Landeskongress der Jungen Alternative (JA) Hessen statt. Wie Antifaschist*innen erfuhren, wurde dazu auf das Haus der Burschenschaft Germania Marburg geladen und zur Verschwiegenheit ermahnt. Deren Verflechtung mit der AfD, insbesondere der Th\u00fcringer Fraktion, sowie dem hessischen Landes- und Marburger Ortsverband der JA, <a href=\"https:\/\/stadtlandvolk.noblogs.org\/post\/2017\/04\/18\/die-burschenschaft-germania-marburg-und-ihr-extrem-rechtes-netzwerk\/\">sind seit geraumer Zeit bekannt<\/a>.<\/p>\n\n\n\n<p>Kritik dar\u00fcber blieb bisher weitesgehend aus, obwohl die protofaschistisch bis neonazistische Ausrichtung der Burschenschaft Germania <a href=\"https:\/\/linksunten.indymedia.org\/de\/node\/128923\">schon mehrfach belegt wurde<\/a>.<br>Als Antifaschist*innen sich dann an besagtem Tag in die Lutherstra\u00dfe begaben, fanden sie ihre Vermutung sehr bald best\u00e4tigt, nachdem f\u00fchrende K\u00f6pfe des Landesverbandes der JA-Hessen anreisten und sich zu den benachbarten Anwesen der Burschenschaften Germania und Rheinfranken begaben (<a href=\"https:\/\/linksunten.indymedia.org\/de\/node\/198107\">zu den noch deutlicheren neonazistischen Bez\u00fcgen bei den Rheinfranken<\/a>).<\/p>\n\n\n\n<p>Nach einiger Zeit wurden aber auch die fotografierenden Antifaschist*innen bemerkt und sogleich bep\u00f6belt. Doch dabei blieb es nicht, denn nur wenig sp\u00e4ter ereigneten sich kurz nacheinander zwei \u00dcbergriffe. Zun\u00e4chst griff eine vierk\u00f6pfige, teilweise bewaffnete Gruppe, darunter der Germane <a href=\"https:\/\/linksunten.indymedia.org\/de\/node\/206469\">Philip Stein<\/a> und der Rheinfranke <a href=\"https:\/\/linksunten.indymedia.org\/de\/node\/198107#lars-roth\">Lars Roth<\/a>, einen Fotografen an.<\/p>\n\n\n\n<p>Kurz darauf sammelte und vermummte sich eine etwa zehnk\u00f6pfige Gruppe an der gemeinsamen Einfahrt von Germanen und Rheinfranken, um sodann unvermittelt weitere dokumentierende Antifaschist*innen anzugreifen. Beim zweiten Mal setzten die Angreifer zudem Pfefferspray ein. Auch hier war Philip Stein dabei, sowie <a href=\"https:\/\/linksunten.indymedia.org\/de\/node\/196812\">Max Kolb<\/a>, Beisitzer im Vorstand der JA-Hessen und amtierender Sprecher der Germania Marburg.<\/p>\n\n\n\n<p>Interessant ist, wie involviert die Burschenschafter der Rheinfranken an diesem Tag waren. So waren sie zu jeder Zeit mit von der Partie, ob nun beim Empfang der JA-Vorsitzenden oder bei Bedrohungen und Angriffen auf Antifaschist*innen. Insbesondere da erst letztes Jahr im Rahmen des Rheinfranken-leaks bekannt wurde, dass deren Mitglieder <a href=\"https:\/\/linksunten.indymedia.org\/image\/198235.jpg\">auch gern mal mit Hakenkreuzfahnen posieren<\/a>. So haben wir beispielsweise einen Handschlag des 1. Vorsitzenden der JA-Hessen, Jan Nolte, mit dem Rheinfranken Lars Roth auf Foto festhalten k\u00f6nnen. Dieser ist wie seine Bundesbr\u00fcder umtriebiger Neonazis mit Kontakten bis hin zu Blood and Honour.<br>Wir haben uns von alldem jedoch nicht aufhalten lassen und k\u00f6nnen euch so die unten angeh\u00e4ngten Fotoserien der Anreise, \u00dcbergriffe, sowie eine (unvollst\u00e4ndige) Bildserie der anwesenden Personen pr\u00e4sentieren.<\/p>\n\n\n\n<p>Dies ist desweiteren als unser Beitrag zur Kampagne \u201eStadt, Land, Volk\u201c zu sehen!<\/p>\n\n\n\n<h1 class=\"wp-block-heading\">Hier die Fotos:<\/h1>\n\n\n\n<p>Anreise Jochen Roos (Stellvertretender Vorsitzender JA-Hessen) und Unbekannt1 in der Lutherstra\u00dfe:  <\/p>\n\n\n\n<figure class=\"wp-block-image size-large\"><img loading=\"lazy\" decoding=\"async\" width=\"768\" height=\"514\" src=\"https:\/\/stadtlandvolk.net\/wp-content\/uploads\/2020\/08\/DSC_0048-768x514-1.jpg\" alt=\"\" class=\"wp-image-148\" srcset=\"https:\/\/stadtlandvolk.net\/wp-content\/uploads\/2020\/08\/DSC_0048-768x514-1.jpg 768w, https:\/\/stadtlandvolk.net\/wp-content\/uploads\/2020\/08\/DSC_0048-768x514-1-300x201.jpg 300w\" sizes=\"auto, (max-width: 768px) 100vw, 768px\" \/><\/figure>\n\n\n\n<p><img loading=\"lazy\" decoding=\"async\" srcset=\"https:\/\/stadtlandvolk.noblogs.org\/files\/2017\/05\/Jochen-Roos-und-unbekannt.jpg 3872w, https:\/\/stadtlandvolk.noblogs.org\/files\/2017\/05\/Jochen-Roos-und-unbekannt-300x201.jpg 300w, https:\/\/stadtlandvolk.noblogs.org\/files\/2017\/05\/Jochen-Roos-und-unbekannt-768x514.jpg 768w, https:\/\/stadtlandvolk.noblogs.org\/files\/2017\/05\/Jochen-Roos-und-unbekannt-1024x685.jpg 1024w\" src=\"https:\/\/stadtlandvolk.noblogs.org\/files\/2017\/05\/Jochen-Roos-und-unbekannt.jpg\" alt=\"\" width=\"3872\" height=\"2592\"><img loading=\"lazy\" decoding=\"async\" srcset=\"https:\/\/stadtlandvolk.noblogs.org\/files\/2017\/05\/Roos-vor-dem-Germanenhaus.jpg 4272w, https:\/\/stadtlandvolk.noblogs.org\/files\/2017\/05\/Roos-vor-dem-Germanenhaus-300x200.jpg 300w, https:\/\/stadtlandvolk.noblogs.org\/files\/2017\/05\/Roos-vor-dem-Germanenhaus-768x512.jpg 768w, https:\/\/stadtlandvolk.noblogs.org\/files\/2017\/05\/Roos-vor-dem-Germanenhaus-1024x683.jpg 1024w\" src=\"https:\/\/stadtlandvolk.noblogs.org\/files\/2017\/05\/Roos-vor-dem-Germanenhaus.jpg\" alt=\"\" width=\"4272\" height=\"2848\"><\/p>\n\n\n\n<p>Fabian Flecken (Co-Vorsitzender JA-Hessen) parkt erst in der Lutherstra\u00dfe, entscheidet sich dann aber doch anders: <img loading=\"lazy\" decoding=\"async\" src=\"https:\/\/stadtlandvolk.noblogs.org\/files\/2017\/05\/Flecken-parkt-zun\u00e4chst-in-der-Lutherstra\u00dfe.jpg\" alt=\"\" srcset=\"https:\/\/stadtlandvolk.noblogs.org\/files\/2017\/05\/Flecken-parkt-zun\u00e4chst-in-der-Lutherstra\u00dfe.jpg 4272w, https:\/\/stadtlandvolk.noblogs.org\/files\/2017\/05\/Flecken-parkt-zun\u00e4chst-in-der-Lutherstra\u00dfe-300x200.jpg 300w, https:\/\/stadtlandvolk.noblogs.org\/files\/2017\/05\/Flecken-parkt-zun\u00e4chst-in-der-Lutherstra\u00dfe-768x512.jpg 768w, https:\/\/stadtlandvolk.noblogs.org\/files\/2017\/05\/Flecken-parkt-zun\u00e4chst-in-der-Lutherstra\u00dfe-1024x683.jpg 1024w\" width=\"4272\" height=\"2848\"> <img loading=\"lazy\" decoding=\"async\" src=\"https:\/\/stadtlandvolk.noblogs.org\/files\/2017\/05\/Parkt-dann-doch-lieber-woanders.jpg\" alt=\"\" srcset=\"https:\/\/stadtlandvolk.noblogs.org\/files\/2017\/05\/Parkt-dann-doch-lieber-woanders.jpg 4272w, https:\/\/stadtlandvolk.noblogs.org\/files\/2017\/05\/Parkt-dann-doch-lieber-woanders-300x200.jpg 300w, https:\/\/stadtlandvolk.noblogs.org\/files\/2017\/05\/Parkt-dann-doch-lieber-woanders-768x512.jpg 768w, https:\/\/stadtlandvolk.noblogs.org\/files\/2017\/05\/Parkt-dann-doch-lieber-woanders-1024x683.jpg 1024w\" width=\"4272\" height=\"2848\"><\/p>\n\n\n\n<p>Jan Nolte (Vorsitzender JA Hessen und Listenplatz 4 (!) f\u00fcr Bundestagswahl) reist in der Lutherstra\u00dfe an:<\/p>\n\n\n\n<p>Lars Roth (<a href=\"https:\/\/linksunten.indymedia.org\/de\/node\/198107#lars-roth\">Rheinfranke, hinl\u00e4nglich bekannt in der mitteldeutschen Neonazisszene<\/a>) und Unbekannt2 gr\u00fc\u00dfen Nolte<img loading=\"lazy\" decoding=\"async\" src=\"https:\/\/stadtlandvolk.noblogs.org\/files\/2017\/05\/1.-Roth-und-unbekannt-begr\u00fc\u00dfen-Nolte.jpg\" alt=\"\" srcset=\"https:\/\/stadtlandvolk.noblogs.org\/files\/2017\/05\/1.-Roth-und-unbekannt-begr\u00fc\u00dfen-Nolte.jpg 4272w, https:\/\/stadtlandvolk.noblogs.org\/files\/2017\/05\/1.-Roth-und-unbekannt-begr\u00fc\u00dfen-Nolte-300x200.jpg 300w, https:\/\/stadtlandvolk.noblogs.org\/files\/2017\/05\/1.-Roth-und-unbekannt-begr\u00fc\u00dfen-Nolte-768x512.jpg 768w, https:\/\/stadtlandvolk.noblogs.org\/files\/2017\/05\/1.-Roth-und-unbekannt-begr\u00fc\u00dfen-Nolte-1024x683.jpg 1024w\" width=\"4272\" height=\"2848\"><\/p>\n\n\n\n<p>Nolte steigt mit Unbekannter aus dem Taxi, begr\u00fc\u00dft Roth und Unbekannt2 und geht mit ihnen gemeinsam zum Germania-Haus<img loading=\"lazy\" decoding=\"async\" src=\"https:\/\/stadtlandvolk.noblogs.org\/files\/2017\/05\/2.-Jan-Nolte.jpg\" alt=\"\" srcset=\"https:\/\/stadtlandvolk.noblogs.org\/files\/2017\/05\/2.-Jan-Nolte.jpg 4272w, https:\/\/stadtlandvolk.noblogs.org\/files\/2017\/05\/2.-Jan-Nolte-300x200.jpg 300w, https:\/\/stadtlandvolk.noblogs.org\/files\/2017\/05\/2.-Jan-Nolte-768x512.jpg 768w, https:\/\/stadtlandvolk.noblogs.org\/files\/2017\/05\/2.-Jan-Nolte-1024x683.jpg 1024w\" width=\"4272\" height=\"2848\"><img loading=\"lazy\" decoding=\"async\" src=\"https:\/\/stadtlandvolk.noblogs.org\/files\/2017\/05\/3.-Nolte-stellt-sich-Roth-vor.jpg\" alt=\"\" srcset=\"https:\/\/stadtlandvolk.noblogs.org\/files\/2017\/05\/3.-Nolte-stellt-sich-Roth-vor.jpg 4272w, https:\/\/stadtlandvolk.noblogs.org\/files\/2017\/05\/3.-Nolte-stellt-sich-Roth-vor-300x200.jpg 300w, https:\/\/stadtlandvolk.noblogs.org\/files\/2017\/05\/3.-Nolte-stellt-sich-Roth-vor-768x512.jpg 768w, https:\/\/stadtlandvolk.noblogs.org\/files\/2017\/05\/3.-Nolte-stellt-sich-Roth-vor-1024x683.jpg 1024w\" width=\"4272\" height=\"2848\"><\/p>\n\n\n\n<p>Der weiter oben erw\u00e4hnte Handshake von Nolte und Roth:<\/p>\n\n\n\n<figure class=\"wp-block-image\"><img decoding=\"async\" src=\"https:\/\/stadtlandvolk.noblogs.org\/files\/2017\/05\/4.-handshake-nolte-roth.jpg\" alt=\"\" class=\"wp-image-153\"\/><\/figure>\n\n\n\n<p>Philipp Stein und Torben Braga reisen gemeinsam an: <img loading=\"lazy\" decoding=\"async\" src=\"https:\/\/stadtlandvolk.noblogs.org\/files\/2017\/05\/1.-TorbenBraga.jpg\" alt=\"\" srcset=\"https:\/\/stadtlandvolk.noblogs.org\/files\/2017\/05\/1.-TorbenBraga.jpg 490w, https:\/\/stadtlandvolk.noblogs.org\/files\/2017\/05\/1.-TorbenBraga-300x285.jpg 300w\" width=\"490\" height=\"466\"> <img loading=\"lazy\" decoding=\"async\" src=\"https:\/\/stadtlandvolk.noblogs.org\/files\/2017\/05\/2.-PhilippStein.jpg\" alt=\"\" srcset=\"https:\/\/stadtlandvolk.noblogs.org\/files\/2017\/05\/2.-PhilippStein.jpg 545w, https:\/\/stadtlandvolk.noblogs.org\/files\/2017\/05\/2.-PhilippStein-300x276.jpg 300w\" width=\"545\" height=\"501\"><\/p>\n\n\n\n<p class=\"has-medium-font-size\"><strong>Der erste \u00dcbergriff:<\/strong><\/p>\n\n\n\n<p>Kurz nachdem der von Torben Braga gefahrene Bus am Fotografen vorbei ist, macht sich ein vermummter aus der Einfahrt von Germanen und Rheinfranken auf\u2026<\/p>\n\n\n\n<figure class=\"wp-block-image\"><img decoding=\"async\" src=\"https:\/\/stadtlandvolk.noblogs.org\/files\/2017\/05\/3.-Ein-erster-Vermummter-kommt-aus-der-Einfahrt-von-Germanen-und-Reinfranken.jpg\" alt=\"\" class=\"wp-image-158\"\/><\/figure>\n\n\n\n<p>Um sogleich zu versuchen den Fotografen einzusch\u00fcchtern<img loading=\"lazy\" decoding=\"async\" src=\"https:\/\/stadtlandvolk.noblogs.org\/files\/2017\/05\/3.-Er-f\u00e4ngt-sofort-an-den-Fotographen-zu-bedrohen.jpg\" alt=\"\" srcset=\"https:\/\/stadtlandvolk.noblogs.org\/files\/2017\/05\/3.-Er-f\u00e4ngt-sofort-an-den-Fotographen-zu-bedrohen.jpg 4272w, https:\/\/stadtlandvolk.noblogs.org\/files\/2017\/05\/3.-Er-f\u00e4ngt-sofort-an-den-Fotographen-zu-bedrohen-300x200.jpg 300w, https:\/\/stadtlandvolk.noblogs.org\/files\/2017\/05\/3.-Er-f\u00e4ngt-sofort-an-den-Fotographen-zu-bedrohen-768x512.jpg 768w, https:\/\/stadtlandvolk.noblogs.org\/files\/2017\/05\/3.-Er-f\u00e4ngt-sofort-an-den-Fotographen-zu-bedrohen-1024x683.jpg 1024w\" width=\"4272\" height=\"2848\"><\/p>\n\n\n\n<p>Lars Roth und der Unbekannte2 stehen schon bereit, undeutlich ist schon zu erkennen, dass Roth mit einem Kn\u00fcppel bewaffnet ist:<img loading=\"lazy\" decoding=\"async\" src=\"https:\/\/stadtlandvolk.noblogs.org\/files\/2017\/05\/4.-Lars-Roth-steht-mit-einem-mutma\u00dflichen-weiteren-Rheinfranken-schon-bereit-Roths-Kn\u00fcppel-ist-schon-zu-erahnen.jpg\" alt=\"\" srcset=\"https:\/\/stadtlandvolk.noblogs.org\/files\/2017\/05\/4.-Lars-Roth-steht-mit-einem-mutma\u00dflichen-weiteren-Rheinfranken-schon-bereit-Roths-Kn\u00fcppel-ist-schon-zu-erahnen.jpg 4272w, https:\/\/stadtlandvolk.noblogs.org\/files\/2017\/05\/4.-Lars-Roth-steht-mit-einem-mutma\u00dflichen-weiteren-Rheinfranken-schon-bereit-Roths-Kn\u00fcppel-ist-schon-zu-erahnen-300x200.jpg 300w, https:\/\/stadtlandvolk.noblogs.org\/files\/2017\/05\/4.-Lars-Roth-steht-mit-einem-mutma\u00dflichen-weiteren-Rheinfranken-schon-bereit-Roths-Kn\u00fcppel-ist-schon-zu-erahnen-768x512.jpg 768w, https:\/\/stadtlandvolk.noblogs.org\/files\/2017\/05\/4.-Lars-Roth-steht-mit-einem-mutma\u00dflichen-weiteren-Rheinfranken-schon-bereit-Roths-Kn\u00fcppel-ist-schon-zu-erahnen-1024x683.jpg 1024w\" width=\"4272\" height=\"2848\"><\/p>\n\n\n\n<p>Einsch\u00fcchtern klappt nur nicht so gut, so dass er mit seinem Handy Hilfe herbeiruft:<img loading=\"lazy\" decoding=\"async\" src=\"https:\/\/stadtlandvolk.noblogs.org\/files\/2017\/05\/5.-w\u00e4hrend-Bragas-Bus-wartet-schreibt-der-vermummte-offensichtlich-mit-seinen-Kameraden.jpg\" alt=\"\" srcset=\"https:\/\/stadtlandvolk.noblogs.org\/files\/2017\/05\/5.-w\u00e4hrend-Bragas-Bus-wartet-schreibt-der-vermummte-offensichtlich-mit-seinen-Kameraden.jpg 4272w, https:\/\/stadtlandvolk.noblogs.org\/files\/2017\/05\/5.-w\u00e4hrend-Bragas-Bus-wartet-schreibt-der-vermummte-offensichtlich-mit-seinen-Kameraden-300x200.jpg 300w, https:\/\/stadtlandvolk.noblogs.org\/files\/2017\/05\/5.-w\u00e4hrend-Bragas-Bus-wartet-schreibt-der-vermummte-offensichtlich-mit-seinen-Kameraden-768x512.jpg 768w, https:\/\/stadtlandvolk.noblogs.org\/files\/2017\/05\/5.-w\u00e4hrend-Bragas-Bus-wartet-schreibt-der-vermummte-offensichtlich-mit-seinen-Kameraden-1024x683.jpg 1024w\" width=\"4272\" height=\"2848\"><\/p>\n\n\n\n<p>Und nun seinerseits beginnt den Fotografen abzufilmen:<img loading=\"lazy\" decoding=\"async\" src=\"https:\/\/stadtlandvolk.noblogs.org\/files\/2017\/05\/6.-ninjakappu-filmt-ab-kommt-wieder-vor.jpg\" alt=\"\" srcset=\"https:\/\/stadtlandvolk.noblogs.org\/files\/2017\/05\/6.-ninjakappu-filmt-ab-kommt-wieder-vor.jpg 4272w, https:\/\/stadtlandvolk.noblogs.org\/files\/2017\/05\/6.-ninjakappu-filmt-ab-kommt-wieder-vor-300x200.jpg 300w, https:\/\/stadtlandvolk.noblogs.org\/files\/2017\/05\/6.-ninjakappu-filmt-ab-kommt-wieder-vor-768x512.jpg 768w, https:\/\/stadtlandvolk.noblogs.org\/files\/2017\/05\/6.-ninjakappu-filmt-ab-kommt-wieder-vor-1024x683.jpg 1024w\" width=\"4272\" height=\"2848\"><\/p>\n\n\n\n<p>Kurz bevor der Fotograf attackiert wird, steigt Philipp Stein aus dem Bus und kommt sofort angerannt:<\/p>\n\n\n\n<figure class=\"wp-block-image\"><img decoding=\"async\" src=\"https:\/\/stadtlandvolk.noblogs.org\/files\/2017\/05\/8.-Philip-Stein-verl\u00e4sst-im-Hintergrund-den-Bus.jpg\" alt=\"\" class=\"wp-image-164\"\/><\/figure>\n\n\n\n<p>Aufgrund der akuten Bedrohungslage zieht der Fotograf sich zur\u00fcck:<img loading=\"lazy\" decoding=\"async\" src=\"https:\/\/stadtlandvolk.noblogs.org\/files\/2017\/05\/9.-aufgrund-der-akuten-Bedrohungslage-beginnt-der-Fotograph-sich-zur\u00fcckzuziehen-1.jpg\" alt=\"\" srcset=\"https:\/\/stadtlandvolk.noblogs.org\/files\/2017\/05\/9.-aufgrund-der-akuten-Bedrohungslage-beginnt-der-Fotograph-sich-zur\u00fcckzuziehen-1.jpg 1606w, https:\/\/stadtlandvolk.noblogs.org\/files\/2017\/05\/9.-aufgrund-der-akuten-Bedrohungslage-beginnt-der-Fotograph-sich-zur\u00fcckzuziehen-1-300x114.jpg 300w, https:\/\/stadtlandvolk.noblogs.org\/files\/2017\/05\/9.-aufgrund-der-akuten-Bedrohungslage-beginnt-der-Fotograph-sich-zur\u00fcckzuziehen-1-768x291.jpg 768w, https:\/\/stadtlandvolk.noblogs.org\/files\/2017\/05\/9.-aufgrund-der-akuten-Bedrohungslage-beginnt-der-Fotograph-sich-zur\u00fcckzuziehen-1-1024x388.jpg 1024w\" width=\"1606\" height=\"609\"> <img loading=\"lazy\" decoding=\"async\" src=\"https:\/\/stadtlandvolk.noblogs.org\/files\/2017\/05\/11.-denn-er-wird-von-einem-vermummten-bedroht-und-verfolgt-1.jpg\" alt=\"\" srcset=\"https:\/\/stadtlandvolk.noblogs.org\/files\/2017\/05\/11.-denn-er-wird-von-einem-vermummten-bedroht-und-verfolgt-1.jpg 1448w, https:\/\/stadtlandvolk.noblogs.org\/files\/2017\/05\/11.-denn-er-wird-von-einem-vermummten-bedroht-und-verfolgt-1-300x116.jpg 300w, https:\/\/stadtlandvolk.noblogs.org\/files\/2017\/05\/11.-denn-er-wird-von-einem-vermummten-bedroht-und-verfolgt-1-768x296.jpg 768w, https:\/\/stadtlandvolk.noblogs.org\/files\/2017\/05\/11.-denn-er-wird-von-einem-vermummten-bedroht-und-verfolgt-1-1024x395.jpg 1024w\" width=\"1448\" height=\"559\"><\/p>\n\n\n\n<p>Doch der vermummte und Stein und kurz darauf auch Roth und der Unbekannte2 setzen ihm nach:<\/p>\n\n\n\n<figure class=\"wp-block-image\"><img decoding=\"async\" src=\"https:\/\/stadtlandvolk.noblogs.org\/files\/2017\/05\/12.-der-Fotograph-wurde-hier-gerade-ertmals-attackiert-Stein-eilt-herbei-um-seinen-Kameraden-zu-unterst\u00fctzen.jpg\" alt=\"\" class=\"wp-image-168\"\/><\/figure>\n\n\n\n<figure class=\"wp-block-image\"><img decoding=\"async\" src=\"https:\/\/stadtlandvolk.noblogs.org\/files\/2017\/05\/13.-Alle-kommen-nun-vor.jpg\" alt=\"\" class=\"wp-image-169\"\/><\/figure>\n\n\n\n<p>Kann aber fliehen:<img loading=\"lazy\" decoding=\"async\" src=\"https:\/\/stadtlandvolk.noblogs.org\/files\/2017\/05\/14.-sie-setzen-dem-Fotographen-nach.jpg\" alt=\"\" srcset=\"https:\/\/stadtlandvolk.noblogs.org\/files\/2017\/05\/14.-sie-setzen-dem-Fotographen-nach.jpg 839w, https:\/\/stadtlandvolk.noblogs.org\/files\/2017\/05\/14.-sie-setzen-dem-Fotographen-nach-300x115.jpg 300w, https:\/\/stadtlandvolk.noblogs.org\/files\/2017\/05\/14.-sie-setzen-dem-Fotographen-nach-768x296.jpg 768w\" width=\"839\" height=\"323\"><\/p>\n\n\n\n<p>Stein in eindeutiger Geste \u2013 er hat wohl ziemlich Bock:<img loading=\"lazy\" decoding=\"async\" src=\"https:\/\/stadtlandvolk.noblogs.org\/files\/2017\/05\/16.-Stein-hat-Bock-1.jpg\" alt=\"\" srcset=\"https:\/\/stadtlandvolk.noblogs.org\/files\/2017\/05\/16.-Stein-hat-Bock-1.jpg 1424w, https:\/\/stadtlandvolk.noblogs.org\/files\/2017\/05\/16.-Stein-hat-Bock-1-300x145.jpg 300w, https:\/\/stadtlandvolk.noblogs.org\/files\/2017\/05\/16.-Stein-hat-Bock-1-768x370.jpg 768w, https:\/\/stadtlandvolk.noblogs.org\/files\/2017\/05\/16.-Stein-hat-Bock-1-1024x493.jpg 1024w\" width=\"1424\" height=\"686\"><\/p>\n\n\n\n<p>Roth mit Kn\u00fcppel, der Unbekannte2 im wei\u00dfen Hemd setzt hier an um dem Fotografen den Weg abzuschneiden:<img loading=\"lazy\" decoding=\"async\" src=\"https:\/\/stadtlandvolk.noblogs.org\/files\/2017\/05\/15.-Roth-mit-Kn\u00fcppel-das-Wei\u00dfhemd-setzt-an-dem-Fotographen-den-Weg-abzuschneiden.jpg\" alt=\"\" srcset=\"https:\/\/stadtlandvolk.noblogs.org\/files\/2017\/05\/15.-Roth-mit-Kn\u00fcppel-das-Wei\u00dfhemd-setzt-an-dem-Fotographen-den-Weg-abzuschneiden.jpg 4272w, https:\/\/stadtlandvolk.noblogs.org\/files\/2017\/05\/15.-Roth-mit-Kn\u00fcppel-das-Wei\u00dfhemd-setzt-an-dem-Fotographen-den-Weg-abzuschneiden-300x200.jpg 300w, https:\/\/stadtlandvolk.noblogs.org\/files\/2017\/05\/15.-Roth-mit-Kn\u00fcppel-das-Wei\u00dfhemd-setzt-an-dem-Fotographen-den-Weg-abzuschneiden-768x512.jpg 768w, https:\/\/stadtlandvolk.noblogs.org\/files\/2017\/05\/15.-Roth-mit-Kn\u00fcppel-das-Wei\u00dfhemd-setzt-an-dem-Fotographen-den-Weg-abzuschneiden-1024x683.jpg 1024w\" width=\"4272\" height=\"2848\"><\/p>\n\n\n\n<p>Der Rest versucht noch zu folgen:<img loading=\"lazy\" decoding=\"async\" src=\"https:\/\/stadtlandvolk.noblogs.org\/files\/2017\/05\/17.-sie-setzen-zur-verfolgung-des-fotographen-an.jpg\" alt=\"\" srcset=\"https:\/\/stadtlandvolk.noblogs.org\/files\/2017\/05\/17.-sie-setzen-zur-verfolgung-des-fotographen-an.jpg 734w, https:\/\/stadtlandvolk.noblogs.org\/files\/2017\/05\/17.-sie-setzen-zur-verfolgung-des-fotographen-an-300x133.jpg 300w\" width=\"734\" height=\"325\"><\/p>\n\n\n\n<p>Bricht aber ab:<img loading=\"lazy\" decoding=\"async\" src=\"https:\/\/stadtlandvolk.noblogs.org\/files\/2017\/05\/20.-stein-freut-sich-roth-im-bild.jpg\" alt=\"\" srcset=\"https:\/\/stadtlandvolk.noblogs.org\/files\/2017\/05\/20.-stein-freut-sich-roth-im-bild.jpg 1564w, https:\/\/stadtlandvolk.noblogs.org\/files\/2017\/05\/20.-stein-freut-sich-roth-im-bild-300x118.jpg 300w, https:\/\/stadtlandvolk.noblogs.org\/files\/2017\/05\/20.-stein-freut-sich-roth-im-bild-768x303.jpg 768w, https:\/\/stadtlandvolk.noblogs.org\/files\/2017\/05\/20.-stein-freut-sich-roth-im-bild-1024x404.jpg 1024w\" width=\"1564\" height=\"617\"><\/p>\n\n\n\n<p>Auf diese kleine Hetzjagd klatschen die beiden erstmal ab:<img loading=\"lazy\" decoding=\"async\" src=\"https:\/\/stadtlandvolk.noblogs.org\/files\/2017\/05\/20.-stein-und-ninjakappuotto-klatschen-sich-ab-nach-dieser-gelungen-hetzjagd-auf-journalisten.jpg\" alt=\"\" srcset=\"https:\/\/stadtlandvolk.noblogs.org\/files\/2017\/05\/20.-stein-und-ninjakappuotto-klatschen-sich-ab-nach-dieser-gelungen-hetzjagd-auf-journalisten.jpg 630w, https:\/\/stadtlandvolk.noblogs.org\/files\/2017\/05\/20.-stein-und-ninjakappuotto-klatschen-sich-ab-nach-dieser-gelungen-hetzjagd-auf-journalisten-300x210.jpg 300w\" width=\"630\" height=\"440\"><\/p>\n\n\n\n<p>Und nat\u00fcrlich geben sich auch Stein und Roth die Hand:&nbsp; <img loading=\"lazy\" decoding=\"async\" src=\"https:\/\/stadtlandvolk.noblogs.org\/files\/2017\/05\/22.-wird-auch-lars-roth-mit-handschlag-begr\u00fc\u00dft.jpg\" alt=\"\" srcset=\"https:\/\/stadtlandvolk.noblogs.org\/files\/2017\/05\/22.-wird-auch-lars-roth-mit-handschlag-begr\u00fc\u00dft.jpg 528w, https:\/\/stadtlandvolk.noblogs.org\/files\/2017\/05\/22.-wird-auch-lars-roth-mit-handschlag-begr\u00fc\u00dft-300x252.jpg 300w\" width=\"528\" height=\"443\"><\/p>\n\n\n\n<p>Kurze Zeit sp\u00e4ter kommt auch der Unbekannte2 im wei\u00dfen Hemd zur\u00fcck, das Wegabschneiden war anscheinend erfolglos:<img loading=\"lazy\" decoding=\"async\" src=\"https:\/\/stadtlandvolk.noblogs.org\/files\/2017\/05\/23.-kurze-zeit-sp\u00e4ter-1.jpg\" alt=\"\" srcset=\"https:\/\/stadtlandvolk.noblogs.org\/files\/2017\/05\/23.-kurze-zeit-sp\u00e4ter-1.jpg 1063w, https:\/\/stadtlandvolk.noblogs.org\/files\/2017\/05\/23.-kurze-zeit-sp\u00e4ter-1-300x134.jpg 300w, https:\/\/stadtlandvolk.noblogs.org\/files\/2017\/05\/23.-kurze-zeit-sp\u00e4ter-1-768x343.jpg 768w, https:\/\/stadtlandvolk.noblogs.org\/files\/2017\/05\/23.-kurze-zeit-sp\u00e4ter-1-1024x458.jpg 1024w\" width=\"1063\" height=\"475\"> <img loading=\"lazy\" decoding=\"async\" src=\"https:\/\/stadtlandvolk.noblogs.org\/files\/2017\/05\/24.-kommt-auch-die-glatze-wieder-zur\u00fcck-die-angesetzt-hatte-dem-fotographen-den-weg-abzuschneiden.jpg\" alt=\"\" srcset=\"https:\/\/stadtlandvolk.noblogs.org\/files\/2017\/05\/24.-kommt-auch-die-glatze-wieder-zur\u00fcck-die-angesetzt-hatte-dem-fotographen-den-weg-abzuschneiden.jpg 966w, https:\/\/stadtlandvolk.noblogs.org\/files\/2017\/05\/24.-kommt-auch-die-glatze-wieder-zur\u00fcck-die-angesetzt-hatte-dem-fotographen-den-weg-abzuschneiden-300x128.jpg 300w, https:\/\/stadtlandvolk.noblogs.org\/files\/2017\/05\/24.-kommt-auch-die-glatze-wieder-zur\u00fcck-die-angesetzt-hatte-dem-fotographen-den-weg-abzuschneiden-768x327.jpg 768w\" width=\"966\" height=\"411\"><\/p>\n\n\n\n<p>Auch er war bewaffnet, mit einem Teleskopschlagstock:<img loading=\"lazy\" decoding=\"async\" src=\"https:\/\/stadtlandvolk.noblogs.org\/files\/2017\/05\/25.-Was-auf-den-vorherigen-Fotos-nicht-zu-erkennen-war-er-ist-mit-einem-Teleskopschlagstock-bewaffnet-2.jpg\" alt=\"\" srcset=\"https:\/\/stadtlandvolk.noblogs.org\/files\/2017\/05\/25.-Was-auf-den-vorherigen-Fotos-nicht-zu-erkennen-war-er-ist-mit-einem-Teleskopschlagstock-bewaffnet-2.jpg 650w, https:\/\/stadtlandvolk.noblogs.org\/files\/2017\/05\/25.-Was-auf-den-vorherigen-Fotos-nicht-zu-erkennen-war-er-ist-mit-einem-Teleskopschlagstock-bewaffnet-2-283x300.jpg 283w\" width=\"650\" height=\"689\"><\/p>\n\n\n\n<h1 class=\"wp-block-heading\">Der 2. \u00dcbergriff, wenige Minuten sp\u00e4ter:<\/h1>\n\n\n\n<p>Diese Fotos entstanden wenige Minuten nachdem ersten Angriff<\/p>\n\n\n\n<p>Benjamin Haasis (<a href=\"https:\/\/linksunten.indymedia.org\/image\/198235.jpg\">posiert gerne vor Hakenkreuzfahnen<\/a>)<img loading=\"lazy\" decoding=\"async\" src=\"https:\/\/stadtlandvolk.noblogs.org\/files\/2017\/05\/1.-Benjamin-Haasis-l\u00fcmmelt-in-der-LS-rum.jpg\" alt=\"\" srcset=\"https:\/\/stadtlandvolk.noblogs.org\/files\/2017\/05\/1.-Benjamin-Haasis-l\u00fcmmelt-in-der-LS-rum.jpg 3872w, https:\/\/stadtlandvolk.noblogs.org\/files\/2017\/05\/1.-Benjamin-Haasis-l\u00fcmmelt-in-der-LS-rum-300x201.jpg 300w, https:\/\/stadtlandvolk.noblogs.org\/files\/2017\/05\/1.-Benjamin-Haasis-l\u00fcmmelt-in-der-LS-rum-768x514.jpg 768w, https:\/\/stadtlandvolk.noblogs.org\/files\/2017\/05\/1.-Benjamin-Haasis-l\u00fcmmelt-in-der-LS-rum-1024x685.jpg 1024w\" width=\"3872\" height=\"2592\"><\/p>\n\n\n\n<p>Zusammen mit Lars Roth und einem weiteren Unbekannten versuchten sie auch hier Antifaschist*innen einzusch\u00fcchtern, entschieden sich jedoch erstmal zum R\u00fcckzug:<img loading=\"lazy\" decoding=\"async\" src=\"https:\/\/stadtlandvolk.noblogs.org\/files\/2017\/05\/2.-Haasis-Roth-und-ubk2.jpg\" alt=\"\" srcset=\"https:\/\/stadtlandvolk.noblogs.org\/files\/2017\/05\/2.-Haasis-Roth-und-ubk2.jpg 3872w, https:\/\/stadtlandvolk.noblogs.org\/files\/2017\/05\/2.-Haasis-Roth-und-ubk2-300x201.jpg 300w, https:\/\/stadtlandvolk.noblogs.org\/files\/2017\/05\/2.-Haasis-Roth-und-ubk2-768x514.jpg 768w, https:\/\/stadtlandvolk.noblogs.org\/files\/2017\/05\/2.-Haasis-Roth-und-ubk2-1024x685.jpg 1024w\" width=\"3872\" height=\"2592\"><\/p>\n\n\n\n<p>Lars Roth, immer noch mit Kn\u00fcppel bewaffnet<img loading=\"lazy\" decoding=\"async\" src=\"https:\/\/stadtlandvolk.noblogs.org\/files\/2017\/05\/3.-schon-hier-hat-roth-einen-kn\u00fcppel-dabei.jpg\" alt=\"\" srcset=\"https:\/\/stadtlandvolk.noblogs.org\/files\/2017\/05\/3.-schon-hier-hat-roth-einen-kn\u00fcppel-dabei.jpg 973w, https:\/\/stadtlandvolk.noblogs.org\/files\/2017\/05\/3.-schon-hier-hat-roth-einen-kn\u00fcppel-dabei-300x169.jpg 300w, https:\/\/stadtlandvolk.noblogs.org\/files\/2017\/05\/3.-schon-hier-hat-roth-einen-kn\u00fcppel-dabei-768x433.jpg 768w\" width=\"973\" height=\"548\"><\/p>\n\n\n\n<p>durchs Geb\u00fcsch zur\u00fcck zum Germanenhaus<img loading=\"lazy\" decoding=\"async\" src=\"https:\/\/stadtlandvolk.noblogs.org\/files\/2017\/05\/4.-Roth-und-Co.-ziehen-sich-zum-Rheinfrankengrundst\u00fcck-zur\u00fcck.jpg\" alt=\"\" srcset=\"https:\/\/stadtlandvolk.noblogs.org\/files\/2017\/05\/4.-Roth-und-Co.-ziehen-sich-zum-Rheinfrankengrundst\u00fcck-zur\u00fcck.jpg 3872w, https:\/\/stadtlandvolk.noblogs.org\/files\/2017\/05\/4.-Roth-und-Co.-ziehen-sich-zum-Rheinfrankengrundst\u00fcck-zur\u00fcck-300x201.jpg 300w, https:\/\/stadtlandvolk.noblogs.org\/files\/2017\/05\/4.-Roth-und-Co.-ziehen-sich-zum-Rheinfrankengrundst\u00fcck-zur\u00fcck-768x514.jpg 768w, https:\/\/stadtlandvolk.noblogs.org\/files\/2017\/05\/4.-Roth-und-Co.-ziehen-sich-zum-Rheinfrankengrundst\u00fcck-zur\u00fcck-1024x685.jpg 1024w\" width=\"3872\" height=\"2592\"><\/p>\n\n\n\n<p>Kurz danach wurde es ziemlich hektisch auf dem Germanenhaus, als etwa 10 junge M\u00e4nner die Einfahrt herunterkamen sich dort versammelt und sogleich vermummten. <img loading=\"lazy\" decoding=\"async\" src=\"https:\/\/stadtlandvolk.noblogs.org\/files\/2017\/05\/5.-Grp-flieht.jpg\" alt=\"\" srcset=\"https:\/\/stadtlandvolk.noblogs.org\/files\/2017\/05\/5.-Grp-flieht.jpg 1618w, https:\/\/stadtlandvolk.noblogs.org\/files\/2017\/05\/5.-Grp-flieht-300x134.jpg 300w, https:\/\/stadtlandvolk.noblogs.org\/files\/2017\/05\/5.-Grp-flieht-768x342.jpg 768w, https:\/\/stadtlandvolk.noblogs.org\/files\/2017\/05\/5.-Grp-flieht-1024x456.jpg 1024w\" width=\"1618\" height=\"721\"><\/p>\n\n\n\n<p>Sie fackelten nicht lange und st\u00fcrmten auf die Fotografierenden zu.<img loading=\"lazy\" decoding=\"async\" src=\"https:\/\/stadtlandvolk.noblogs.org\/files\/2017\/05\/6.jpg\" alt=\"\" srcset=\"https:\/\/stadtlandvolk.noblogs.org\/files\/2017\/05\/6.jpg 1618w, https:\/\/stadtlandvolk.noblogs.org\/files\/2017\/05\/6-300x134.jpg 300w, https:\/\/stadtlandvolk.noblogs.org\/files\/2017\/05\/6-768x342.jpg 768w, https:\/\/stadtlandvolk.noblogs.org\/files\/2017\/05\/6-1024x456.jpg 1024w\" width=\"1618\" height=\"721\">Es folgen Jagdszenen:<img loading=\"lazy\" decoding=\"async\" src=\"https:\/\/stadtlandvolk.noblogs.org\/files\/2017\/05\/7.-ubk1-kommt-als-erster-hinterher.jpg\" alt=\"\" srcset=\"https:\/\/stadtlandvolk.noblogs.org\/files\/2017\/05\/7.-ubk1-kommt-als-erster-hinterher.jpg 1618w, https:\/\/stadtlandvolk.noblogs.org\/files\/2017\/05\/7.-ubk1-kommt-als-erster-hinterher-300x134.jpg 300w, https:\/\/stadtlandvolk.noblogs.org\/files\/2017\/05\/7.-ubk1-kommt-als-erster-hinterher-768x342.jpg 768w, https:\/\/stadtlandvolk.noblogs.org\/files\/2017\/05\/7.-ubk1-kommt-als-erster-hinterher-1024x456.jpg 1024w\" width=\"1618\" height=\"721\"><\/p>\n\n\n\n<figure class=\"wp-block-image\"><img decoding=\"async\" src=\"https:\/\/stadtlandvolk.noblogs.org\/files\/2017\/05\/8.-ninja-und-kolb-kommen-hinterher.jpg\" alt=\"\" class=\"wp-image-189\"\/><\/figure>\n\n\n\n<figure class=\"wp-block-image\"><img decoding=\"async\" src=\"https:\/\/stadtlandvolk.noblogs.org\/files\/2017\/05\/9.-Philip-Stein-kommt-hinterher.jpg\" alt=\"\" class=\"wp-image-190\"\/><\/figure>\n\n\n\n<figure class=\"wp-block-image\"><img decoding=\"async\" src=\"https:\/\/stadtlandvolk.noblogs.org\/files\/2017\/05\/10.-ubk-2-glatze-kommt-hinterher.jpg\" alt=\"\" class=\"wp-image-191\"\/><\/figure>\n\n\n\n<p>Dies war nicht die komplette Gruppe, einige weitere versuchten auch in dieser Situation den Antifaschist*innen den Weg abzuschneiden<\/p>\n\n\n\n<p>Es kam zu einer Konfrontation, in der die vermummte Gruppe Pfefferspray einsetzte; wird hier aus der Tasche gezogen.<\/p>\n\n\n\n<figure class=\"wp-block-image\"><img decoding=\"async\" src=\"https:\/\/stadtlandvolk.noblogs.org\/files\/2017\/05\/11.-kolb-zieht-ein-pfefferspray-aus-der-tasche.jpg\" alt=\"\" class=\"wp-image-192\"\/><\/figure>\n\n\n\n<p>Aber auch anderweitig wurde mehrfach versucht die Fotografierenden zu attackieren. <img loading=\"lazy\" decoding=\"async\" src=\"https:\/\/stadtlandvolk.noblogs.org\/files\/2017\/05\/12.-mit-diesem-wird-die-gruppe-kurz-darauf-attackiert.jpg\" alt=\"\" srcset=\"https:\/\/stadtlandvolk.noblogs.org\/files\/2017\/05\/12.-mit-diesem-wird-die-gruppe-kurz-darauf-attackiert.jpg 3872w, https:\/\/stadtlandvolk.noblogs.org\/files\/2017\/05\/12.-mit-diesem-wird-die-gruppe-kurz-darauf-attackiert-300x201.jpg 300w, https:\/\/stadtlandvolk.noblogs.org\/files\/2017\/05\/12.-mit-diesem-wird-die-gruppe-kurz-darauf-attackiert-768x514.jpg 768w, https:\/\/stadtlandvolk.noblogs.org\/files\/2017\/05\/12.-mit-diesem-wird-die-gruppe-kurz-darauf-attackiert-1024x685.jpg 1024w\" width=\"3872\" height=\"2592\"><\/p>\n\n\n\n<p>Kurze Zeit sp\u00e4ter kommen sie wieder hoch<\/p>\n\n\n\n<figure class=\"wp-block-image\"><img decoding=\"async\" src=\"https:\/\/stadtlandvolk.noblogs.org\/files\/2017\/05\/13.-die-angreifer-kommen-wieder-hoch.jpg\" alt=\"\" class=\"wp-image-194\"\/><\/figure>\n\n\n\n<p>Als sie in Reichweite der Kamera kommen entmummen sie sich dankenswerterweise nacheinander, Philipp Stein macht den Anfang<img loading=\"lazy\" decoding=\"async\" src=\"https:\/\/stadtlandvolk.noblogs.org\/files\/2017\/05\/14.-Stein-entmummt-sich.jpg\" alt=\"\" srcset=\"https:\/\/stadtlandvolk.noblogs.org\/files\/2017\/05\/14.-Stein-entmummt-sich.jpg 1274w, https:\/\/stadtlandvolk.noblogs.org\/files\/2017\/05\/14.-Stein-entmummt-sich-300x145.jpg 300w, https:\/\/stadtlandvolk.noblogs.org\/files\/2017\/05\/14.-Stein-entmummt-sich-768x370.jpg 768w, https:\/\/stadtlandvolk.noblogs.org\/files\/2017\/05\/14.-Stein-entmummt-sich-1024x494.jpg 1024w\" width=\"1274\" height=\"614\"><\/p>\n\n\n\n<p>Es folgen die beiden unbekannten<img loading=\"lazy\" decoding=\"async\" src=\"https:\/\/stadtlandvolk.noblogs.org\/files\/2017\/05\/15.-laufen-zur\u00fcck.jpg\" alt=\"\" srcset=\"https:\/\/stadtlandvolk.noblogs.org\/files\/2017\/05\/15.-laufen-zur\u00fcck.jpg 1506w, https:\/\/stadtlandvolk.noblogs.org\/files\/2017\/05\/15.-laufen-zur\u00fcck-300x90.jpg 300w, https:\/\/stadtlandvolk.noblogs.org\/files\/2017\/05\/15.-laufen-zur\u00fcck-768x229.jpg 768w, https:\/\/stadtlandvolk.noblogs.org\/files\/2017\/05\/15.-laufen-zur\u00fcck-1024x306.jpg 1024w\" width=\"1506\" height=\"450\"><\/p>\n\n\n\n<p>Und zuletzt auch:<img loading=\"lazy\" decoding=\"async\" src=\"https:\/\/stadtlandvolk.noblogs.org\/files\/2017\/05\/16.-Und-unter-dieser-Sturmhaube-1.jpg\" alt=\"\" srcset=\"https:\/\/stadtlandvolk.noblogs.org\/files\/2017\/05\/16.-Und-unter-dieser-Sturmhaube-1.jpg 1581w, https:\/\/stadtlandvolk.noblogs.org\/files\/2017\/05\/16.-Und-unter-dieser-Sturmhaube-1-300x125.jpg 300w, https:\/\/stadtlandvolk.noblogs.org\/files\/2017\/05\/16.-Und-unter-dieser-Sturmhaube-1-768x321.jpg 768w, https:\/\/stadtlandvolk.noblogs.org\/files\/2017\/05\/16.-Und-unter-dieser-Sturmhaube-1-1024x427.jpg 1024w\" width=\"1581\" height=\"660\"><\/p>\n\n\n\n<p>Max Kolb, Sprecher der Burschenschaft Germania Marburg, Beisitzer im Vorstand der JA-Hessen und Kommunalwahlkandidat auf der Liste der AfD-Homberg\/Efze (f\u00fcr die sein Vater auch im Kreistag sitzt)<img loading=\"lazy\" decoding=\"async\" src=\"https:\/\/stadtlandvolk.noblogs.org\/files\/2017\/05\/17.-steckt-Max-Kolb-1.jpg\" alt=\"\" srcset=\"https:\/\/stadtlandvolk.noblogs.org\/files\/2017\/05\/17.-steckt-Max-Kolb-1.jpg 1747w, https:\/\/stadtlandvolk.noblogs.org\/files\/2017\/05\/17.-steckt-Max-Kolb-1-300x133.jpg 300w, https:\/\/stadtlandvolk.noblogs.org\/files\/2017\/05\/17.-steckt-Max-Kolb-1-768x341.jpg 768w, https:\/\/stadtlandvolk.noblogs.org\/files\/2017\/05\/17.-steckt-Max-Kolb-1-1024x455.jpg 1024w\" width=\"1747\" height=\"776\"><img loading=\"lazy\" decoding=\"async\" src=\"https:\/\/stadtlandvolk.noblogs.org\/files\/2017\/05\/18.-stein-und-kolb-von-nah.jpg\" alt=\"\" srcset=\"https:\/\/stadtlandvolk.noblogs.org\/files\/2017\/05\/18.-stein-und-kolb-von-nah.jpg 1615w, https:\/\/stadtlandvolk.noblogs.org\/files\/2017\/05\/18.-stein-und-kolb-von-nah-300x124.jpg 300w, https:\/\/stadtlandvolk.noblogs.org\/files\/2017\/05\/18.-stein-und-kolb-von-nah-768x318.jpg 768w, https:\/\/stadtlandvolk.noblogs.org\/files\/2017\/05\/18.-stein-und-kolb-von-nah-1024x424.jpg 1024w\" width=\"1615\" height=\"669\"><\/p>\n\n\n\n<p>Weiter anwesende Personen:<\/p>\n\n\n\n<p>Unbekannter alter Mann<img loading=\"lazy\" decoding=\"async\" src=\"https:\/\/stadtlandvolk.noblogs.org\/files\/2017\/05\/alter-mann.jpg\" alt=\"\" srcset=\"https:\/\/stadtlandvolk.noblogs.org\/files\/2017\/05\/alter-mann.jpg 511w, https:\/\/stadtlandvolk.noblogs.org\/files\/2017\/05\/alter-mann-300x283.jpg 300w\" width=\"511\" height=\"482\"><\/p>\n\n\n\n<p>Dominik Claasen (Stellvertretender JA-Landesvorsitzender) auf dem Beifahrersitz<img loading=\"lazy\" decoding=\"async\" src=\"https:\/\/stadtlandvolk.noblogs.org\/files\/2017\/05\/dominik-claasen.jpg\" alt=\"\" srcset=\"https:\/\/stadtlandvolk.noblogs.org\/files\/2017\/05\/dominik-claasen.jpg 1160w, https:\/\/stadtlandvolk.noblogs.org\/files\/2017\/05\/dominik-claasen-300x133.jpg 300w, https:\/\/stadtlandvolk.noblogs.org\/files\/2017\/05\/dominik-claasen-768x342.jpg 768w, https:\/\/stadtlandvolk.noblogs.org\/files\/2017\/05\/dominik-claasen-1024x456.jpg 1024w\" width=\"1160\" height=\"516\"><\/p>\n\n\n\n<p>Andreas Lichert (AfD-Landesvorstand Hessen)<img loading=\"lazy\" decoding=\"async\" src=\"https:\/\/stadtlandvolk.noblogs.org\/files\/2017\/05\/Andreas-Lichert.jpg\" alt=\"\" srcset=\"https:\/\/stadtlandvolk.noblogs.org\/files\/2017\/05\/Andreas-Lichert.jpg 738w, https:\/\/stadtlandvolk.noblogs.org\/files\/2017\/05\/Andreas-Lichert-300x283.jpg 300w\" width=\"738\" height=\"697\"><\/p>\n\n\n\n<p>Fabian Flecken (Co-Vorsitzender der JA-Hessen, Patriotische Plattform)<img loading=\"lazy\" decoding=\"async\" src=\"https:\/\/stadtlandvolk.noblogs.org\/files\/2017\/05\/Fabian-Flecken.jpg\" alt=\"\" srcset=\"https:\/\/stadtlandvolk.noblogs.org\/files\/2017\/05\/Fabian-Flecken.jpg 964w, https:\/\/stadtlandvolk.noblogs.org\/files\/2017\/05\/Fabian-Flecken-300x241.jpg 300w, https:\/\/stadtlandvolk.noblogs.org\/files\/2017\/05\/Fabian-Flecken-768x616.jpg 768w\" width=\"964\" height=\"773\">Simon B\u00fcssing, ehemaliger Sprecher der Burschenschaft Arminia Marburg und Vorsitzender der JA-Marburg<\/p>\n\n\n\n<figure class=\"wp-block-image\"><img decoding=\"async\" src=\"https:\/\/stadtlandvolk.noblogs.org\/files\/2017\/05\/Simon-B\u00fcssing.jpg\" alt=\"\" class=\"wp-image-205\"\/><\/figure>\n\n\n\n<p>unbekannt<\/p>\n\n\n\n<figure class=\"wp-block-image\"><img decoding=\"async\" src=\"https:\/\/stadtlandvolk.noblogs.org\/files\/2017\/05\/schwarzwei\u00dfrot.jpg\" alt=\"\" class=\"wp-image-204\"\/><\/figure>\n\n\n\n<p>Zusammengefasst: Die JA-Hessen paktiert also ganz offen mit einer Vereinigung, die sich ganz selbstverst\u00e4ndlich als \u201erechtsradikal\u201c (so Stein im oben verlinkten Zeit Artikel) versteht und netzwerkt munter mit Personen, die Kontakte zu allerlei offen faschistisch oder v\u00f6lkisch gesinnten Gruppen haben, bis hin in die militante Neonaziszene. Dar\u00fcberhinaus wird das Treffen vermutlich genutzt um einen weiteren Ableger der faschistischen Identit\u00e4ren Bewegung zu gr\u00fcnden.<\/p>\n\n\n\n<p>Und zu guter Letzt werden dort, w\u00e4hrend der Anreise der hochrangigen JA- und AfD-Funktion\u00e4re mehrfach kritische Beobachter angegriffen und zwar koordiniert, vermummt und bewaffnet, unter federf\u00fchrender Beteiligung von JA- und AfD-Funktion\u00e4ren!<\/p>\n","protected":false},"excerpt":{"rendered":"<p>Bewaffnete gewaltt\u00e4tige \u00dcbergriffe von Naziburschen und AfD-Funktion\u00e4ren \u2013 Gr\u00fcndung der IB-Ortsgruppe Marburg In Marburg haben Antifaschist_innen den Landeskongress der Jungen Alternative Hessen dokumentiert. Die Veranstaltung fand in der Lutherstra\u00dfe 3 auf dem Haus der Burschenschaft Germania Marburg statt. Anwesend waren neben den JA Vertreter_innen auch Torben Braga (AfD T\u00fchringen und Berater von Bj\u00f6rn H\u00f6cke), welcher mit Philipp Stein (EinProzent Bewegung) angereist war. Die gewaltt\u00e4tigen \u00dcbergriffe waren aber wom\u00f6glich nicht das einzige pikante Ereignis an diesem Tag. Wie EinProzent Bewegung, Identit\u00e4re Bewegung, JA, AfD und die Burschenschaft Germania Marburg verzahnt sind berichteten wir bereits, sowie auch \u00fcber die lokalen Verbindungen von Burschen zur JA Marburg. Am 29.4.2017 trafen sich auf dem Haus der Germania Marburg extrem Rechte Akteure aus dem AfD-Parteispektrum, wie auch au\u00dferparlamentarischen Zusammenh\u00e4ngen. Zwei Wochen sp\u00e4ter kam es in Marburg zu verschiedenen Aktionen einer sogenannten Ortsgruppe der IB in Marburg. Um 6 Uhr morgens posierten einige Faschisten auf dem Marburger Schloss mit einem Transparent, ein weiteres wurden an einer Lahnbr\u00fccke angebracht. Gestaltet wurden die IB Transparente in den selben R\u00e4umen in welchen sich noch am 29.4. die JA Hessen zu ihrem Landeskongress traf, im Haus der Germania Marburg (wenn man sich den Boden auf den beiden folgenden Bildern anschaut, [&#8230;]<\/p>\n","protected":false},"author":1,"featured_media":145,"comment_status":"closed","ping_status":"open","sticky":false,"template":"","format":"standard","meta":{"footnotes":""},"categories":[41],"tags":[61,20,77,24,11,78,40,33,27,19,75,53,51,74,76,38,37,39,14,42,60],"class_list":["post-143","post","type-post","status-publish","format-standard","has-post-thumbnail","hentry","category-artikel-2017","tag-afd-thueringen","tag-andreas-lichert","tag-benjamin-haasis","tag-bjoern-hoecke","tag-deutsche-burschenschaft","tag-dominik-claasen","tag-einprozent","tag-fabian-flecken","tag-identitaere","tag-jan-nolte","tag-jochen-roos","tag-junge-alternative-hessen","tag-junge-alternative-marburg-biedenkopf","tag-lars-roth","tag-luis-wehweck","tag-marburger-burschenschaft-germania","tag-maximilian-kolb","tag-philip-stein","tag-rheinfranken-marburg","tag-simon-buessing","tag-torben-braga"],"_links":{"self":[{"href":"https:\/\/stadtlandvolk.net\/index.php?rest_route=\/wp\/v2\/posts\/143","targetHints":{"allow":["GET"]}}],"collection":[{"href":"https:\/\/stadtlandvolk.net\/index.php?rest_route=\/wp\/v2\/posts"}],"about":[{"href":"https:\/\/stadtlandvolk.net\/index.php?rest_route=\/wp\/v2\/types\/post"}],"author":[{"embeddable":true,"href":"https:\/\/stadtlandvolk.net\/index.php?rest_route=\/wp\/v2\/users\/1"}],"replies":[{"embeddable":true,"href":"https:\/\/stadtlandvolk.net\/index.php?rest_route=%2Fwp%2Fv2%2Fcomments&post=143"}],"version-history":[{"count":4,"href":"https:\/\/stadtlandvolk.net\/index.php?rest_route=\/wp\/v2\/posts\/143\/revisions"}],"predecessor-version":[{"id":358,"href":"https:\/\/stadtlandvolk.net\/index.php?rest_route=\/wp\/v2\/posts\/143\/revisions\/358"}],"wp:featuredmedia":[{"embeddable":true,"href":"https:\/\/stadtlandvolk.net\/index.php?rest_route=\/wp\/v2\/media\/145"}],"wp:attachment":[{"href":"https:\/\/stadtlandvolk.net\/index.php?rest_route=%2Fwp%2Fv2%2Fmedia&parent=143"}],"wp:term":[{"taxonomy":"category","embeddable":true,"href":"https:\/\/stadtlandvolk.net\/index.php?rest_route=%2Fwp%2Fv2%2Fcategories&post=143"},{"taxonomy":"post_tag","embeddable":true,"href":"https:\/\/stadtlandvolk.net\/index.php?rest_route=%2Fwp%2Fv2%2Ftags&post=143"}],"curies":[{"name":"wp","href":"https:\/\/api.w.org\/{rel}","templated":true}]}}