{"id":139,"date":"2017-04-18T21:38:41","date_gmt":"2017-04-18T19:38:41","guid":{"rendered":"https:\/\/stadtlandvolk.net\/?p=139"},"modified":"2020-09-15T16:52:14","modified_gmt":"2020-09-15T14:52:14","slug":"die-burschenschaft-germania-marburg-und-ihr-extrem-rechtes-netzwerk","status":"publish","type":"post","link":"https:\/\/stadtlandvolk.net\/?p=139","title":{"rendered":"Die Burschenschaft Germania Marburg und ihr extrem Rechtes Netzwerk"},"content":{"rendered":"\n<figure class=\"wp-block-image\"><img decoding=\"async\" src=\"https:\/\/stadtlandvolk.noblogs.org\/files\/2017\/04\/germania.png\" alt=\"\" class=\"wp-image-130\"\/><\/figure>\n\n\n\n<p class=\"has-text-align-right\"><em>18.04.2017<\/em><\/p>\n\n\n\n<p><\/p>\n\n\n\n<p><em><strong>Bj\u00f6rn H\u00f6cke<\/strong><\/em><em> ist seit geraumer Zeit die Gallionsfigur des extrem rechten Fl\u00fcgels der <\/em><em><strong>Alternative f\u00fcr Deutschland<\/strong><\/em><em> (AfD). F\u00fcr ihn ist die Rolle der AfD die einer <\/em><em><strong>v\u00f6lkischen Bewegungspartei<\/strong><\/em><em>, weshalb er die Vernetzung mit Neonazis aktiv vorantreibt. Hierbei fallen immer wieder die Verbindungen zur <\/em><em><strong>Deutschen Burschenschaft<\/strong><\/em><em><strong>(DB)<\/strong><\/em><em> ins Auge. In verschiedenen St\u00e4dten kommt es zu einer <\/em><em><strong>Zusammenarbeit von Junger Alternative (JA), AfD, Identit\u00e4rer Bewegung<\/strong><\/em><em><strong>(IB) und DB<\/strong><\/em><em>.<\/em><\/p>\n\n\n\n<p>Diese Praxis zeigt sich beispielsweise in Hamburg, wo eine DB-Verbindung ihre R\u00e4ume der lokalen Gruppe der IB zur Verf\u00fcgung stellt, wobei mit dieser ebenso viele Doppelmitgliedschaften bestehen, wie mit der JA. Oder der Fall der Burschenschaft Danubia M\u00fcnchen, welche sogar f\u00fcr den Verfassungsschutz als rechtsextrem gilt, w\u00e4hrend ihre Mitglieder immer wieder Rollen in JA und AfD einnehmen. So auch Benjamin Nolte, der aufgrund seiner \u00f6ffentlichen rassistischen \u00c4u\u00dferungen seinen Posten im Bundesvorstand der JA 2014 r\u00e4umte.<\/p>\n\n\n\n<p>Die Verbindungen der AfD und JA zu Naziburschenschaften sind auch in Hessen keine Einzelf\u00e4lle. Im Folgenden wollen wir dies am Beispiel der <strong>Marburger Burschenschaft Germania<\/strong> aufzeigen.<\/p>\n\n\n\n<p>Auf dem Burschentag in Eisenach 2015 sprach der langj\u00e4hrige Gef\u00e4hrte von Bj\u00f6rn H\u00f6cke, <strong>G\u00f6tz Kubitschek<\/strong>, extrem rechter Publizist und Vordenker einer angeblichen \u201eNeuen\u201c Rechten, \u00fcber den \u201egro\u00dfen Austausch der Deutschen\u201c und die Aush\u00f6hlung \u201edeutscher Werte\u201c. Er ist der Auffassung, dass dem deutschen Volk eine Rechtsordnung aufgezwungen wird, welche nicht die seine ist. Die existentielle Bedrohung des deutschen Volkes soll \u201egrundiert aus einer weltanschaulich gefestigen Bastion heraus\u201c, also aus der DB, abgewehrt werden. \u201eAn diesem Punkt muss die DB ihre historische Aufgabe begreifen und fortsetzen.\u201c Genau diese Rolle nehmen inzwischen viele Burschen ein.<\/p>\n\n\n\n<p>Im Jahr 2015 hatte die Marburger Germania den Vorsitz der DB inne. Sprecher f\u00fcr die DB war der Germane <strong>Torben Braga<\/strong>, der jetzt Beisitzer im Landesvorstand der AfD Th\u00fcringen ist und als Berater und <strong>Presseprecher von Bj\u00f6rn H\u00f6cke<\/strong> fungiert und bei \u00f6ffentlichen Auftritten wie zB. im KZ-Buchenwald als eine Art Leibw\u00e4chter auftritt.<br>Die von Nazis durchsetzte Marburger Burschenschaft Germania wurde bereits im <a href=\"https:\/\/wwnn.noblogs.org\/nazitreff-in-der-lutherstrase\/\">April 2014 <\/a> und <a href=\"https:\/\/naziwatchmarburg.noblogs.org\/warum-die-burschenschaft-germania-kein-naziproblem-hat-sondern-eines-ist\/\">Dezember 2014<\/a> thematisiert. Wenig verwunderlich also, das die AfD-Fraktion aus Th\u00fcringen neben Ann-Katrin Magnitz, stellvertretende Sprecherin der AfD Hochschulgruppe in Kassel, Torben Braga schickte, um eine Zusammenarbeit mit der Neonazi-Initiative \u201eWir lieben Meiningen\u201c auszuloten.<\/p>\n\n\n\n<p>Auf dem Germanenhaus war Braga zu jener Zeit die Nummer 2 hinter ihrem (damaligen) Sprecher <strong>Philipp Stein<\/strong>. Dieser nimmt ebenfalls eine wichtige Position im extrem rechten Netwerk ein. Stein hat zusammen mit G\u00f6tz Kubitschek die \u201eEinProzent\u201c-Bewegung ins Leben gerufen. Diese \u201eNGO f\u00fcr Deutsche\u201c soll rechtsradikale Strukturen im Aufbau unterst\u00fctzen und vernetzen. Hierbei beteiligen sich laut eigenen Angaben Ortsgruppen der IB, die Nazis vom \u201eFreundeskreis Niedersachsen\/Th\u00fcringen\u201c und andere v\u00f6lkische Zusammenh\u00e4nge. Philipp Stein ist zudem inzwischen Verleger geworden. Sein \u201eJung Europa Verlag\u201c, mit Sitz in Dresden (zwischenzeitlich auf dem Haus der Burschenschaft Germania in Marburg), ver\u00f6ffentlichte als erstes ein Werk des franz\u00f6sichischen Faschisten, Antisemiten und Unterst\u00fctzer des Vichy-Regime Pierre Drieu la Rochelle. Dies brachte Philipp Stein und seinem Jung Europa Verlag begeisterten Zuspruch ein, unter anderem von der neonazistischen Kleinstpartei \u201e<strong>Der Dritte Weg<\/strong>\u201e, mit der er \u00fcber Bundesbr\u00fcder wie dem Germanen <strong>Tobias Sauer<\/strong> vernetzt ist.<br>G\u00f6tz Kubischek und Philipp Stein treiben die Organisierung der Identit\u00e4ren Bewegung in Deutschland voran, a\u013as au\u00dferparlamentarischen Arm einer v\u00f6lkischen Bewegung, w\u00e4hrend die AfD die Partei der v\u00f6lkischen Bewegung geworden ist. Andere Marburger Burschen der Germania haben sich wie Torben Braga oder <strong>Maximilian Kolb<\/strong>, Beisitzer im Vorstand der JA Hessen, f\u00fcr die parlamentarische Arbeit in der AfD entschieden. Oder vereinen dies, wie <strong>Nils Grunemann<\/strong> aus Berlin, der schon seit Jahren Kader der Identit\u00e4ren Bewegung in Deutschland und inzwischen bei der Marburger Naziburschenschaft Germania untergekommen ist. Anfang des Jahres 2017 gr\u00fcndete er als stellvertretender Sprecher die <strong>Junge Alternative Marburg-Biedenkopf, <\/strong>gemeinsam mit <strong>Simon B\u00fcssing <\/strong>(Sprecher), der Mitglied der Marburger Burschenschaft Arminia ist und dem Bundestagskandidaten der AfD Marburg-Biedenkopf f\u00fcr die Wahl 2017, <strong>Julian Schmidt<\/strong> (Schatzmeister).<\/p>\n\n\n\n<p>Genau ein solches Wirken hat G\u00f6tz Kubischek in seiner Reden auf dem Burschentag 2015 in Eisenach gefordert. Die akademischen Nazis der DB haben sich an ihre angebliche historische Aufgabe gemacht.<br>Dass Mitte Februar 2017 dann Fotos auftauchen, die Bj\u00f6rn H\u00f6cke im Februar 2010 auf einem j\u00e4hrlichen Naziaufmarsch in Dresden zeigen, f\u00fcr den auch Burschen der Germania Marburg, unter anderem Philipp Stein, einige Jahre sp\u00e4ter mit Hilfe von Flyern in der Mensa warben, passt nur allzu gut ins Bild.<\/p>\n\n\n\n<p>Auch bei dem <strong>Identit\u00e4ren-Rapper <\/strong><em><strong>Komplott<\/strong><\/em> handelt es sich um einen ehemaligen Marburger Studenten und Germania-Burschen, <strong><a href=\"https:\/\/linksunten.indymedia.org\/en\/node\/205381\">Patrick Bass<\/a><\/strong>. Bevor er nach Marburg kam war er <a href=\"https:\/\/naziwatchmarburg.noblogs.org\/warum-die-burschenschaft-germania-kein-naziproblem-hat-sondern-eines-ist\/\">in der Nazikameradschaft AG Schwaben aktiv<\/a>. Ma\u00dfgeblich unters\u00fctzt wird Patrick Bass bei seinem Rap-Projekt von der EinProzent-Bewegung um Philipp Stein und G\u00f6tz Kubischek. Im Interview mit der Internetseite <em>Identit\u00e4re Generation<\/em> \u00e4u\u00dfert sich Patrick Bass wie folgt: \u201eIch w\u00fcnsche euch allen, die ihr \u2013 jeder auf seinem Posten, jeder auf seine Weise \u2013 in der Freiheitsbewegung wirkt, viel Kraft f\u00fcr die kommende Zeit\u201c.<\/p>\n\n\n\n<p>An dieser Aussage verdeutlicht sich \u2013 ob bewusst oder unbewusst \u2013 die Strategie vieler DB-Verbindungen, wie der Marburger Burschenschaft Germania. Sie haben in der v\u00f6lkischen und faschistischen Bewegung in Deutschland ihre Posten eingenommen und bauen diese Postition fortw\u00e4hrend aus.<\/p>\n\n\n\n<p><strong>Nazis und andere Faschist_innen werden also in der AfD und JA und in den ihnen zuarbeitenden au\u00dferparlamentarischen Zirkeln nicht nur geduldet, sondern mit offenen Armen empfangen!<\/strong><\/p>\n\n\n\n<figure class=\"wp-block-image\"><img decoding=\"async\" src=\"https:\/\/stadtlandvolk.noblogs.org\/files\/2017\/04\/h\u00f6ckebraga-1.jpg\" alt=\"\" class=\"wp-image-132\"\/><\/figure>\n\n\n\n<p>(Torben Braga und Bj\u00f6rn H\u00f6cke nachdem dieser Ende Januar Hausverbot in Buchenwald erteilt bekam)<\/p>\n\n\n\n<figure class=\"wp-block-image\"><img decoding=\"async\" src=\"https:\/\/stadtlandvolk.noblogs.org\/files\/2017\/04\/bragastein.jpg\" alt=\"\" class=\"wp-image-133\"\/><\/figure>\n\n\n\n<p>(damaliger DB-Sprecher Braga und sein Stellvertreter Philip Stein&nbsp; 2015 in Eisenach)<\/p>\n\n\n\n<figure class=\"wp-block-image\"><img decoding=\"async\" src=\"https:\/\/stadtlandvolk.noblogs.org\/files\/2017\/04\/Komplott-e1492544769202.png\" alt=\"\" class=\"wp-image-134\"\/><\/figure>\n\n\n\n<p>(hinter dem Identit\u00e4ren-Rapper Komplott\u2026<\/p>\n\n\n\n<figure class=\"wp-block-image\"><img decoding=\"async\" src=\"https:\/\/stadtlandvolk.noblogs.org\/files\/2017\/04\/pb.jpg\" alt=\"\" class=\"wp-image-137\"\/><\/figure>\n\n\n\n<p>\u2026steckt der Marburger Germane Patrick Bass&nbsp; (hier im Hintergrund))<\/p>\n","protected":false},"excerpt":{"rendered":"<p>Bj\u00f6rn H\u00f6cke ist seit geraumer Zeit die Gallionsfigur des extrem rechten Fl\u00fcgels der Alternative f\u00fcr Deutschland (AfD). F\u00fcr ihn ist die Rolle der AfD<\/p>\n","protected":false},"author":1,"featured_media":140,"comment_status":"closed","ping_status":"open","sticky":false,"template":"","format":"standard","meta":{"footnotes":""},"categories":[41],"tags":[10,63,50,61,72,62,59,24,58,11,40,65,31,27,73,69,45,15,51,66,71,47,38,37,44,70,39,67,42,68,60,64],"class_list":["post-139","post","type-post","status-publish","format-standard","has-post-thumbnail","hentry","category-artikel-2017","tag-afd","tag-afd-hochschulgruppe-in-kassel","tag-afd-marburg-biedenkopf","tag-afd-thueringen","tag-ag-schwaben","tag-ann-katrin-magnitz","tag-benjamin-nolte","tag-bjoern-hoecke","tag-danubia-muenchen","tag-deutsche-burschenschaft","tag-einprozent","tag-freundeskreis-niedersachsen-thueringen","tag-goetz-kubitschek","tag-identitaere","tag-indentitaere-generation","tag-iii-weg","tag-julian-schmidt","tag-junge-alternative","tag-junge-alternative-marburg-biedenkopf","tag-jungeuropa-verlag","tag-komplott","tag-marburger-burschenschaft-arminia","tag-marburger-burschenschaft-germania","tag-maximilian-kolb","tag-nils-grunemann","tag-patrick-bass","tag-philip-stein","tag-pierre-drieu-la-rochelle","tag-simon-buessing","tag-tobias-sauer","tag-torben-braga","tag-wir-lieben-meiningen"],"_links":{"self":[{"href":"https:\/\/stadtlandvolk.net\/index.php?rest_route=\/wp\/v2\/posts\/139","targetHints":{"allow":["GET"]}}],"collection":[{"href":"https:\/\/stadtlandvolk.net\/index.php?rest_route=\/wp\/v2\/posts"}],"about":[{"href":"https:\/\/stadtlandvolk.net\/index.php?rest_route=\/wp\/v2\/types\/post"}],"author":[{"embeddable":true,"href":"https:\/\/stadtlandvolk.net\/index.php?rest_route=\/wp\/v2\/users\/1"}],"replies":[{"embeddable":true,"href":"https:\/\/stadtlandvolk.net\/index.php?rest_route=%2Fwp%2Fv2%2Fcomments&post=139"}],"version-history":[{"count":1,"href":"https:\/\/stadtlandvolk.net\/index.php?rest_route=\/wp\/v2\/posts\/139\/revisions"}],"predecessor-version":[{"id":141,"href":"https:\/\/stadtlandvolk.net\/index.php?rest_route=\/wp\/v2\/posts\/139\/revisions\/141"}],"wp:featuredmedia":[{"embeddable":true,"href":"https:\/\/stadtlandvolk.net\/index.php?rest_route=\/wp\/v2\/media\/140"}],"wp:attachment":[{"href":"https:\/\/stadtlandvolk.net\/index.php?rest_route=%2Fwp%2Fv2%2Fmedia&parent=139"}],"wp:term":[{"taxonomy":"category","embeddable":true,"href":"https:\/\/stadtlandvolk.net\/index.php?rest_route=%2Fwp%2Fv2%2Fcategories&post=139"},{"taxonomy":"post_tag","embeddable":true,"href":"https:\/\/stadtlandvolk.net\/index.php?rest_route=%2Fwp%2Fv2%2Ftags&post=139"}],"curies":[{"name":"wp","href":"https:\/\/api.w.org\/{rel}","templated":true}]}}