{"id":136,"date":"2017-04-13T21:22:58","date_gmt":"2017-04-13T19:22:58","guid":{"rendered":"https:\/\/stadtlandvolk.net\/?p=136"},"modified":"2020-09-15T16:40:38","modified_gmt":"2020-09-15T14:40:38","slug":"von-der-ja-hessen-nichts-neues","status":"publish","type":"post","link":"https:\/\/stadtlandvolk.net\/?p=136","title":{"rendered":"Von der JA Hessen nichts neues"},"content":{"rendered":"\n<p class=\"has-text-align-right\"><em>13.04.2017<\/em><\/p>\n\n\n\n<h2 class=\"wp-block-heading\"><strong>Nolte, Flecken, Kolb und Co. treiben Zusammenarbeit mit anderen v\u00f6lkischen Rechten voran<\/strong><\/h2>\n\n\n\n<p><em>Am Samstag den 15.4.2017 l\u00e4dt die <\/em><em><strong>Junge Alternative (JA) Hessen<\/strong><\/em><em> zu einer Vortragsveranstaltung nach M\u00f6ttau im Kreis Weilm\u00fcnster. In der Hessenstra\u00dfe 4 soll <\/em><em><strong>Petr Bystron<\/strong><\/em><em> sprechen, Landesvorsitzender der Alternative f\u00fcr Deutschland (AfD) Bayern und Bundestagskandiat f\u00fcr die Wahl 2017. Mit ihm l\u00e4dt sich die JA Hessen jemanden ein der, wie sie, die Zusammenarbeit mit Neonazis und Faschist_innen nicht scheut.<\/em><\/p>\n\n\n\n<p>Petr Bystron versuchte am 29. Juni in M\u00fcnchen gemeinsam mit zwei einschl\u00e4gig bekannten extrem rechten Aktivisten zu einer AfD-kritischen Veranstaltung zu gelangen.<br>Mit dabei war <strong>Lukas Bals<\/strong>, vormals &#8222;<strong>Die Rechte<\/strong>&#8222;-Kader in Dortmund. Sp\u00e4ter in M\u00fcnchen fiel er als Mitglied der Identit\u00e4ren Bewegung (IB) auf und beteiligte sich beispielsweise an einer Plakataktion der IB-Bayern auf dem Turm der Frauenkirche in M\u00fcnchen. 2014 war er zudem am \u00dcberfall auf die Wahlparty im Dortmunder Rathaus beteiligt. Zusammen mit anderen Neonazis von &#8222;Die Rechte&#8220; griff er dabei anwesende Parlamentarier_innen an. Lukas wurde im Nachgang wegen K\u00f6rperverletzung verurteilt.<br><strong>Rick Wegner<\/strong>, f\u00fchrender Kader des <strong>B\u00fcndnis Deutscher Patrioten<\/strong> (BDP), war der zweite Begleiter Petr Bystrons. Im September 2016 war Wegner, mit anderen BDP-Aktivisten, sowie Lukas Bals an einem Angriff auf Fotografen und Antifaschist_innen am Rande einer spontanen Demonstration gegen eine Wahlparty der AfD Bayern beteiligt.<\/p>\n\n\n\n<p>Die JA Hessen sucht genau wie Petr Bystron den Schulterschluss mit anderen extrem Rechten Kr\u00e4ften. Dementsprechend ist es nur passend, dass sie sich zu ihrem Wahlkampfauftakt jemanden einladen der ganz offen mit gewaltbereiten Neonazis agiert. Ob es nun Naziburschen in der <a href=\"https:\/\/stadtlandvolk.net\/?p=132\">JA Hessen<\/a> sind oder die Zusammenarbeit mit rechten Schl\u00e4gern wie Lukas Bals und Rick Wegner, eines muss klar sein:<\/p>\n\n\n\n<p><strong>Egal ob in der Stadt oder auf dem Land, die v\u00f6lkische Bewegung muss mit allen zur Verf\u00fcgung stehenden Mitteln bek\u00e4mpft werden!<\/strong><\/p>\n","protected":false},"excerpt":{"rendered":"<p>Nolte, Flecken, Kolb und Co. treiben Zusammenarbeit mit anderen v\u00f6lkischen Rechten voran<\/p>\n","protected":false},"author":1,"featured_media":19,"comment_status":"closed","ping_status":"open","sticky":false,"template":"","format":"standard","meta":{"footnotes":""},"categories":[41],"tags":[10,56,33,27,19,15,53,55,37,54,57],"class_list":["post-136","post","type-post","status-publish","format-standard","has-post-thumbnail","hentry","category-artikel-2017","tag-afd","tag-die-rechte","tag-fabian-flecken","tag-identitaere","tag-jan-nolte","tag-junge-alternative","tag-junge-alternative-hessen","tag-lukas-bals","tag-maximilian-kolb","tag-petr-bystron","tag-rick-wegner"],"_links":{"self":[{"href":"https:\/\/stadtlandvolk.net\/index.php?rest_route=\/wp\/v2\/posts\/136","targetHints":{"allow":["GET"]}}],"collection":[{"href":"https:\/\/stadtlandvolk.net\/index.php?rest_route=\/wp\/v2\/posts"}],"about":[{"href":"https:\/\/stadtlandvolk.net\/index.php?rest_route=\/wp\/v2\/types\/post"}],"author":[{"embeddable":true,"href":"https:\/\/stadtlandvolk.net\/index.php?rest_route=\/wp\/v2\/users\/1"}],"replies":[{"embeddable":true,"href":"https:\/\/stadtlandvolk.net\/index.php?rest_route=%2Fwp%2Fv2%2Fcomments&post=136"}],"version-history":[{"count":2,"href":"https:\/\/stadtlandvolk.net\/index.php?rest_route=\/wp\/v2\/posts\/136\/revisions"}],"predecessor-version":[{"id":138,"href":"https:\/\/stadtlandvolk.net\/index.php?rest_route=\/wp\/v2\/posts\/136\/revisions\/138"}],"wp:featuredmedia":[{"embeddable":true,"href":"https:\/\/stadtlandvolk.net\/index.php?rest_route=\/wp\/v2\/media\/19"}],"wp:attachment":[{"href":"https:\/\/stadtlandvolk.net\/index.php?rest_route=%2Fwp%2Fv2%2Fmedia&parent=136"}],"wp:term":[{"taxonomy":"category","embeddable":true,"href":"https:\/\/stadtlandvolk.net\/index.php?rest_route=%2Fwp%2Fv2%2Fcategories&post=136"},{"taxonomy":"post_tag","embeddable":true,"href":"https:\/\/stadtlandvolk.net\/index.php?rest_route=%2Fwp%2Fv2%2Ftags&post=136"}],"curies":[{"name":"wp","href":"https:\/\/api.w.org\/{rel}","templated":true}]}}