{"id":1014,"date":"2025-05-23T13:41:44","date_gmt":"2025-05-23T11:41:44","guid":{"rendered":"https:\/\/stadtlandvolk.net\/?p=1014"},"modified":"2025-05-23T13:41:44","modified_gmt":"2025-05-23T11:41:44","slug":"nazi-burschen-geoutet","status":"publish","type":"post","link":"https:\/\/stadtlandvolk.net\/?p=1014","title":{"rendered":"nazi-burschen geoutet"},"content":{"rendered":"\n<p>Quelle <a href=\"https:\/\/de.indymedia.org\/node\/510017\">Indymedia<\/a> (15.05.2025)<br><br><\/p>\n\n\n\n<figure class=\"wp-block-gallery has-nested-images columns-default is-cropped wp-block-gallery-1 is-layout-flex wp-block-gallery-is-layout-flex\">\n<figure class=\"wp-block-image size-large\"><img loading=\"lazy\" decoding=\"async\" width=\"103\" height=\"169\" data-id=\"982\" src=\"https:\/\/stadtlandvolk.net\/wp-content\/uploads\/2025\/05\/Gotzel_Burschentag2024.jpg\" alt=\"\" class=\"wp-image-982\"\/><\/figure>\n\n\n\n<figure class=\"wp-block-image size-large\"><img loading=\"lazy\" decoding=\"async\" width=\"717\" height=\"1024\" data-id=\"983\" src=\"https:\/\/stadtlandvolk.net\/wp-content\/uploads\/2025\/05\/Gotzel_Profilbild-717x1024.jpeg\" alt=\"\" class=\"wp-image-983\" srcset=\"https:\/\/stadtlandvolk.net\/wp-content\/uploads\/2025\/05\/Gotzel_Profilbild-717x1024.jpeg 717w, https:\/\/stadtlandvolk.net\/wp-content\/uploads\/2025\/05\/Gotzel_Profilbild-210x300.jpeg 210w, https:\/\/stadtlandvolk.net\/wp-content\/uploads\/2025\/05\/Gotzel_Profilbild.jpeg 750w\" sizes=\"auto, (max-width: 717px) 100vw, 717px\" \/><\/figure>\n<\/figure>\n\n\n\n<p><strong>Name: Jonathan G\u00f6tzel<\/strong><br>Telefonnummer: 01577 3608900<br>Der aus Kirchhain stammende G\u00f6tzel studiert Politikwissenschaften an der Philipps-Universit\u00e4t Marburg.<br>Er ist Mitglied der Marburger Burschenschaft Germania. Vom 23.05.2024 bis 25.05.2024 nahm er am Burschentag in Eisenach teil, ebenso war er am 15.06.2024 teil der Wanderung der Jungen Alternativen Hessen.<br><br><\/p>\n\n\n\n<figure class=\"wp-block-image size-large\"><img loading=\"lazy\" decoding=\"async\" width=\"468\" height=\"1024\" src=\"https:\/\/stadtlandvolk.net\/wp-content\/uploads\/2025\/05\/Lukas_Lang_Portrait_2-468x1024.jpeg\" alt=\"\" class=\"wp-image-986\" srcset=\"https:\/\/stadtlandvolk.net\/wp-content\/uploads\/2025\/05\/Lukas_Lang_Portrait_2-468x1024.jpeg 468w, https:\/\/stadtlandvolk.net\/wp-content\/uploads\/2025\/05\/Lukas_Lang_Portrait_2-137x300.jpeg 137w, https:\/\/stadtlandvolk.net\/wp-content\/uploads\/2025\/05\/Lukas_Lang_Portrait_2.jpeg 528w\" sizes=\"auto, (max-width: 468px) 100vw, 468px\" \/><\/figure>\n\n\n\n<p><strong>Name: Lukas Lang<\/strong><br>Geburtsdatum: 29.07.2002<br>Telefonnummer: 015223415380<br>Er studiert Jura an der Philipps-Universit\u00e4t Marburg.<br>Lukas Lang ist im Sommersemester 2023 der Marburger Burschenschaft Germania beigetreten. Im Wintersemester 2023\/2024 war er Schriftwart der Marburger Burschenschaft Germania. Am 15.06.2024 nahm er an der Wanderung der Jungen Alternativen Hessen teil. Lang besuchte bis zur 13. Klasse (2022) die Freie Gemeinschaftliche Schule Maria Montessori in Freiberg. Zu seiner Schulzeit fiel er schon mit sexistischen und rassistischen Aussagen auf.<br><br><\/p>\n\n\n\n<figure class=\"wp-block-gallery has-nested-images columns-default is-cropped wp-block-gallery-2 is-layout-flex wp-block-gallery-is-layout-flex\">\n<figure class=\"wp-block-image size-large\"><img loading=\"lazy\" decoding=\"async\" width=\"489\" height=\"1024\" data-id=\"988\" src=\"https:\/\/stadtlandvolk.net\/wp-content\/uploads\/2025\/05\/Pott_Portrait-489x1024.png\" alt=\"\" class=\"wp-image-988\" srcset=\"https:\/\/stadtlandvolk.net\/wp-content\/uploads\/2025\/05\/Pott_Portrait-489x1024.png 489w, https:\/\/stadtlandvolk.net\/wp-content\/uploads\/2025\/05\/Pott_Portrait-143x300.png 143w, https:\/\/stadtlandvolk.net\/wp-content\/uploads\/2025\/05\/Pott_Portrait.png 562w\" sizes=\"auto, (max-width: 489px) 100vw, 489px\" \/><\/figure>\n\n\n\n<figure class=\"wp-block-image size-large\"><img loading=\"lazy\" decoding=\"async\" width=\"101\" height=\"253\" data-id=\"987\" src=\"https:\/\/stadtlandvolk.net\/wp-content\/uploads\/2025\/05\/Pott_Burschentag2024.jpg\" alt=\"\" class=\"wp-image-987\"\/><\/figure>\n<\/figure>\n\n\n\n<p><strong>Name: Tilman Pott<\/strong><br>Geburtsdatum:30.06.2003<br>Der aus \u201eHomberg Ohm\u201c stammende Pott hat seinen Schulabschluss an der Kaufm\u00e4nnischen Schule Marburg gemacht. Nun studiert er Politikwissenschaften an der Philipps Universit\u00e4t Marburg.<br>2023 \/ 2024 nahm er am Burschentag in Eisenach teil. Am 15.06.2024 nahm er\u00a0 an der Wanderung der Jungen Alternativen Hessen teil. Seinen Fuxenvortrag hielt Pott \u00fcber Freikorps und deren Einsatz im Baltikum.<\/p>\n\n\n\n<p>Die Marburger Burschenschaft Germania (Lutherstra\u00dfe 3, 35037 Marburg) ist ein Lebensbund und muss als rechter Formungs- und Schulungsort verstanden werden, deren St\u00e4rke darin liegt, junge rechte M\u00e4nner im eigenen Sinne auszubilden und deren Charakter zu formen. Durch die ritualisierte und brauchtumsbezogene Sozialisation in der Burschenschaft werden die einzelnen Mitglieder in puncto M\u00e4nnlichkeit, Unterordnung und H\u00e4rte zugerichtet, w\u00e4hrend gleichzeitig eine inhaltliche Ausbildung stattfindet. Ihr Haus wird als neonazistischer Veranstaltungsort genutzt: Eingeladen werden Holocaust Leugner, wie Gerard Menuhin, im Jahr 2007 oder auch der schwedische Neonazi, Kampfsportler und Incel-Aktivis Marcus Follin, im Jahr 2022. In der Nacht vom 13. auf den 14. Juni 2020 griffen Mitglieder der Marbuger Burschenschaft Germania die Schwarzburgbund-Verbindung Frankonia Marburg an. Es vielen Worte wie: \u201eJudensau\u201c und \u201eDich sollte man vergasen\u201c. Sp\u00e4ter in der Nacht wurde das Haus der Frankonia Marburg verw\u00fcstet. Die T\u00e4ter f\u00fchrten einen Rammbock, Totschl\u00e4ger, Messer und Pfefferspray mit sich. Die Mitglieder der Marburger Burschenschaft Germania finanzieren extrem rechte Strukturen, bilden Nachwuchs aus\u00a0 verbreiten ihre menschenverachtende Ideologie und greifen regelm\u00e4\u00dfig Menschen die nicht in ihr Weltbild passen an. Das und nichts anderes ist ihre \u201eTradition\u201c!<br>Am 15.06.2024 nahmen die aktiven Mitglieder der Marburger Burschenschaft Germania geschlossen an der Wanderung der Jungen Alternativen Hessen teil.<\/p>\n\n\n\n<p><br>Weitere Infos gerne an <a href=\"http:\/\/lebensbund.org\">lebensbund.org<\/a><\/p>\n\n\n\n<p>GERMANE SEIN HEISST NAZI SEIN!<br>NAZI SEIN HEISST HIER PROBLEME KRIEGEN!<\/p>\n\n\n\n<div data-wp-interactive=\"core\/file\" class=\"wp-block-file\"><object data-wp-bind--hidden=\"!state.hasPdfPreview\" hidden class=\"wp-block-file__embed\" data=\"https:\/\/stadtlandvolk.net\/wp-content\/uploads\/2025\/05\/Jonathan_Gotzel.pdf\" type=\"application\/pdf\" style=\"width:100%;height:600px\" aria-label=\"Einbettung von Jonathan_Gotzel.\"><\/object><a id=\"wp-block-file--media-5fc3fbf3-65e6-4768-b107-11335e2b3b10\" href=\"https:\/\/stadtlandvolk.net\/wp-content\/uploads\/2025\/05\/Jonathan_Gotzel.pdf\">Jonathan_Gotzel<\/a><a href=\"https:\/\/stadtlandvolk.net\/wp-content\/uploads\/2025\/05\/Jonathan_Gotzel.pdf\" class=\"wp-block-file__button wp-element-button\" download aria-describedby=\"wp-block-file--media-5fc3fbf3-65e6-4768-b107-11335e2b3b10\">Herunterladen<\/a><\/div>\n\n\n\n<div data-wp-interactive=\"core\/file\" class=\"wp-block-file\"><object data-wp-bind--hidden=\"!state.hasPdfPreview\" hidden class=\"wp-block-file__embed\" data=\"https:\/\/stadtlandvolk.net\/wp-content\/uploads\/2025\/05\/Lukas_Lang.pdf\" type=\"application\/pdf\" style=\"width:100%;height:600px\" aria-label=\"Einbettung von Lukas_Lang.\"><\/object><a id=\"wp-block-file--media-6e1d865c-bd25-4027-bda4-415b645651be\" href=\"https:\/\/stadtlandvolk.net\/wp-content\/uploads\/2025\/05\/Lukas_Lang.pdf\">Lukas_Lang<\/a><a href=\"https:\/\/stadtlandvolk.net\/wp-content\/uploads\/2025\/05\/Lukas_Lang.pdf\" class=\"wp-block-file__button wp-element-button\" download aria-describedby=\"wp-block-file--media-6e1d865c-bd25-4027-bda4-415b645651be\">Herunterladen<\/a><\/div>\n\n\n\n<div data-wp-interactive=\"core\/file\" class=\"wp-block-file\"><object data-wp-bind--hidden=\"!state.hasPdfPreview\" hidden class=\"wp-block-file__embed\" data=\"https:\/\/stadtlandvolk.net\/wp-content\/uploads\/2025\/05\/Tilman_Pott.pdf\" type=\"application\/pdf\" style=\"width:100%;height:600px\" aria-label=\"Einbettung von Tilman_Pott.\"><\/object><a id=\"wp-block-file--media-c6a5f684-da3b-4ea6-b63b-48060258aedc\" href=\"https:\/\/stadtlandvolk.net\/wp-content\/uploads\/2025\/05\/Tilman_Pott.pdf\">Tilman_Pott<\/a><a href=\"https:\/\/stadtlandvolk.net\/wp-content\/uploads\/2025\/05\/Tilman_Pott.pdf\" class=\"wp-block-file__button wp-element-button\" download aria-describedby=\"wp-block-file--media-c6a5f684-da3b-4ea6-b63b-48060258aedc\">Herunterladen<\/a><\/div>\n","protected":false},"excerpt":{"rendered":"<p>Quelle Indymedia (15.05.2025) Name: Jonathan G\u00f6tzelTelefonnummer: 01577 3608900Der aus Kirchhain stammende G\u00f6tzel studiert Politikwissenschaften an der Philipps-Universit\u00e4t Marburg.Er ist Mitglied der Marburger Burschenschaft Germania. Vom 23.05.2024 bis 25.05.2024 nahm er am Burschentag in Eisenach teil, ebenso war er am 15.06.2024 teil der Wanderung der Jungen Alternativen Hessen. Name: Lukas LangGeburtsdatum: 29.07.2002Telefonnummer: 015223415380Er studiert Jura an der Philipps-Universit\u00e4t Marburg.Lukas Lang ist im Sommersemester 2023 der Marburger Burschenschaft Germania beigetreten. Im Wintersemester 2023\/2024 war er Schriftwart der Marburger Burschenschaft Germania. Am 15.06.2024 nahm er an der Wanderung der Jungen Alternativen Hessen teil. Lang besuchte bis zur 13. Klasse (2022) die Freie Gemeinschaftliche Schule Maria Montessori in Freiberg. Zu seiner Schulzeit fiel er schon mit sexistischen und rassistischen Aussagen auf. Name: Tilman PottGeburtsdatum:30.06.2003Der aus \u201eHomberg Ohm\u201c stammende Pott hat seinen Schulabschluss an der Kaufm\u00e4nnischen Schule Marburg gemacht. Nun studiert er Politikwissenschaften an der Philipps Universit\u00e4t Marburg.2023 \/ 2024 nahm er am Burschentag in Eisenach teil. Am 15.06.2024 nahm er\u00a0 an der Wanderung der Jungen Alternativen Hessen teil. Seinen Fuxenvortrag hielt Pott \u00fcber Freikorps und deren Einsatz im Baltikum. Die Marburger Burschenschaft Germania (Lutherstra\u00dfe 3, 35037 Marburg) ist ein Lebensbund und muss als rechter Formungs- und Schulungsort verstanden werden, deren St\u00e4rke darin liegt, junge [&#8230;]<\/p>\n","protected":false},"author":1,"featured_media":19,"comment_status":"closed","ping_status":"open","sticky":false,"template":"","format":"standard","meta":{"footnotes":""},"categories":[1,1231,122],"tags":[1257,260,1254,1255,38,1256],"class_list":["post-1014","post","type-post","status-publish","format-standard","has-post-thumbnail","hentry","category-allgemein","category-artikel-2025","category-outings-studentenverbindungen","tag-gerard-menuhin","tag-ja-hessen","tag-jonathan-goetzel","tag-lukas-lang","tag-marburger-burschenschaft-germania","tag-tilman-pott"],"_links":{"self":[{"href":"https:\/\/stadtlandvolk.net\/index.php?rest_route=\/wp\/v2\/posts\/1014","targetHints":{"allow":["GET"]}}],"collection":[{"href":"https:\/\/stadtlandvolk.net\/index.php?rest_route=\/wp\/v2\/posts"}],"about":[{"href":"https:\/\/stadtlandvolk.net\/index.php?rest_route=\/wp\/v2\/types\/post"}],"author":[{"embeddable":true,"href":"https:\/\/stadtlandvolk.net\/index.php?rest_route=\/wp\/v2\/users\/1"}],"replies":[{"embeddable":true,"href":"https:\/\/stadtlandvolk.net\/index.php?rest_route=%2Fwp%2Fv2%2Fcomments&post=1014"}],"version-history":[{"count":2,"href":"https:\/\/stadtlandvolk.net\/index.php?rest_route=\/wp\/v2\/posts\/1014\/revisions"}],"predecessor-version":[{"id":1016,"href":"https:\/\/stadtlandvolk.net\/index.php?rest_route=\/wp\/v2\/posts\/1014\/revisions\/1016"}],"wp:featuredmedia":[{"embeddable":true,"href":"https:\/\/stadtlandvolk.net\/index.php?rest_route=\/wp\/v2\/media\/19"}],"wp:attachment":[{"href":"https:\/\/stadtlandvolk.net\/index.php?rest_route=%2Fwp%2Fv2%2Fmedia&parent=1014"}],"wp:term":[{"taxonomy":"category","embeddable":true,"href":"https:\/\/stadtlandvolk.net\/index.php?rest_route=%2Fwp%2Fv2%2Fcategories&post=1014"},{"taxonomy":"post_tag","embeddable":true,"href":"https:\/\/stadtlandvolk.net\/index.php?rest_route=%2Fwp%2Fv2%2Ftags&post=1014"}],"curies":[{"name":"wp","href":"https:\/\/api.w.org\/{rel}","templated":true}]}}